{"id":10632,"date":"2024-11-19T17:41:30","date_gmt":"2024-11-19T16:41:30","guid":{"rendered":"https:\/\/wohnprojekt.wohnprojektbadbramstedt.de\/?p=10632"},"modified":"2024-11-21T11:27:18","modified_gmt":"2024-11-21T10:27:18","slug":"fotografien-aus-spannenden-blickwinkeln-neue-treppenhausausstellung-im-haus-an-den-auen","status":"publish","type":"post","link":"https:\/\/wohnprojektbadbramstedt.de\/?p=10632","title":{"rendered":"Fotografien aus spannenden Blickwinkeln:  neue Treppenhausausstellung im \u201eHaus an den Auen\u201c"},"content":{"rendered":"<div id=\"attachment_10634\" style=\"width: 278px\" class=\"wp-caption alignleft\"><a href=\"https:\/\/wohnprojektbadbramstedt.de\/wp-content\/uploads\/2024\/11\/Dirk-0878d.jpg\"><img loading=\"lazy\" decoding=\"async\" aria-describedby=\"caption-attachment-10634\" class=\"size-medium wp-image-10634\" src=\"https:\/\/wohnprojektbadbramstedt.de\/wp-content\/uploads\/2024\/11\/Dirk-0878d-268x300.jpg\" alt=\"\" width=\"268\" height=\"300\" srcset=\"https:\/\/wohnprojektbadbramstedt.de\/wp-content\/uploads\/2024\/11\/Dirk-0878d-268x300.jpg 268w, https:\/\/wohnprojektbadbramstedt.de\/wp-content\/uploads\/2024\/11\/Dirk-0878d.jpg 558w\" sizes=\"auto, (max-width: 268px) 100vw, 268px\" \/><\/a><p id=\"caption-attachment-10634\" class=\"wp-caption-text\">Dirk M\u00f6hle<\/p><\/div>\n<p>Unsere Mitbewohner im Haus an den Auen, Graham Sharp und Dirk M\u00f6hle, seit langer Zeit passionierte Hobbyfotografen, haben unsere Treppenhausgalerie mit teils allt\u00e4glichen Motiven, aber auch aus den Themengebieten Urlaub und Sport aus jeweils erstaunlich anderer Perspektive bereichert.<\/p>\n<p>Sie selbst sagen, dass sie ihre unterschiedlichsten Motive teils konkret, teils abstrakt, teils nat\u00fcrlich, verfremdet oder unscharf eingefangen und bearbeitet haben. Als Motive zeigen sie neben Urlaubsimpressionen aus D\u00e4nemark und Sportereignissen mit dem Untertitel: Haus und Hof auch das Haus an den Auen und seine Umgebung.<\/p>\n<div id=\"attachment_10635\" style=\"width: 310px\" class=\"wp-caption alignleft\"><a href=\"https:\/\/wohnprojektbadbramstedt.de\/wp-content\/uploads\/2024\/11\/DSC_5431-2-768x513-1.gif\"><img loading=\"lazy\" decoding=\"async\" aria-describedby=\"caption-attachment-10635\" class=\"size-medium wp-image-10635\" src=\"https:\/\/wohnprojektbadbramstedt.de\/wp-content\/uploads\/2024\/11\/DSC_5431-2-768x513-1-300x200.gif\" alt=\"\" width=\"300\" height=\"200\" \/><\/a><p id=\"caption-attachment-10635\" class=\"wp-caption-text\">Graham Sharp<\/p><\/div>\n<p>Die Fotografen erl\u00e4utern: <em>\u201eGemeinsam ist den Exponaten die Idee, etwas Besonderes im Profanen zu sehen, also einen speziellen Blickwinkel einzunehmen: Nichts ist einfach nur sch\u00f6n und Nichts ist einfach nur h\u00e4sslich, Nichts ist uninteressant oder belanglos. <\/em><em>Beim genauen Hinsehen ist Alles bemerkenswert!\u201c <\/em>Vielleicht geht es Ihnen und Euch beim Betrachten der Bilder ja ganz \u00e4hnlich!\u201c<\/p>\n<p>Sie sind herzlich eingeladen zum Betrachten dieser besonderen, bemerkenswerten Fotografie Ausstellung! Kommen Sie auch gern zur <strong>Vernissage am Freitag, den 29.11.24 ab 15.00<\/strong> mit Kaffee und Kuchen. Ab 16.00 Uhr finden F\u00fchrungen durch die Ausstellung des Fotografen statt!<\/p>\n<div id=\"attachment_10638\" style=\"width: 210px\" class=\"wp-caption alignleft\"><a href=\"https:\/\/wohnprojektbadbramstedt.de\/wp-content\/uploads\/2024\/11\/DSC_5875-scaled.jpg\"><img loading=\"lazy\" decoding=\"async\" aria-describedby=\"caption-attachment-10638\" class=\"wp-image-10638 size-medium\" src=\"https:\/\/wohnprojektbadbramstedt.de\/wp-content\/uploads\/2024\/11\/DSC_5875-200x300.jpg\" alt=\"\" width=\"200\" height=\"300\" srcset=\"https:\/\/wohnprojektbadbramstedt.de\/wp-content\/uploads\/2024\/11\/DSC_5875-200x300.jpg 200w, https:\/\/wohnprojektbadbramstedt.de\/wp-content\/uploads\/2024\/11\/DSC_5875-684x1024.jpg 684w, https:\/\/wohnprojektbadbramstedt.de\/wp-content\/uploads\/2024\/11\/DSC_5875-768x1151.jpg 768w, https:\/\/wohnprojektbadbramstedt.de\/wp-content\/uploads\/2024\/11\/DSC_5875-1025x1536.jpg 1025w, https:\/\/wohnprojektbadbramstedt.de\/wp-content\/uploads\/2024\/11\/DSC_5875-1367x2048.jpg 1367w, https:\/\/wohnprojektbadbramstedt.de\/wp-content\/uploads\/2024\/11\/DSC_5875-scaled.jpg 1709w\" sizes=\"auto, (max-width: 200px) 100vw, 200px\" \/><\/a><p id=\"caption-attachment-10638\" class=\"wp-caption-text\">&#8222;Himmelblau&#8220;<\/p><\/div>\n<p>Unsere Treppenhausgalerie in der Oskar-Alexander-Str. 24\u00a0 ist t\u00e4glich von 8.00 bis 20.00 frei zug\u00e4nglich. Die Bilder k\u00f6nnen k\u00e4uflich erworben werden.<\/p>\n<p>Graham Sharp und Dirk M\u00f6hle sind telefonisch erreichbar und freuen sich \u00fcber Ihre Anfragen: Graham Sharp: 04192 899521; Dirk M\u00f6hle: 04192 9932<\/p>\n<p>Am Rande: dies ist bereits die 11. Ausstellung seit Anfang 2020, die unsere Bewohnerin Gabi Birke f\u00fcr die K\u00fcnstler, die Besucher und unsere Gemeinschaft organisiert hat. Die Ausstellung \u00fcber drei Etagen findet immer gro\u00dfe Resonanz und als Nebeneffekt ein Kennenlernen unseres sch\u00f6nen Wohnprojekts.<\/p>\n<div id=\"attachment_10637\" style=\"width: 650px\" class=\"wp-caption alignleft\"><a href=\"https:\/\/wohnprojektbadbramstedt.de\/wp-content\/uploads\/2024\/11\/Wooden-Ships.jpg\"><img loading=\"lazy\" decoding=\"async\" aria-describedby=\"caption-attachment-10637\" class=\"size-large wp-image-10637\" src=\"https:\/\/wohnprojektbadbramstedt.de\/wp-content\/uploads\/2024\/11\/Wooden-Ships-1024x688.jpg\" alt=\"\" width=\"640\" height=\"430\" srcset=\"https:\/\/wohnprojektbadbramstedt.de\/wp-content\/uploads\/2024\/11\/Wooden-Ships-1024x688.jpg 1024w, https:\/\/wohnprojektbadbramstedt.de\/wp-content\/uploads\/2024\/11\/Wooden-Ships-300x202.jpg 300w, https:\/\/wohnprojektbadbramstedt.de\/wp-content\/uploads\/2024\/11\/Wooden-Ships-768x516.jpg 768w, https:\/\/wohnprojektbadbramstedt.de\/wp-content\/uploads\/2024\/11\/Wooden-Ships-1536x1032.jpg 1536w, https:\/\/wohnprojektbadbramstedt.de\/wp-content\/uploads\/2024\/11\/Wooden-Ships.jpg 1974w\" sizes=\"auto, (max-width: 640px) 100vw, 640px\" \/><\/a><p id=\"caption-attachment-10637\" class=\"wp-caption-text\">&#8222;Wooden Ships&#8220;<\/p><\/div>\n","protected":false},"excerpt":{"rendered":"<p>Unsere Mitbewohner im Haus an den Auen, Graham Sharp und Dirk M\u00f6hle, seit langer Zeit passionierte Hobbyfotografen, haben unsere Treppenhausgalerie mit teils allt\u00e4glichen Motiven, aber auch aus den Themengebieten Urlaub und Sport aus jeweils erstaunlich anderer Perspektive bereichert. Sie selbst &hellip; <a href=\"https:\/\/wohnprojektbadbramstedt.de\/?p=10632\">Weiterlesen <span class=\"meta-nav\">&rarr;<\/span><\/a><\/p>\n","protected":false},"author":1,"featured_media":0,"comment_status":"closed","ping_status":"closed","sticky":false,"template":"","format":"standard","meta":{"footnotes":""},"categories":[1,64],"tags":[13,56,70,18,19],"class_list":["post-10632","post","type-post","status-publish","format-standard","hentry","category-allgemein","category-kunstausstellung","tag-bad-bramstedt","tag-fotografie","tag-galerie","tag-nachbarschaftlich","tag-wohnprojekt"],"_links":{"self":[{"href":"https:\/\/wohnprojektbadbramstedt.de\/index.php?rest_route=\/wp\/v2\/posts\/10632","targetHints":{"allow":["GET"]}}],"collection":[{"href":"https:\/\/wohnprojektbadbramstedt.de\/index.php?rest_route=\/wp\/v2\/posts"}],"about":[{"href":"https:\/\/wohnprojektbadbramstedt.de\/index.php?rest_route=\/wp\/v2\/types\/post"}],"author":[{"embeddable":true,"href":"https:\/\/wohnprojektbadbramstedt.de\/index.php?rest_route=\/wp\/v2\/users\/1"}],"replies":[{"embeddable":true,"href":"https:\/\/wohnprojektbadbramstedt.de\/index.php?rest_route=%2Fwp%2Fv2%2Fcomments&post=10632"}],"version-history":[{"count":17,"href":"https:\/\/wohnprojektbadbramstedt.de\/index.php?rest_route=\/wp\/v2\/posts\/10632\/revisions"}],"predecessor-version":[{"id":10655,"href":"https:\/\/wohnprojektbadbramstedt.de\/index.php?rest_route=\/wp\/v2\/posts\/10632\/revisions\/10655"}],"wp:attachment":[{"href":"https:\/\/wohnprojektbadbramstedt.de\/index.php?rest_route=%2Fwp%2Fv2%2Fmedia&parent=10632"}],"wp:term":[{"taxonomy":"category","embeddable":true,"href":"https:\/\/wohnprojektbadbramstedt.de\/index.php?rest_route=%2Fwp%2Fv2%2Fcategories&post=10632"},{"taxonomy":"post_tag","embeddable":true,"href":"https:\/\/wohnprojektbadbramstedt.de\/index.php?rest_route=%2Fwp%2Fv2%2Ftags&post=10632"}],"curies":[{"name":"wp","href":"https:\/\/api.w.org\/{rel}","templated":true}]}}