{"id":10717,"date":"2024-12-30T13:10:54","date_gmt":"2024-12-30T12:10:54","guid":{"rendered":"https:\/\/wohnprojekt.wohnprojektbadbramstedt.de\/?p=10717"},"modified":"2024-12-30T13:22:33","modified_gmt":"2024-12-30T12:22:33","slug":"was-tun-gegen-starkregen-und-hochwasser","status":"publish","type":"post","link":"https:\/\/wohnprojektbadbramstedt.de\/?p=10717","title":{"rendered":"Was tun gegen Starkregen und Hochwasser?"},"content":{"rendered":"<div id=\"attachment_10237\" style=\"width: 310px\" class=\"wp-caption alignleft\"><a href=\"https:\/\/wohnprojektbadbramstedt.de\/wp-content\/uploads\/2024\/01\/IMG_20231230_141732-Absperrung-scaled.jpg\"><img loading=\"lazy\" decoding=\"async\" aria-describedby=\"caption-attachment-10237\" class=\"size-medium wp-image-10237\" src=\"https:\/\/wohnprojektbadbramstedt.de\/wp-content\/uploads\/2024\/01\/IMG_20231230_141732-Absperrung-300x135.jpg\" alt=\"\" width=\"300\" height=\"135\" srcset=\"https:\/\/wohnprojektbadbramstedt.de\/wp-content\/uploads\/2024\/01\/IMG_20231230_141732-Absperrung-300x135.jpg 300w, https:\/\/wohnprojektbadbramstedt.de\/wp-content\/uploads\/2024\/01\/IMG_20231230_141732-Absperrung-1024x461.jpg 1024w, https:\/\/wohnprojektbadbramstedt.de\/wp-content\/uploads\/2024\/01\/IMG_20231230_141732-Absperrung-768x346.jpg 768w, https:\/\/wohnprojektbadbramstedt.de\/wp-content\/uploads\/2024\/01\/IMG_20231230_141732-Absperrung-1536x692.jpg 1536w, https:\/\/wohnprojektbadbramstedt.de\/wp-content\/uploads\/2024\/01\/IMG_20231230_141732-Absperrung-2048x923.jpg 2048w\" sizes=\"auto, (max-width: 300px) 100vw, 300px\" \/><\/a><p id=\"caption-attachment-10237\" class=\"wp-caption-text\">Gesperrt! der Wanderweg zum Haus an den Auen (im Hintergrund) ist bei Hochwasser unzug\u00e4nglich.<\/p><\/div>\n<p>Unser wundersch\u00f6nes park\u00e4hnliches <a href=\"https:\/\/maps.app.goo.gl\/Kzu9gBTa3wKY7aHD9\">Grundst\u00fcck<\/a> liegt direkt am Rande des Auentals in dem die Ohlau und die Schmalfelder Au in die Hudau fliessen. Die Br\u00fccke, die die Fusswege verbindet und entlang der Gew\u00e4sser in die Stadt f\u00fchrt, heisst deshalb auch &#8222;Drei-Auen-Br\u00fccke&#8220;.<\/p>\n<p>Zwei bis dreimal im Jahr treten die Auen \u00fcber die Ufer und wir schauen auf eine sch\u00f6ne Seenlandschaft, siehe <a href=\"https:\/\/wohnprojektbadbramstedt.de\/?p=10240\">\u00e4ltere Beitr\u00e4ge<\/a>. Da unser Grundst\u00fcck etwas erh\u00f6ht ist und die Auen gro\u00dfe Fl\u00e4chen haben, zu denen das Wasser ausweichen kann, hatten wir uns bisher noch nicht viele Gedanken \u00fcber &#8222;nasse F\u00fc\u00dfe&#8220; gemacht. Aber angesichts der zunehmenden Starkregenereignisse und \u00dcberschwemmungen wollten wir doch wissen, ob es kurz- oder l\u00e4ngerfristige Handlungsbedarf f\u00fcr unsere H\u00e4user gibt.<\/p>\n<p>So nahmen wir Kontakt zu dem Spezialistenteam des <a href=\"https:\/\/www.wvk.sh\/wasserwirtschaft\/\">Wasser- und Verkehrskontors Neum\u00fcnster<\/a> auf und baten sie um eine fundierte Einsch\u00e4tzung m\u00f6glicher Gefahren. Die Fachleute haben die entsprechenden Karten ausgewertet und wir haben uns vor Ort die Situation angesehen. Der Schwachpunkt ist die Leistungsf\u00e4higkeit der Siele in unserm Garagenhof und der ableitenden Rohre, so dass wir dort im Fr\u00fchjahr ein weiteres Siel einbauen werden &#8211; das m\u00fcsste dann auch f\u00fcr die n\u00e4chsten Jahre reichen.<\/p>\n<p>Die erfreuliche Nachricht: bei steigenden Pegelst\u00e4nden m\u00fcssen wir uns f\u00fcr die n\u00e4chste Jahrzehnte wohl noch keine Sorgen machen, hier liegen wir noch fast zwei Meter \u00fcber dem bisher maximalen Hochwasserstand.<\/p>\n<div id=\"attachment_10718\" style=\"width: 650px\" class=\"wp-caption alignright\"><a href=\"https:\/\/wohnprojektbadbramstedt.de\/wp-content\/uploads\/2024\/12\/IMG_20241114_143213-klein-scaled.jpg\"><img loading=\"lazy\" decoding=\"async\" aria-describedby=\"caption-attachment-10718\" class=\"wp-image-10718 size-large\" src=\"https:\/\/wohnprojektbadbramstedt.de\/wp-content\/uploads\/2024\/12\/IMG_20241114_143213-klein-1024x690.jpg\" alt=\"\" width=\"640\" height=\"431\" srcset=\"https:\/\/wohnprojektbadbramstedt.de\/wp-content\/uploads\/2024\/12\/IMG_20241114_143213-klein-1024x690.jpg 1024w, https:\/\/wohnprojektbadbramstedt.de\/wp-content\/uploads\/2024\/12\/IMG_20241114_143213-klein-300x202.jpg 300w, https:\/\/wohnprojektbadbramstedt.de\/wp-content\/uploads\/2024\/12\/IMG_20241114_143213-klein-768x518.jpg 768w, https:\/\/wohnprojektbadbramstedt.de\/wp-content\/uploads\/2024\/12\/IMG_20241114_143213-klein-1536x1035.jpg 1536w, https:\/\/wohnprojektbadbramstedt.de\/wp-content\/uploads\/2024\/12\/IMG_20241114_143213-klein-2048x1381.jpg 2048w\" sizes=\"auto, (max-width: 640px) 100vw, 640px\" \/><\/a><p id=\"caption-attachment-10718\" class=\"wp-caption-text\">Reicht das Fassungsverm\u00f6gen des Siels? Inspektion mit dem Fachmann aus Neum\u00fcnster, Herrn Wurst (gelbe Jacke)<\/p><\/div>\n<p>Wen es interessiert: auch Kreis und Land besch\u00e4ftigen sich zunehmend mit diesem Thema. Die Landesregierung hat unter dem Motto <a href=\"https:\/\/www.schleswig-holstein.de\/DE\/landesregierung\/themen\/kueste-wasser-meer\/wasserstarkSH\/starkregen\/starkregen_node.html\">&#8222;Wasserstark.SH&#8220;<\/a> viele Informationen zusammengestellt.<\/p>\n<p>&nbsp;<\/p>\n","protected":false},"excerpt":{"rendered":"<p>Unser wundersch\u00f6nes park\u00e4hnliches Grundst\u00fcck liegt direkt am Rande des Auentals in dem die Ohlau und die Schmalfelder Au in die Hudau fliessen. Die Br\u00fccke, die die Fusswege verbindet und entlang der Gew\u00e4sser in die Stadt f\u00fchrt, heisst deshalb auch &#8222;Drei-Auen-Br\u00fccke&#8220;. &hellip; <a href=\"https:\/\/wohnprojektbadbramstedt.de\/?p=10717\">Weiterlesen <span class=\"meta-nav\">&rarr;<\/span><\/a><\/p>\n","protected":false},"author":1,"featured_media":0,"comment_status":"closed","ping_status":"closed","sticky":false,"template":"","format":"standard","meta":{"footnotes":""},"categories":[95],"tags":[13,39,74,18,75,19],"class_list":["post-10717","post","type-post","status-publish","format-standard","hentry","category-hochwasser","tag-bad-bramstedt","tag-gartengestaltung","tag-hochwasser","tag-nachbarschaftlich","tag-ueberschwemmung","tag-wohnprojekt"],"_links":{"self":[{"href":"https:\/\/wohnprojektbadbramstedt.de\/index.php?rest_route=\/wp\/v2\/posts\/10717","targetHints":{"allow":["GET"]}}],"collection":[{"href":"https:\/\/wohnprojektbadbramstedt.de\/index.php?rest_route=\/wp\/v2\/posts"}],"about":[{"href":"https:\/\/wohnprojektbadbramstedt.de\/index.php?rest_route=\/wp\/v2\/types\/post"}],"author":[{"embeddable":true,"href":"https:\/\/wohnprojektbadbramstedt.de\/index.php?rest_route=\/wp\/v2\/users\/1"}],"replies":[{"embeddable":true,"href":"https:\/\/wohnprojektbadbramstedt.de\/index.php?rest_route=%2Fwp%2Fv2%2Fcomments&post=10717"}],"version-history":[{"count":6,"href":"https:\/\/wohnprojektbadbramstedt.de\/index.php?rest_route=\/wp\/v2\/posts\/10717\/revisions"}],"predecessor-version":[{"id":10724,"href":"https:\/\/wohnprojektbadbramstedt.de\/index.php?rest_route=\/wp\/v2\/posts\/10717\/revisions\/10724"}],"wp:attachment":[{"href":"https:\/\/wohnprojektbadbramstedt.de\/index.php?rest_route=%2Fwp%2Fv2%2Fmedia&parent=10717"}],"wp:term":[{"taxonomy":"category","embeddable":true,"href":"https:\/\/wohnprojektbadbramstedt.de\/index.php?rest_route=%2Fwp%2Fv2%2Fcategories&post=10717"},{"taxonomy":"post_tag","embeddable":true,"href":"https:\/\/wohnprojektbadbramstedt.de\/index.php?rest_route=%2Fwp%2Fv2%2Ftags&post=10717"}],"curies":[{"name":"wp","href":"https:\/\/api.w.org\/{rel}","templated":true}]}}