{"id":10920,"date":"2025-06-01T09:26:25","date_gmt":"2025-06-01T08:26:25","guid":{"rendered":"https:\/\/wohnprojekt.wohnprojektbadbramstedt.de\/?p=10920"},"modified":"2025-06-09T13:59:00","modified_gmt":"2025-06-09T12:59:00","slug":"aktion-offener-garten-wir-sind-dabei","status":"publish","type":"post","link":"https:\/\/wohnprojektbadbramstedt.de\/?p=10920","title":{"rendered":"\u201eAktion Offener Garten\u201c &#8211; wir sind dabei!"},"content":{"rendered":"<div id=\"attachment_10921\" style=\"width: 177px\" class=\"wp-caption alignleft\"><a href=\"https:\/\/wohnprojektbadbramstedt.de\/wp-content\/uploads\/2025\/05\/IMG_20250523_134910-scaled.jpg\"><img loading=\"lazy\" decoding=\"async\" aria-describedby=\"caption-attachment-10921\" class=\"size-medium wp-image-10921\" src=\"https:\/\/wohnprojektbadbramstedt.de\/wp-content\/uploads\/2025\/05\/IMG_20250523_134910-167x300.jpg\" alt=\"\" width=\"167\" height=\"300\" srcset=\"https:\/\/wohnprojektbadbramstedt.de\/wp-content\/uploads\/2025\/05\/IMG_20250523_134910-167x300.jpg 167w, https:\/\/wohnprojektbadbramstedt.de\/wp-content\/uploads\/2025\/05\/IMG_20250523_134910-571x1024.jpg 571w, https:\/\/wohnprojektbadbramstedt.de\/wp-content\/uploads\/2025\/05\/IMG_20250523_134910-768x1378.jpg 768w, https:\/\/wohnprojektbadbramstedt.de\/wp-content\/uploads\/2025\/05\/IMG_20250523_134910-856x1536.jpg 856w, https:\/\/wohnprojektbadbramstedt.de\/wp-content\/uploads\/2025\/05\/IMG_20250523_134910-1141x2048.jpg 1141w, https:\/\/wohnprojektbadbramstedt.de\/wp-content\/uploads\/2025\/05\/IMG_20250523_134910-scaled.jpg 1427w\" sizes=\"auto, (max-width: 167px) 100vw, 167px\" \/><\/a><p id=\"caption-attachment-10921\" class=\"wp-caption-text\">Rhododendren und Kopflinden vor unserm Eichenw\u00e4ldchen<\/p><\/div>\n<p><em>\u201eSeit 25 Jahren weben die Gartenbesitzer zusammen mit dem Team \u201eOffener Garten\u201c ein gr\u00fcnes Band durch Schleswig-Holstein und Hamburg und bieten so tausenden<\/em><br \/>\n<em>interessierten Besuchern den Einblick in ein ganz pers\u00f6nliches Gartenreich. Denn was kann es Sch\u00f6neres geben, als andere G\u00e4rten zu erkunden, mit Gleichgesinnten zu <\/em><em>fachsimpeln und so manche Gartenidee mit nach Hause zu nehmen.\u201c<\/em><br \/>\nSo beschreibt die Aktion <a href=\"https:\/\/www.offenergarten.de\/\">Offener Garten<\/a> ihre Aktivit\u00e4ten und hat uns in diesem Jahr zum Mitmachen motiviert. Allerdings war es Im Wohnprojekt nicht unumstritten, am \u201eOffenen Garten\u201c teilzunehmen. Einige von uns hatten die Einsch\u00e4tzung, dass wir nicht genug bieten k\u00f6nnen. Wir haben keine alten Apfelsorten, Rosenz\u00fcchtungen oder 10 Tomatenarten und unsere Gartengestaltung ist nicht aus einem Guss.<br \/>\nDoch vielleicht ist das gerade der Reiz. Wir haben entschieden mitzumachen, weil wir anderes zu bieten haben. Wir hatten mit dem Bau unseres nachbarschaftlichen Wohnprojekts vor 10 Jahren einen alten verwilderten Park \u00fcbernommen, den wir in mehrj\u00e4hriger Arbeit und der gestalterischen Hilfe eines Landschaftsarchitekten wieder zum Leben erwecken konnten. Das besondere an unserem Grundst\u00fcck ist seine Gr\u00f6\u00dfe von fast 7.000m\u00b2, die Lage im renaturierten Auental, die Vielfalt der Nutzung und die gemeinsame Bewirtschaftung durch eine Gruppe &#8211; auch von g\u00e4rtnerisch unkundigen &#8211; Menschen.<\/p>\n<div id=\"attachment_10922\" style=\"width: 310px\" class=\"wp-caption alignleft\"><a href=\"https:\/\/wohnprojektbadbramstedt.de\/wp-content\/uploads\/2025\/05\/Bienenwiese-Kopie-scaled.jpg\"><img loading=\"lazy\" decoding=\"async\" aria-describedby=\"caption-attachment-10922\" class=\"size-medium wp-image-10922\" src=\"https:\/\/wohnprojektbadbramstedt.de\/wp-content\/uploads\/2025\/05\/Bienenwiese-Kopie-300x138.jpg\" alt=\"\" width=\"300\" height=\"138\" srcset=\"https:\/\/wohnprojektbadbramstedt.de\/wp-content\/uploads\/2025\/05\/Bienenwiese-Kopie-300x138.jpg 300w, https:\/\/wohnprojektbadbramstedt.de\/wp-content\/uploads\/2025\/05\/Bienenwiese-Kopie-1024x469.jpg 1024w, https:\/\/wohnprojektbadbramstedt.de\/wp-content\/uploads\/2025\/05\/Bienenwiese-Kopie-768x352.jpg 768w, https:\/\/wohnprojektbadbramstedt.de\/wp-content\/uploads\/2025\/05\/Bienenwiese-Kopie-1536x704.jpg 1536w, https:\/\/wohnprojektbadbramstedt.de\/wp-content\/uploads\/2025\/05\/Bienenwiese-Kopie-2048x939.jpg 2048w\" sizes=\"auto, (max-width: 300px) 100vw, 300px\" \/><\/a><p id=\"caption-attachment-10922\" class=\"wp-caption-text\">Bl\u00fchwiese &#8211;\u00a0 Einladung f\u00fcr Insekten und Bienen<\/p><\/div>\n<p>So haben wir an der Stra\u00dfenfront eine Bl\u00fchwiese f\u00fcr Bienen und Insekten und eine Reihe von Schleswig-Holsteinisch typischen Kopflinden. Das kleine Eichenw\u00e4ldchen mit wunderbaren alten Rhododendren thront \u00fcber dem Regenr\u00fcckhaltebecken. Die selbst errichtete Benjeshecke bietet vielen Kleintieren und V\u00f6geln Schutz und Brutm\u00f6glichkeiten, gleich nebenan liegt der kleine H\u00fchnerhof. 12 Gem\u00fcsebeete, ein Gew\u00e4chshaus und etliche Hochbeete stehen unter der pers\u00f6nlichen Obhut einzelner.<\/p>\n<div id=\"attachment_10934\" style=\"width: 390px\" class=\"wp-caption alignright\"><a href=\"https:\/\/wohnprojektbadbramstedt.de\/wp-content\/uploads\/2025\/05\/IMG_20240511_174944-scaled.jpg\"><img loading=\"lazy\" decoding=\"async\" aria-describedby=\"caption-attachment-10934\" class=\" wp-image-10934\" src=\"https:\/\/wohnprojektbadbramstedt.de\/wp-content\/uploads\/2025\/05\/IMG_20240511_174944-300x138.jpg\" alt=\"\" width=\"380\" height=\"175\" srcset=\"https:\/\/wohnprojektbadbramstedt.de\/wp-content\/uploads\/2025\/05\/IMG_20240511_174944-300x138.jpg 300w, https:\/\/wohnprojektbadbramstedt.de\/wp-content\/uploads\/2025\/05\/IMG_20240511_174944-1024x469.jpg 1024w, https:\/\/wohnprojektbadbramstedt.de\/wp-content\/uploads\/2025\/05\/IMG_20240511_174944-768x352.jpg 768w, https:\/\/wohnprojektbadbramstedt.de\/wp-content\/uploads\/2025\/05\/IMG_20240511_174944-1536x704.jpg 1536w, https:\/\/wohnprojektbadbramstedt.de\/wp-content\/uploads\/2025\/05\/IMG_20240511_174944-2048x939.jpg 2048w\" sizes=\"auto, (max-width: 380px) 100vw, 380px\" \/><\/a><p id=\"caption-attachment-10934\" class=\"wp-caption-text\">Fr\u00fchjahr 2024: gemeinsam wird ein Gew\u00e4chshaus aufgebaut<\/p><\/div>\n<p>Alles andere wird von der 10\u201312-k\u00f6pfigen Gartengruppe bewirtschaftet. Aber nicht jede\/r kann und will bei jedem gemeinsamen Einsatz dabei sein und so sind wir meist zwischen 7- 10 Menschen. F\u00fcr manche Bereiche oder Areale gibt es \u201ePatenschaften\u201c. In der Gartengruppe arbeiten auch Menschen mit, die nie einen Garten hatten und auch keine Gartenkenntnisse haben. Sie haben Lust am gemeinsamen Tun und sind dankbar f\u00fcr die \u201eAnleitung\u201c der anderen. F\u00fcr die Gemeinschaft ist ein Kartoffelbeet angelegt und Himbeeren, Johannisbeeren und Josta locken zum Verzehr.<br \/>\nDie gro\u00dfe Terrasse am Gemeinschaftsraum wird vom Garten umschlossen und gerne f\u00fcr<br \/>\nFeste, Veranstaltungen und Familienfeiern genutzt.<br \/>\n<span style=\"color: #993300;\"><strong>Wir sind am 14. Und 15. Juni von 10.00 bis 17.00 Uhr beim &#8222;Offenen Garten&#8220;<\/strong><\/span><br \/>\ndabei und freuen uns auf Ihren Besuch. Auch wer sich f\u00fcr unser Projekt interessiert,<br \/>\nfindet umfangreiche Informationen und nette Menschen, die weitere Ausk\u00fcnfte<br \/>\ngeben. N\u00e4here Informationen zu unserer Einladung zum <a href=\"https:\/\/www.offenergarten.de\/teilnehmer\/wohnprojekt-haus-an-den-auen-eg-b-schlaghecke-josenhans\/\">Offenen Garten<\/a>.<\/p>\n<div id=\"attachment_10923\" style=\"width: 650px\" class=\"wp-caption alignleft\"><a href=\"https:\/\/wohnprojektbadbramstedt.de\/wp-content\/uploads\/2025\/05\/Beet-im-Juni-scaled.jpg\"><img loading=\"lazy\" decoding=\"async\" aria-describedby=\"caption-attachment-10923\" class=\"wp-image-10923 size-large\" src=\"https:\/\/wohnprojektbadbramstedt.de\/wp-content\/uploads\/2025\/05\/Beet-im-Juni-1024x469.jpg\" alt=\"\" width=\"640\" height=\"293\" srcset=\"https:\/\/wohnprojektbadbramstedt.de\/wp-content\/uploads\/2025\/05\/Beet-im-Juni-1024x469.jpg 1024w, https:\/\/wohnprojektbadbramstedt.de\/wp-content\/uploads\/2025\/05\/Beet-im-Juni-300x138.jpg 300w, https:\/\/wohnprojektbadbramstedt.de\/wp-content\/uploads\/2025\/05\/Beet-im-Juni-768x352.jpg 768w, https:\/\/wohnprojektbadbramstedt.de\/wp-content\/uploads\/2025\/05\/Beet-im-Juni-1536x704.jpg 1536w, https:\/\/wohnprojektbadbramstedt.de\/wp-content\/uploads\/2025\/05\/Beet-im-Juni-2048x939.jpg 2048w\" sizes=\"auto, (max-width: 640px) 100vw, 640px\" \/><\/a><p id=\"caption-attachment-10923\" class=\"wp-caption-text\">Hostas und Spierstr\u00e4ucher<\/p><\/div>\n<p>&nbsp;<\/p>\n","protected":false},"excerpt":{"rendered":"<p>\u201eSeit 25 Jahren weben die Gartenbesitzer zusammen mit dem Team \u201eOffener Garten\u201c ein gr\u00fcnes Band durch Schleswig-Holstein und Hamburg und bieten so tausenden interessierten Besuchern den Einblick in ein ganz pers\u00f6nliches Gartenreich. Denn was kann es Sch\u00f6neres geben, als andere &hellip; <a href=\"https:\/\/wohnprojektbadbramstedt.de\/?p=10920\">Weiterlesen <span class=\"meta-nav\">&rarr;<\/span><\/a><\/p>\n","protected":false},"author":1,"featured_media":0,"comment_status":"closed","ping_status":"closed","sticky":false,"template":"","format":"standard","meta":{"footnotes":""},"categories":[38],"tags":[13,39,43,97,19],"class_list":["post-10920","post","type-post","status-publish","format-standard","hentry","category-gartengestaltung","tag-bad-bramstedt","tag-gartengestaltung","tag-gemeinschaft","tag-offener-garten","tag-wohnprojekt"],"_links":{"self":[{"href":"https:\/\/wohnprojektbadbramstedt.de\/index.php?rest_route=\/wp\/v2\/posts\/10920","targetHints":{"allow":["GET"]}}],"collection":[{"href":"https:\/\/wohnprojektbadbramstedt.de\/index.php?rest_route=\/wp\/v2\/posts"}],"about":[{"href":"https:\/\/wohnprojektbadbramstedt.de\/index.php?rest_route=\/wp\/v2\/types\/post"}],"author":[{"embeddable":true,"href":"https:\/\/wohnprojektbadbramstedt.de\/index.php?rest_route=\/wp\/v2\/users\/1"}],"replies":[{"embeddable":true,"href":"https:\/\/wohnprojektbadbramstedt.de\/index.php?rest_route=%2Fwp%2Fv2%2Fcomments&post=10920"}],"version-history":[{"count":16,"href":"https:\/\/wohnprojektbadbramstedt.de\/index.php?rest_route=\/wp\/v2\/posts\/10920\/revisions"}],"predecessor-version":[{"id":10974,"href":"https:\/\/wohnprojektbadbramstedt.de\/index.php?rest_route=\/wp\/v2\/posts\/10920\/revisions\/10974"}],"wp:attachment":[{"href":"https:\/\/wohnprojektbadbramstedt.de\/index.php?rest_route=%2Fwp%2Fv2%2Fmedia&parent=10920"}],"wp:term":[{"taxonomy":"category","embeddable":true,"href":"https:\/\/wohnprojektbadbramstedt.de\/index.php?rest_route=%2Fwp%2Fv2%2Fcategories&post=10920"},{"taxonomy":"post_tag","embeddable":true,"href":"https:\/\/wohnprojektbadbramstedt.de\/index.php?rest_route=%2Fwp%2Fv2%2Ftags&post=10920"}],"curies":[{"name":"wp","href":"https:\/\/api.w.org\/{rel}","templated":true}]}}