{"id":10946,"date":"2025-05-30T11:20:58","date_gmt":"2025-05-30T10:20:58","guid":{"rendered":"https:\/\/wohnprojekt.wohnprojektbadbramstedt.de\/?p=10946"},"modified":"2025-05-30T11:35:24","modified_gmt":"2025-05-30T10:35:24","slug":"mit-den-jahreszeiten-durch-den-norden-treppenhausgalerie-im-haus-an-den-auen-wieder-neu-und-sehenswert-gestaltet","status":"publish","type":"post","link":"https:\/\/wohnprojektbadbramstedt.de\/?p=10946","title":{"rendered":"\u201aMit den Jahreszeiten durch den Norden\u2018  &#8211; Treppenhausgalerie im \u201eHaus an den Auen\u201c wieder neu und sehenswert gestaltet!"},"content":{"rendered":"<div id=\"attachment_10948\" style=\"width: 171px\" class=\"wp-caption alignleft\"><a href=\"https:\/\/wohnprojektbadbramstedt.de\/wp-content\/uploads\/2025\/05\/20241003_134021-scaled.jpg\"><img loading=\"lazy\" decoding=\"async\" aria-describedby=\"caption-attachment-10948\" class=\" wp-image-10948\" src=\"https:\/\/wohnprojektbadbramstedt.de\/wp-content\/uploads\/2025\/05\/20241003_134021-225x300.jpg\" alt=\"\" width=\"161\" height=\"215\" srcset=\"https:\/\/wohnprojektbadbramstedt.de\/wp-content\/uploads\/2025\/05\/20241003_134021-225x300.jpg 225w, https:\/\/wohnprojektbadbramstedt.de\/wp-content\/uploads\/2025\/05\/20241003_134021-768x1024.jpg 768w, https:\/\/wohnprojektbadbramstedt.de\/wp-content\/uploads\/2025\/05\/20241003_134021-1152x1536.jpg 1152w, https:\/\/wohnprojektbadbramstedt.de\/wp-content\/uploads\/2025\/05\/20241003_134021-1536x2048.jpg 1536w, https:\/\/wohnprojektbadbramstedt.de\/wp-content\/uploads\/2025\/05\/20241003_134021-scaled.jpg 1920w\" sizes=\"auto, (max-width: 161px) 100vw, 161px\" \/><\/a><p id=\"caption-attachment-10948\" class=\"wp-caption-text\">Aquarelle, Acryl- und \u00d6lbilder von\u00a0 Elke M\u00f6ckelmann<\/p><\/div>\n<p><span style=\"color: #993300;\"><strong>Wie immer ist es sehr spannend, in unserer Galerie neue Eindr\u00fccke zu gewinnen; diesmal sind es Aquarelle, Acryl- und \u00d6lbilder von Elke K\u00f6lln-M\u00f6ckelmann wohnhaft in Hitzhusen.<\/strong><\/span><\/p>\n<p>Elke K\u00f6lln-M\u00f6ckelmann probiert mit gro\u00dfer Begeisterung zahlreiche Aquarelltechniken aus, die sie sich u.a. weiterhin in diversen Malkursen aneignet. Inspirationen liefern ihr au\u00dferdem Ausfl\u00fcge, Reisen, Urlaube und \u201elast but not least\u201c der eigene Garten. Sie malt einfach gerne drau\u00dfen in der Natur. Oder, wenn es l\u00e4nger dauert, helfen auch eigene Fotos f\u00fcr das Malen zuhause. \u00d6l- und Acrylbilder geh\u00f6ren ab und an auch zu ihrem Ressort. In der jetzigen Ausstellung liefern die Jahreszeiten den Leitfaden f\u00fcr ihre Bilder, die sich im Treppenaufgang harmonisch und gleichzeitig spannend aneinanderreihen.<\/p>\n<div id=\"attachment_10950\" style=\"width: 362px\" class=\"wp-caption alignright\"><a href=\"https:\/\/wohnprojektbadbramstedt.de\/wp-content\/uploads\/2025\/05\/WhatsApp-Bild-2025-05-01-um-21.28.13_2f7ee453.jpg\"><img loading=\"lazy\" decoding=\"async\" aria-describedby=\"caption-attachment-10950\" class=\"wp-image-10950 \" src=\"https:\/\/wohnprojektbadbramstedt.de\/wp-content\/uploads\/2025\/05\/WhatsApp-Bild-2025-05-01-um-21.28.13_2f7ee453-300x225.jpg\" alt=\"\" width=\"352\" height=\"264\" srcset=\"https:\/\/wohnprojektbadbramstedt.de\/wp-content\/uploads\/2025\/05\/WhatsApp-Bild-2025-05-01-um-21.28.13_2f7ee453-300x225.jpg 300w, https:\/\/wohnprojektbadbramstedt.de\/wp-content\/uploads\/2025\/05\/WhatsApp-Bild-2025-05-01-um-21.28.13_2f7ee453-1024x768.jpg 1024w, https:\/\/wohnprojektbadbramstedt.de\/wp-content\/uploads\/2025\/05\/WhatsApp-Bild-2025-05-01-um-21.28.13_2f7ee453-768x576.jpg 768w, https:\/\/wohnprojektbadbramstedt.de\/wp-content\/uploads\/2025\/05\/WhatsApp-Bild-2025-05-01-um-21.28.13_2f7ee453-1536x1152.jpg 1536w, https:\/\/wohnprojektbadbramstedt.de\/wp-content\/uploads\/2025\/05\/WhatsApp-Bild-2025-05-01-um-21.28.13_2f7ee453.jpg 2016w\" sizes=\"auto, (max-width: 352px) 100vw, 352px\" \/><\/a><p id=\"caption-attachment-10950\" class=\"wp-caption-text\">Gartenoase hinter Mauern<\/p><\/div>\n<p>Allen Besuchern w\u00fcnscht sie eine entspannte Betrachtung und dabei Anregung f\u00fcr eigene kreative Ideen. Die W\u00e4nde in Ihrem Zuhause sind \u00fcbrigens ab jetzt bis zum Ende der Austellung im November 2025 hinein f\u00fcr die Zeit der Ausstellung leer und schneewei\u00df!<\/p>\n<p>An der <a href=\"https:\/\/wohnprojektbadbramstedt.de\/?p=10920\">\u201eAktion offener Garten\u201c,<\/a> an dem sich das Wohnprojekt Haus an den Auen beteiligt, ist Elke K\u00f6lln-M\u00f6ckelmann pr\u00e4sent und bietet <span style=\"color: #993300;\"><strong>am 15.6.25 von 10.00 bis 17.00 Uhr F\u00fchrungen<\/strong> <\/span>durch ihre Ausstellung an.<\/p>\n<p>Ein weiteres \u201eHighlight\u201c findet im Rahmen der <a href=\"https:\/\/se-kultur.de\/news-detailansicht\/se-kulturtage-2025.html\">Segeberger Kulturtage<\/a> statt. <span style=\"color: #993300;\"><span style=\"color: #000000;\">Am<\/span><strong> 21.9.25 von 15.00 bis 18.00 Uhr<\/strong> <\/span>l\u00e4dt sie zu einer <span style=\"color: #993300;\"><strong>F\u00fchrung <\/strong><\/span>durch die Ausstellung und zu Kaffee und Kuchen ein.<\/p>\n<p>Besucht werden kann die Ausstellung in der Oskar-Alexander-Str. 24 in Bad Bramstedt t\u00e4glich kostenfrei von 8.00 bis 20.00 Uhr. Kontakt: <a href=\"mailto:koelln-moeckelmann@gmx.de\">koelln-moeckelmann@gmx.de<\/a> oder telefonisch 04192 9269.<\/p>\n<div id=\"attachment_10951\" style=\"width: 650px\" class=\"wp-caption alignright\"><a href=\"https:\/\/wohnprojektbadbramstedt.de\/wp-content\/uploads\/2025\/05\/WhatsApp-Bild-2025-05-01-um-21.28.29_6bfd017f.jpg\"><img loading=\"lazy\" decoding=\"async\" aria-describedby=\"caption-attachment-10951\" class=\"wp-image-10951 size-large\" src=\"https:\/\/wohnprojektbadbramstedt.de\/wp-content\/uploads\/2025\/05\/WhatsApp-Bild-2025-05-01-um-21.28.29_6bfd017f-1024x768.jpg\" alt=\"\" width=\"640\" height=\"480\" srcset=\"https:\/\/wohnprojektbadbramstedt.de\/wp-content\/uploads\/2025\/05\/WhatsApp-Bild-2025-05-01-um-21.28.29_6bfd017f-1024x768.jpg 1024w, https:\/\/wohnprojektbadbramstedt.de\/wp-content\/uploads\/2025\/05\/WhatsApp-Bild-2025-05-01-um-21.28.29_6bfd017f-300x225.jpg 300w, https:\/\/wohnprojektbadbramstedt.de\/wp-content\/uploads\/2025\/05\/WhatsApp-Bild-2025-05-01-um-21.28.29_6bfd017f-768x576.jpg 768w, https:\/\/wohnprojektbadbramstedt.de\/wp-content\/uploads\/2025\/05\/WhatsApp-Bild-2025-05-01-um-21.28.29_6bfd017f-1536x1152.jpg 1536w, https:\/\/wohnprojektbadbramstedt.de\/wp-content\/uploads\/2025\/05\/WhatsApp-Bild-2025-05-01-um-21.28.29_6bfd017f.jpg 2016w\" sizes=\"auto, (max-width: 640px) 100vw, 640px\" \/><\/a><p id=\"caption-attachment-10951\" class=\"wp-caption-text\">Reetedachhaus auf Amrum<\/p><\/div>\n","protected":false},"excerpt":{"rendered":"<p>Wie immer ist es sehr spannend, in unserer Galerie neue Eindr\u00fccke zu gewinnen; diesmal sind es Aquarelle, Acryl- und \u00d6lbilder von Elke K\u00f6lln-M\u00f6ckelmann wohnhaft in Hitzhusen. Elke K\u00f6lln-M\u00f6ckelmann probiert mit gro\u00dfer Begeisterung zahlreiche Aquarelltechniken aus, die sie sich u.a. weiterhin &hellip; <a href=\"https:\/\/wohnprojektbadbramstedt.de\/?p=10946\">Weiterlesen <span class=\"meta-nav\">&rarr;<\/span><\/a><\/p>\n","protected":false},"author":1,"featured_media":0,"comment_status":"closed","ping_status":"closed","sticky":false,"template":"","format":"standard","meta":{"footnotes":""},"categories":[64],"tags":[13,65,18,72,19],"class_list":["post-10946","post","type-post","status-publish","format-standard","hentry","category-kunstausstellung","tag-bad-bramstedt","tag-kunstausstellung","tag-nachbarschaftlich","tag-treppenehausgalerie","tag-wohnprojekt"],"_links":{"self":[{"href":"https:\/\/wohnprojektbadbramstedt.de\/index.php?rest_route=\/wp\/v2\/posts\/10946","targetHints":{"allow":["GET"]}}],"collection":[{"href":"https:\/\/wohnprojektbadbramstedt.de\/index.php?rest_route=\/wp\/v2\/posts"}],"about":[{"href":"https:\/\/wohnprojektbadbramstedt.de\/index.php?rest_route=\/wp\/v2\/types\/post"}],"author":[{"embeddable":true,"href":"https:\/\/wohnprojektbadbramstedt.de\/index.php?rest_route=\/wp\/v2\/users\/1"}],"replies":[{"embeddable":true,"href":"https:\/\/wohnprojektbadbramstedt.de\/index.php?rest_route=%2Fwp%2Fv2%2Fcomments&post=10946"}],"version-history":[{"count":14,"href":"https:\/\/wohnprojektbadbramstedt.de\/index.php?rest_route=\/wp\/v2\/posts\/10946\/revisions"}],"predecessor-version":[{"id":10964,"href":"https:\/\/wohnprojektbadbramstedt.de\/index.php?rest_route=\/wp\/v2\/posts\/10946\/revisions\/10964"}],"wp:attachment":[{"href":"https:\/\/wohnprojektbadbramstedt.de\/index.php?rest_route=%2Fwp%2Fv2%2Fmedia&parent=10946"}],"wp:term":[{"taxonomy":"category","embeddable":true,"href":"https:\/\/wohnprojektbadbramstedt.de\/index.php?rest_route=%2Fwp%2Fv2%2Fcategories&post=10946"},{"taxonomy":"post_tag","embeddable":true,"href":"https:\/\/wohnprojektbadbramstedt.de\/index.php?rest_route=%2Fwp%2Fv2%2Ftags&post=10946"}],"curies":[{"name":"wp","href":"https:\/\/api.w.org\/{rel}","templated":true}]}}