{"id":11074,"date":"2025-07-23T17:28:56","date_gmt":"2025-07-23T16:28:56","guid":{"rendered":"https:\/\/wohnprojektbadbramstedt.de\/?p=11074"},"modified":"2025-07-23T17:31:20","modified_gmt":"2025-07-23T16:31:20","slug":"glasfaser-fuer-unser-wohnprorjekt","status":"publish","type":"post","link":"https:\/\/wohnprojektbadbramstedt.de\/?p=11074","title":{"rendered":"Glasfaser f\u00fcr unser Wohnprojekt"},"content":{"rendered":"<div id=\"attachment_11063\" style=\"width: 310px\" class=\"wp-caption alignleft\"><img loading=\"lazy\" decoding=\"async\" aria-describedby=\"caption-attachment-11063\" class=\"wp-image-11063 size-medium\" src=\"https:\/\/wohnprojektbadbramstedt.de\/wp-content\/uploads\/2025\/07\/IMG_20250714_135011-300x138.jpg\" alt=\"\" width=\"300\" height=\"138\" srcset=\"https:\/\/wohnprojektbadbramstedt.de\/wp-content\/uploads\/2025\/07\/IMG_20250714_135011-300x138.jpg 300w, https:\/\/wohnprojektbadbramstedt.de\/wp-content\/uploads\/2025\/07\/IMG_20250714_135011-1024x469.jpg 1024w, https:\/\/wohnprojektbadbramstedt.de\/wp-content\/uploads\/2025\/07\/IMG_20250714_135011-768x352.jpg 768w, https:\/\/wohnprojektbadbramstedt.de\/wp-content\/uploads\/2025\/07\/IMG_20250714_135011-1536x704.jpg 1536w, https:\/\/wohnprojektbadbramstedt.de\/wp-content\/uploads\/2025\/07\/IMG_20250714_135011-2048x939.jpg 2048w\" sizes=\"auto, (max-width: 300px) 100vw, 300px\" \/><p id=\"caption-attachment-11063\" class=\"wp-caption-text\">Das letzten Verbindungst\u00fcck wird fertiggestellt. Im Hintergrund unser Wohnprojekt.<\/p><\/div>\n<p><strong>Es hat lange gedauert, aber nun kommen die Bauarbeiten von XityLight im S\u00fcden von Bad Bramstedt zu ihren Ende.\u00a0<\/strong><\/p>\n<p>Dies ist f\u00fcr unser Wohnprojekt insofern interessant, da wir uns vor zwei Jahren entschlossen hatten, auf eine Versorgung mit Glasfaser umzusteigen. Fernsehen, Internet und Telefon sollen nun in einer besseren Qualit\u00e4t zu einem g\u00fcnstigeren Preis angeboten werden. Gl\u00fccklicherweise hatte unser Technische Geb\u00e4udeplaner 2016 bei der Planung unseres Projekts empfohlen, neben den traditionellen Koaxkabeln f\u00fcr den Fernsehempfang bereits zus\u00e4tzliche Datenkabel in jede Wohnung zu legen. Dies kam uns jetzt zugute, da wir nur einen neuen Verteiler im Keller ben\u00f6tigten, an den die Wohnungen mit Glasfaser angeschlossen werden k\u00f6nnen.<\/p>\n<p>Ab Anfang 2026 werden wir dann von der Fa. XityLight aus Barmstedt versorgt werden.<\/p>\n<div id=\"attachment_11065\" style=\"width: 650px\" class=\"wp-caption alignleft\"><a href=\"https:\/\/wohnprojektbadbramstedt.de\/wp-content\/uploads\/2025\/07\/IMG_20250716_141248-scaled.jpg\"><img loading=\"lazy\" decoding=\"async\" aria-describedby=\"caption-attachment-11065\" class=\"size-large wp-image-11065\" src=\"https:\/\/wohnprojektbadbramstedt.de\/wp-content\/uploads\/2025\/07\/IMG_20250716_141248-1024x469.jpg\" alt=\"\" width=\"640\" height=\"293\" srcset=\"https:\/\/wohnprojektbadbramstedt.de\/wp-content\/uploads\/2025\/07\/IMG_20250716_141248-1024x469.jpg 1024w, https:\/\/wohnprojektbadbramstedt.de\/wp-content\/uploads\/2025\/07\/IMG_20250716_141248-300x138.jpg 300w, https:\/\/wohnprojektbadbramstedt.de\/wp-content\/uploads\/2025\/07\/IMG_20250716_141248-768x352.jpg 768w, https:\/\/wohnprojektbadbramstedt.de\/wp-content\/uploads\/2025\/07\/IMG_20250716_141248-1536x704.jpg 1536w, https:\/\/wohnprojektbadbramstedt.de\/wp-content\/uploads\/2025\/07\/IMG_20250716_141248-2048x939.jpg 2048w\" sizes=\"auto, (max-width: 640px) 100vw, 640px\" \/><\/a><p id=\"caption-attachment-11065\" class=\"wp-caption-text\">Um die Kabel unter dem Bahn\u00fcbergang in der Oskar-Alexander-Stra\u00dfe f\u00fchren zu k\u00f6nnen, musste eine aufw\u00e4ndige Horizontalbohrungen vorgenommen werden. Hier das Ziehen des Leerrohrs in der zuvor ausgeschachteten Grube.<\/p><\/div>\n","protected":false},"excerpt":{"rendered":"<p>Es hat lange gedauert, aber nun kommen die Bauarbeiten von XityLight im S\u00fcden von Bad Bramstedt zu ihren Ende.\u00a0 Dies ist f\u00fcr unser Wohnprojekt insofern interessant, da wir uns vor zwei Jahren entschlossen hatten, auf eine Versorgung mit Glasfaser umzusteigen. &hellip; <a href=\"https:\/\/wohnprojektbadbramstedt.de\/?p=11074\">Weiterlesen <span class=\"meta-nav\">&rarr;<\/span><\/a><\/p>\n","protected":false},"author":1,"featured_media":0,"comment_status":"closed","ping_status":"closed","sticky":false,"template":"","format":"standard","meta":{"footnotes":""},"categories":[27],"tags":[13,99,18],"class_list":["post-11074","post","type-post","status-publish","format-standard","hentry","category-bauen","tag-bad-bramstedt","tag-glasfaser","tag-nachbarschaftlich"],"_links":{"self":[{"href":"https:\/\/wohnprojektbadbramstedt.de\/index.php?rest_route=\/wp\/v2\/posts\/11074","targetHints":{"allow":["GET"]}}],"collection":[{"href":"https:\/\/wohnprojektbadbramstedt.de\/index.php?rest_route=\/wp\/v2\/posts"}],"about":[{"href":"https:\/\/wohnprojektbadbramstedt.de\/index.php?rest_route=\/wp\/v2\/types\/post"}],"author":[{"embeddable":true,"href":"https:\/\/wohnprojektbadbramstedt.de\/index.php?rest_route=\/wp\/v2\/users\/1"}],"replies":[{"embeddable":true,"href":"https:\/\/wohnprojektbadbramstedt.de\/index.php?rest_route=%2Fwp%2Fv2%2Fcomments&post=11074"}],"version-history":[{"count":3,"href":"https:\/\/wohnprojektbadbramstedt.de\/index.php?rest_route=\/wp\/v2\/posts\/11074\/revisions"}],"predecessor-version":[{"id":11077,"href":"https:\/\/wohnprojektbadbramstedt.de\/index.php?rest_route=\/wp\/v2\/posts\/11074\/revisions\/11077"}],"wp:attachment":[{"href":"https:\/\/wohnprojektbadbramstedt.de\/index.php?rest_route=%2Fwp%2Fv2%2Fmedia&parent=11074"}],"wp:term":[{"taxonomy":"category","embeddable":true,"href":"https:\/\/wohnprojektbadbramstedt.de\/index.php?rest_route=%2Fwp%2Fv2%2Fcategories&post=11074"},{"taxonomy":"post_tag","embeddable":true,"href":"https:\/\/wohnprojektbadbramstedt.de\/index.php?rest_route=%2Fwp%2Fv2%2Ftags&post=11074"}],"curies":[{"name":"wp","href":"https:\/\/api.w.org\/{rel}","templated":true}]}}