{"id":11096,"date":"2025-09-20T10:47:24","date_gmt":"2025-09-20T09:47:24","guid":{"rendered":"https:\/\/wohnprojektbadbramstedt.de\/?p=11096"},"modified":"2025-10-03T18:18:47","modified_gmt":"2025-10-03T17:18:47","slug":"6-kunst-und-handwerkmarkt-am-sonntag-12-oktober","status":"publish","type":"post","link":"https:\/\/wohnprojektbadbramstedt.de\/?p=11096","title":{"rendered":"6. Kunst- und Handwerkmarkt am Sonntag 12. Oktober"},"content":{"rendered":"<p><span style=\"color: #993300;\"><strong>Herzlich willkommen zu unserem 6. Kunst- und Handwerkmarkt!<\/strong><\/span><br \/>\n<strong><span style=\"color: #993300;\">Am Sonntag, 12. Oktober zwischen 11.00 und 16.30 Uhr ist es wieder soweit.<\/span><br \/>\n<span style=\"color: #993300;\">Unser Kunst- und Handwerkmarkt hat sich mittlerweile als festes Angebot im Herbst f\u00fcr Bad BramstedterInnen und Ausw\u00e4rtige etabliert. Ein Bummel \u00fcber den Markt lohnt sich auf jeden Fall.<\/span><br \/>\n<\/strong><a href=\"https:\/\/wohnprojektbadbramstedt.de\/wp-content\/uploads\/2025\/09\/Handwerkermarkt-12.10.25-Handzettel-Internet-conv-1-scaled.jpeg\"><img loading=\"lazy\" decoding=\"async\" class=\"wp-image-11102 alignleft\" src=\"https:\/\/wohnprojektbadbramstedt.de\/wp-content\/uploads\/2025\/09\/Handwerkermarkt-12.10.25-Handzettel-Internet-conv-1-724x1024.jpeg\" alt=\"\" width=\"337\" height=\"476\" srcset=\"https:\/\/wohnprojektbadbramstedt.de\/wp-content\/uploads\/2025\/09\/Handwerkermarkt-12.10.25-Handzettel-Internet-conv-1-724x1024.jpeg 724w, https:\/\/wohnprojektbadbramstedt.de\/wp-content\/uploads\/2025\/09\/Handwerkermarkt-12.10.25-Handzettel-Internet-conv-1-212x300.jpeg 212w, https:\/\/wohnprojektbadbramstedt.de\/wp-content\/uploads\/2025\/09\/Handwerkermarkt-12.10.25-Handzettel-Internet-conv-1-768x1086.jpeg 768w, https:\/\/wohnprojektbadbramstedt.de\/wp-content\/uploads\/2025\/09\/Handwerkermarkt-12.10.25-Handzettel-Internet-conv-1-1086x1536.jpeg 1086w, https:\/\/wohnprojektbadbramstedt.de\/wp-content\/uploads\/2025\/09\/Handwerkermarkt-12.10.25-Handzettel-Internet-conv-1-1448x2048.jpeg 1448w, https:\/\/wohnprojektbadbramstedt.de\/wp-content\/uploads\/2025\/09\/Handwerkermarkt-12.10.25-Handzettel-Internet-conv-1-scaled.jpeg 1810w\" sizes=\"auto, (max-width: 337px) 100vw, 337px\" \/><\/a><\/p>\n<p>&nbsp;<\/p>\n<p>&nbsp;<\/p>\n<p>Etliche neue AusstellerInnen sind dabei und pr\u00e4sentieren verwunschene<br \/>\nSkulpturen aus Naturmaterial, Lieblingstiere aus Textil,<br \/>\nLik\u00f6re und Marmeladen &#8211; die gesch\u00e4tzten Wollsocken und<br \/>\nT\u00fccher aus Seide oder edle\u00a0 Holzschalen und vieles mehr,<br \/>\nwas uns vor der T\u00fcre oder in der Wohnung Freude macht, ist<br \/>\nwieder im Angebot.<\/p>\n<p>Im gem\u00fctlichen Innenhof laden<br \/>\nKaffee und Kuchen zum Verweilen ein.<\/p>\n<p>Die <a href=\"https:\/\/wohnprojektbadbramstedt.de\/?p=11092\">Treppenhausausstellung<\/a> mit Bildern von Elke K\u00f6lln-M\u00f6ckelmann ist auch zug\u00e4nglich.<\/p>\n<p>&nbsp;<\/p>\n<p>&nbsp;<\/p>\n","protected":false},"excerpt":{"rendered":"<p>Herzlich willkommen zu unserem 6. Kunst- und Handwerkmarkt! Am Sonntag, 12. Oktober zwischen 11.00 und 16.30 Uhr ist es wieder soweit. Unser Kunst- und Handwerkmarkt hat sich mittlerweile als festes Angebot im Herbst f\u00fcr Bad BramstedterInnen und Ausw\u00e4rtige etabliert. Ein &hellip; <a href=\"https:\/\/wohnprojektbadbramstedt.de\/?p=11096\">Weiterlesen <span class=\"meta-nav\">&rarr;<\/span><\/a><\/p>\n","protected":false},"author":1,"featured_media":0,"comment_status":"closed","ping_status":"closed","sticky":false,"template":"","format":"standard","meta":{"footnotes":""},"categories":[1],"tags":[13,70,67,72,19],"class_list":["post-11096","post","type-post","status-publish","format-standard","hentry","category-allgemein","tag-bad-bramstedt","tag-galerie","tag-kunsthandwerk","tag-treppenehausgalerie","tag-wohnprojekt"],"_links":{"self":[{"href":"https:\/\/wohnprojektbadbramstedt.de\/index.php?rest_route=\/wp\/v2\/posts\/11096","targetHints":{"allow":["GET"]}}],"collection":[{"href":"https:\/\/wohnprojektbadbramstedt.de\/index.php?rest_route=\/wp\/v2\/posts"}],"about":[{"href":"https:\/\/wohnprojektbadbramstedt.de\/index.php?rest_route=\/wp\/v2\/types\/post"}],"author":[{"embeddable":true,"href":"https:\/\/wohnprojektbadbramstedt.de\/index.php?rest_route=\/wp\/v2\/users\/1"}],"replies":[{"embeddable":true,"href":"https:\/\/wohnprojektbadbramstedt.de\/index.php?rest_route=%2Fwp%2Fv2%2Fcomments&post=11096"}],"version-history":[{"count":7,"href":"https:\/\/wohnprojektbadbramstedt.de\/index.php?rest_route=\/wp\/v2\/posts\/11096\/revisions"}],"predecessor-version":[{"id":11193,"href":"https:\/\/wohnprojektbadbramstedt.de\/index.php?rest_route=\/wp\/v2\/posts\/11096\/revisions\/11193"}],"wp:attachment":[{"href":"https:\/\/wohnprojektbadbramstedt.de\/index.php?rest_route=%2Fwp%2Fv2%2Fmedia&parent=11096"}],"wp:term":[{"taxonomy":"category","embeddable":true,"href":"https:\/\/wohnprojektbadbramstedt.de\/index.php?rest_route=%2Fwp%2Fv2%2Fcategories&post=11096"},{"taxonomy":"post_tag","embeddable":true,"href":"https:\/\/wohnprojektbadbramstedt.de\/index.php?rest_route=%2Fwp%2Fv2%2Ftags&post=11096"}],"curies":[{"name":"wp","href":"https:\/\/api.w.org\/{rel}","templated":true}]}}