{"id":11218,"date":"2025-11-11T10:06:45","date_gmt":"2025-11-11T09:06:45","guid":{"rendered":"https:\/\/wohnprojektbadbramstedt.de\/?p=11218"},"modified":"2025-11-23T12:46:41","modified_gmt":"2025-11-23T11:46:41","slug":"vortrag-im-haus-an-den-auen-senioren-sicher-im-strassenverkehr","status":"publish","type":"post","link":"https:\/\/wohnprojektbadbramstedt.de\/?p=11218","title":{"rendered":"Vortrag im Haus an den Auen: &#8222;Senioren sicher im Stra\u00dfenverkehr&#8220;"},"content":{"rendered":"<div id=\"attachment_11220\" style=\"width: 650px\" class=\"wp-caption alignnone\"><a href=\"https:\/\/wohnprojektbadbramstedt.de\/wp-content\/uploads\/2025\/11\/IMG_20250109_151034-scaled.jpg\"><img loading=\"lazy\" decoding=\"async\" aria-describedby=\"caption-attachment-11220\" class=\"wp-image-11220 size-large\" src=\"https:\/\/wohnprojektbadbramstedt.de\/wp-content\/uploads\/2025\/11\/IMG_20250109_151034-1024x429.jpg\" alt=\"\" width=\"640\" height=\"268\" srcset=\"https:\/\/wohnprojektbadbramstedt.de\/wp-content\/uploads\/2025\/11\/IMG_20250109_151034-1024x429.jpg 1024w, https:\/\/wohnprojektbadbramstedt.de\/wp-content\/uploads\/2025\/11\/IMG_20250109_151034-300x126.jpg 300w, https:\/\/wohnprojektbadbramstedt.de\/wp-content\/uploads\/2025\/11\/IMG_20250109_151034-768x322.jpg 768w, https:\/\/wohnprojektbadbramstedt.de\/wp-content\/uploads\/2025\/11\/IMG_20250109_151034-1536x644.jpg 1536w, https:\/\/wohnprojektbadbramstedt.de\/wp-content\/uploads\/2025\/11\/IMG_20250109_151034-2048x859.jpg 2048w\" sizes=\"auto, (max-width: 640px) 100vw, 640px\" \/><\/a><p id=\"caption-attachment-11220\" class=\"wp-caption-text\">Bereits im letzten Jahr fand ein Vortrag von Gerd Wilcken entsprechende Resonanz<\/p><\/div>\r\n<p>Wir freuen uns, dass der Sicherheitsberater Gerd Wilcken erneut unser Gast ist. Diesmal ist sein Thema: <strong>\u201eSenioren sicher im Stra\u00dfenverkehr\u201c.<\/strong><\/p>\r\n<p><strong>Dienstag, 2. Dezember um 16.00 Uhr im Gemeinschaftsraum Haus an den Auen<\/strong><br \/>Mobilit\u00e4t bedeutet Lebensqualit\u00e4t. Ob als Fu\u00dfg\u00e4nger, Nutzer \u00f6ffentlicher Verkehrsmittel, Radfahrer oder auch Autofahrer, st\u00e4ndig sind geistige und k\u00f6rperliche Leistungen erforderlich. Um sich auch im fortgeschrittenen Alter sicher im Stra\u00dfenverkehr zu bewegen, ist eine st\u00e4ndige Anpassung an die Ver\u00e4nderungen unumg\u00e4nglich.<br \/>Gerd Wilcken wird neue und alte Regeln erl\u00e4utern und Tipps geben, bei deren Beachtung das Risiko, Unfallopfer zu werden, erheblich minimiert wird! Schwerpunkte liegen auf dem richtigen Verhalten im Stra\u00dfenverkehr und dem Blick auf neue und deshalb vielleicht noch unbekannte Verkehrszeichen. <br \/>Es wird mit Sicherheit eine interessante Veranstaltung, nachdem er uns im letzten Jahr\u00a0 \u00a0zum Thema \u201eTrickbetrug und wie kann ich mich in dieser schwierigen emotionalen Ausnahmesituation richtig verhalten\u201c informiert.<\/p>\r\n<p><strong>Bei Interesse an der Veranstaltung sind Sie herzlich willkommen!<br \/>F\u00fcr unsere Planung melden Sie sich bitte unter 04192 893 3564 oder info@wohnprojeketbadbramstedt.de an.<\/strong><\/p>\r\n<!-- \/wp:post-content -->","protected":false},"excerpt":{"rendered":"<p>Wir freuen uns, dass der Sicherheitsberater Gerd Wilcken erneut unser Gast ist. Diesmal ist sein Thema: \u201eSenioren sicher im Stra\u00dfenverkehr\u201c. Dienstag, 2. Dezember um 16.00 Uhr im Gemeinschaftsraum Haus an den AuenMobilit\u00e4t bedeutet Lebensqualit\u00e4t. Ob als Fu\u00dfg\u00e4nger, Nutzer \u00f6ffentlicher Verkehrsmittel, &hellip; <a href=\"https:\/\/wohnprojektbadbramstedt.de\/?p=11218\">Weiterlesen <span class=\"meta-nav\">&rarr;<\/span><\/a><\/p>\n","protected":false},"author":1,"featured_media":0,"comment_status":"closed","ping_status":"closed","sticky":false,"template":"","format":"standard","meta":{"footnotes":""},"categories":[102],"tags":[13,57,18,100,19],"class_list":["post-11218","post","type-post","status-publish","format-standard","hentry","category-senioren","tag-bad-bramstedt","tag-gesundheit","tag-nachbarschaftlich","tag-sicherheit-im-verkehr","tag-wohnprojekt"],"_links":{"self":[{"href":"https:\/\/wohnprojektbadbramstedt.de\/index.php?rest_route=\/wp\/v2\/posts\/11218","targetHints":{"allow":["GET"]}}],"collection":[{"href":"https:\/\/wohnprojektbadbramstedt.de\/index.php?rest_route=\/wp\/v2\/posts"}],"about":[{"href":"https:\/\/wohnprojektbadbramstedt.de\/index.php?rest_route=\/wp\/v2\/types\/post"}],"author":[{"embeddable":true,"href":"https:\/\/wohnprojektbadbramstedt.de\/index.php?rest_route=\/wp\/v2\/users\/1"}],"replies":[{"embeddable":true,"href":"https:\/\/wohnprojektbadbramstedt.de\/index.php?rest_route=%2Fwp%2Fv2%2Fcomments&post=11218"}],"version-history":[{"count":9,"href":"https:\/\/wohnprojektbadbramstedt.de\/index.php?rest_route=\/wp\/v2\/posts\/11218\/revisions"}],"predecessor-version":[{"id":11302,"href":"https:\/\/wohnprojektbadbramstedt.de\/index.php?rest_route=\/wp\/v2\/posts\/11218\/revisions\/11302"}],"wp:attachment":[{"href":"https:\/\/wohnprojektbadbramstedt.de\/index.php?rest_route=%2Fwp%2Fv2%2Fmedia&parent=11218"}],"wp:term":[{"taxonomy":"category","embeddable":true,"href":"https:\/\/wohnprojektbadbramstedt.de\/index.php?rest_route=%2Fwp%2Fv2%2Fcategories&post=11218"},{"taxonomy":"post_tag","embeddable":true,"href":"https:\/\/wohnprojektbadbramstedt.de\/index.php?rest_route=%2Fwp%2Fv2%2Ftags&post=11218"}],"curies":[{"name":"wp","href":"https:\/\/api.w.org\/{rel}","templated":true}]}}