{"id":116,"date":"2012-02-09T18:29:05","date_gmt":"2012-02-09T17:29:05","guid":{"rendered":"http:\/\/wohnprojektbadbramstedt.wordpress.com\/?p=116"},"modified":"2012-02-09T18:29:05","modified_gmt":"2012-02-09T17:29:05","slug":"ein-gemeinsames-dach-fur-verschiedene-menschen","status":"publish","type":"post","link":"https:\/\/wohnprojektbadbramstedt.de\/?p=116","title":{"rendered":"Ein gemeinsames Dach f\u00fcr verschiedene Menschen"},"content":{"rendered":"<p>Zu einem nachbarschaftlichen Wohnprojekt geh\u00f6rt unseres Erachtens , dass niemand ausgegrenzt wird und ganz unterschiedliche Menschen eine Form des Zusammenlebens finden. Aus diesem Grund sind wir im Gespr\u00e4ch mit Tr\u00e4gern, die Menschen mit Einschr\u00e4nkungen und Behinderungen unterst\u00fctzen, ein selbstbestimmtes Leben in der eigenen Wohnung f\u00fchren zu k\u00f6nnen. Modelle nicht nur in den Niederlanden und in D\u00e4nemark, sondern auch in Deutschland zeigen, dass mit einer entsprechenden Betreuung eine Integration in ein Wohnprojekt m\u00f6glich ist und f\u00fcr alle eine Bereicherung sein kann.<\/p>\n<p>Klar ist, dass sich die Wohngruppe nicht mit der Betreuung \u00fcberfordert, sondern dass es um eine offene freundliche Nachbarschaft geht &#8211; weitergehende Unterst\u00fctzung ist Sache der &#8222;Profis&#8220;. Dazu unser 10. Ziel:<\/p>\n<p style=\"padding-left:30px;\"><em><strong>\u00a0\u00a0 10.\u00a0 Inklusion:<\/strong> Da unsere Vorstellungen eines guten nachbarschaftlichen Zusammenlebens gut mit denen der \u201eInklusion\u201c, d.h. der gleichberechtigten Teilnahme von Menschen mit Behinderung an allen Bereichen des Lebens, zusammen passen, streben wir die Zusammenarbeit mit sozialen Tr\u00e4gern an, und laden sie ein, in eigener Tr\u00e4gerschaft aber konzeptionell verbunden, ein Angebot f\u00fcr unterst\u00fctztes Wohnen auf dem gemeinsamen Grundst\u00fcck zu errichten.<\/em><\/p>\n<p>Wir werden uns in n\u00e4chster Zeit\u00a0 einige Projekte zur &#8222;Inklusion&#8220; ansehen, um uns selbst ein Bild der verschiedenen M\u00f6glichkeiten des Zusammenlebens zu\u00a0 machen.<\/p>\n","protected":false},"excerpt":{"rendered":"<p>Zu einem nachbarschaftlichen Wohnprojekt geh\u00f6rt unseres Erachtens , dass niemand ausgegrenzt wird und ganz unterschiedliche Menschen eine Form des Zusammenlebens finden. Aus diesem Grund sind wir im Gespr\u00e4ch mit Tr\u00e4gern, die Menschen mit Einschr\u00e4nkungen und Behinderungen unterst\u00fctzen, ein selbstbestimmtes Leben &hellip; <a href=\"https:\/\/wohnprojektbadbramstedt.de\/?p=116\">Weiterlesen <span class=\"meta-nav\">&rarr;<\/span><\/a><\/p>\n","protected":false},"author":3,"featured_media":0,"comment_status":"closed","ping_status":"closed","sticky":false,"template":"","format":"standard","meta":{"footnotes":""},"categories":[8,9,12],"tags":[13,14,30,18,19],"class_list":["post-116","post","type-post","status-publish","format-standard","hentry","category-inklusion","category-kooperationspartner","category-wohnprojekte","tag-bad-bramstedt","tag-generationsubergreifend","tag-inklusion","tag-nachbarschaftlich","tag-wohnprojekt"],"_links":{"self":[{"href":"https:\/\/wohnprojektbadbramstedt.de\/index.php?rest_route=\/wp\/v2\/posts\/116","targetHints":{"allow":["GET"]}}],"collection":[{"href":"https:\/\/wohnprojektbadbramstedt.de\/index.php?rest_route=\/wp\/v2\/posts"}],"about":[{"href":"https:\/\/wohnprojektbadbramstedt.de\/index.php?rest_route=\/wp\/v2\/types\/post"}],"author":[{"embeddable":true,"href":"https:\/\/wohnprojektbadbramstedt.de\/index.php?rest_route=\/wp\/v2\/users\/3"}],"replies":[{"embeddable":true,"href":"https:\/\/wohnprojektbadbramstedt.de\/index.php?rest_route=%2Fwp%2Fv2%2Fcomments&post=116"}],"version-history":[{"count":0,"href":"https:\/\/wohnprojektbadbramstedt.de\/index.php?rest_route=\/wp\/v2\/posts\/116\/revisions"}],"wp:attachment":[{"href":"https:\/\/wohnprojektbadbramstedt.de\/index.php?rest_route=%2Fwp%2Fv2%2Fmedia&parent=116"}],"wp:term":[{"taxonomy":"category","embeddable":true,"href":"https:\/\/wohnprojektbadbramstedt.de\/index.php?rest_route=%2Fwp%2Fv2%2Fcategories&post=116"},{"taxonomy":"post_tag","embeddable":true,"href":"https:\/\/wohnprojektbadbramstedt.de\/index.php?rest_route=%2Fwp%2Fv2%2Ftags&post=116"}],"curies":[{"name":"wp","href":"https:\/\/api.w.org\/{rel}","templated":true}]}}