{"id":1518,"date":"2013-08-19T18:06:59","date_gmt":"2013-08-19T16:06:59","guid":{"rendered":"http:\/\/wohnprojekt.wohnprojektbadbramstedt.de\/?p=1518"},"modified":"2014-02-08T18:59:35","modified_gmt":"2014-02-08T16:59:35","slug":"erstes-plenumstreffen-des-wohnprojekts","status":"publish","type":"post","link":"https:\/\/wohnprojektbadbramstedt.de\/?p=1518","title":{"rendered":"Erstes Plenumstreffen des Wohnprojekts"},"content":{"rendered":"<p>Am 18.8. trafen sich erstmalig diejenigen, die konkret an einer Mitarbeit bei der Realisierung unseres Wohnprojekts interessiert sind. Insgesamt 30 Menschen informierten sich und diskutierten am Sonntag in den R\u00e4umen des Klinikums.<\/p>\n<div id=\"attachment_1520\" style=\"width: 310px\" class=\"wp-caption alignleft\"><a href=\"https:\/\/wohnprojektbadbramstedt.de\/wp-content\/uploads\/2013\/08\/DSC_0661.jpg\"><img loading=\"lazy\" decoding=\"async\" aria-describedby=\"caption-attachment-1520\" class=\"size-medium wp-image-1520\" alt=\"DSC_0661\" src=\"https:\/\/wohnprojektbadbramstedt.de\/wp-content\/uploads\/2013\/08\/DSC_0661-300x199.jpg\" width=\"300\" height=\"199\" srcset=\"https:\/\/wohnprojektbadbramstedt.de\/wp-content\/uploads\/2013\/08\/DSC_0661-300x199.jpg 300w, https:\/\/wohnprojektbadbramstedt.de\/wp-content\/uploads\/2013\/08\/DSC_0661-1024x680.jpg 1024w\" sizes=\"auto, (max-width: 300px) 100vw, 300px\" \/><\/a><p id=\"caption-attachment-1520\" class=\"wp-caption-text\">Pr\u00e4sentation der Tagesordnung durch Barbara Schlaghecke, eine der Initiatorinnen<\/p><\/div>\n<p>In einer ersten Vorstellungsrunde stellten sich alle mit ihren Erwartungen vor. Eine gro\u00dfe Rolle spielte eine gute Nachbarschaft, das Einstehen f\u00fcreinander, das Zusammenleben von Jung und Alt sowie gemeinsame Interessen. Hier zeigten sich bereits viele Ankn\u00fcpfungspunkte wie z.B. Kochen und Backen, G\u00e4rtnern, gemeinsame Veranstaltungen organisieren, Musik machen, sich kreativ und handwerklich bet\u00e4tigen, gemeinsam Sport und Entspannung machen. Interesse gibt es, in das Wohnprojekt Ateliers und einen Gemeinschaftsraum zu integrieren, der auch als Cafe genutzt werden kann.<\/p>\n<p>Im Anschluss wurden Fragen gesammelt, die die Teilnehmer zum Projekt haben. Die meisten Fragen gab es zu den Kosten einer Wohneinheit, der H\u00f6he des Genossenschaftsbeitrags und zur zuk\u00fcnftigen Miete. Weitere Fragen betrafen die Vor- und Nachteile einer Eigentumswohnung zu einer Mietwohnung, den Zeitplan bis zur Fertigstellung der Geb\u00e4ude und zum Einzug, sowie die Modalit\u00e4ten der Mitarbeit und des Eintritts in die Planungsgemeinschaft. Nach der ausf\u00fchrlichen Beantwortung dieser Fragen wurde \u00fcber die n\u00e4chsten Schritte berichtet.<\/p>\n<div id=\"attachment_1525\" style=\"width: 310px\" class=\"wp-caption alignleft\"><a href=\"https:\/\/wohnprojektbadbramstedt.de\/wp-content\/uploads\/2013\/08\/niedrig-aufgel\u00f6st.jpg\"><img loading=\"lazy\" decoding=\"async\" aria-describedby=\"caption-attachment-1525\" class=\"size-medium wp-image-1525\" alt=\"niedrig aufgel\u00f6st\" src=\"https:\/\/wohnprojektbadbramstedt.de\/wp-content\/uploads\/2013\/08\/niedrig-aufgel\u00f6st-300x199.jpg\" width=\"300\" height=\"199\" srcset=\"https:\/\/wohnprojektbadbramstedt.de\/wp-content\/uploads\/2013\/08\/niedrig-aufgel\u00f6st-300x199.jpg 300w, https:\/\/wohnprojektbadbramstedt.de\/wp-content\/uploads\/2013\/08\/niedrig-aufgel\u00f6st.jpg 1024w\" sizes=\"auto, (max-width: 300px) 100vw, 300px\" \/><\/a><p id=\"caption-attachment-1525\" class=\"wp-caption-text\">Rundgespr\u00e4ch zum Kennenlernen<\/p><\/div>\n<p>Es sind regelm\u00e4\u00dfige Treffen jeweils am 1. Sonntag im Monat geplant; ab der n\u00e4chsten Sitzung wird es die M\u00f6glichkeit geben, in Arbeitsgruppen das Projekt mit zu gestalten. Im November ist ein Besuch bei einem realisierten Wohnprojekt geplant.<\/p>\n<p>Zum Abschluss wurde die Auswertung eines Fragebogens vorgestellt, den die am Wohnprojekt Interessierten ausgef\u00fcllt hatten. Insgesamt 20 Partien mit 30 Menschen haben zum derzeitigen Zeitpunkt ihr Interesse erkl\u00e4rt und Auskunft \u00fcber Wohnw\u00fcnsche, Motivation und eigene Interessen gegeben.<\/p>\n<p>Alle im Plenum vorgestellten Berechnungen und Auswertungen des Treffens stehen den Mitgliedern des Plenums in einem geschlossenen Bereich im Internet zur Verf\u00fcgung.<\/p>\n<p>&nbsp;<\/p>\n","protected":false},"excerpt":{"rendered":"<p>Am 18.8. trafen sich erstmalig diejenigen, die konkret an einer Mitarbeit bei der Realisierung unseres Wohnprojekts interessiert sind. Insgesamt 30 Menschen informierten sich und diskutierten am Sonntag in den R\u00e4umen des Klinikums. In einer ersten Vorstellungsrunde stellten sich alle mit &hellip; <a href=\"https:\/\/wohnprojektbadbramstedt.de\/?p=1518\">Weiterlesen <span class=\"meta-nav\">&rarr;<\/span><\/a><\/p>\n","protected":false},"author":1,"featured_media":0,"comment_status":"closed","ping_status":"closed","sticky":false,"template":"","format":"standard","meta":{"footnotes":""},"categories":[11],"tags":[13,14,15,18,19],"class_list":["post-1518","post","type-post","status-publish","format-standard","hentry","category-unsere-initiative","tag-bad-bramstedt","tag-generationsubergreifend","tag-genossenschaftliches-wohnen","tag-nachbarschaftlich","tag-wohnprojekt"],"_links":{"self":[{"href":"https:\/\/wohnprojektbadbramstedt.de\/index.php?rest_route=\/wp\/v2\/posts\/1518","targetHints":{"allow":["GET"]}}],"collection":[{"href":"https:\/\/wohnprojektbadbramstedt.de\/index.php?rest_route=\/wp\/v2\/posts"}],"about":[{"href":"https:\/\/wohnprojektbadbramstedt.de\/index.php?rest_route=\/wp\/v2\/types\/post"}],"author":[{"embeddable":true,"href":"https:\/\/wohnprojektbadbramstedt.de\/index.php?rest_route=\/wp\/v2\/users\/1"}],"replies":[{"embeddable":true,"href":"https:\/\/wohnprojektbadbramstedt.de\/index.php?rest_route=%2Fwp%2Fv2%2Fcomments&post=1518"}],"version-history":[{"count":9,"href":"https:\/\/wohnprojektbadbramstedt.de\/index.php?rest_route=\/wp\/v2\/posts\/1518\/revisions"}],"predecessor-version":[{"id":1537,"href":"https:\/\/wohnprojektbadbramstedt.de\/index.php?rest_route=\/wp\/v2\/posts\/1518\/revisions\/1537"}],"wp:attachment":[{"href":"https:\/\/wohnprojektbadbramstedt.de\/index.php?rest_route=%2Fwp%2Fv2%2Fmedia&parent=1518"}],"wp:term":[{"taxonomy":"category","embeddable":true,"href":"https:\/\/wohnprojektbadbramstedt.de\/index.php?rest_route=%2Fwp%2Fv2%2Fcategories&post=1518"},{"taxonomy":"post_tag","embeddable":true,"href":"https:\/\/wohnprojektbadbramstedt.de\/index.php?rest_route=%2Fwp%2Fv2%2Ftags&post=1518"}],"curies":[{"name":"wp","href":"https:\/\/api.w.org\/{rel}","templated":true}]}}