{"id":1585,"date":"2013-09-07T10:16:09","date_gmt":"2013-09-07T08:16:09","guid":{"rendered":"http:\/\/wohnprojekt.wohnprojektbadbramstedt.de\/?p=1585"},"modified":"2014-02-08T18:58:54","modified_gmt":"2014-02-08T16:58:54","slug":"2-plenumstreffen-diskussion-der-ziele","status":"publish","type":"post","link":"https:\/\/wohnprojektbadbramstedt.de\/?p=1585","title":{"rendered":"Zweites Plenumstreffen: Diskussion der Ziele"},"content":{"rendered":"<p>Mit dem <a title=\"Erstes Plenumstreffen des Wohnprojekts\" href=\"https:\/\/wohnprojektbadbramstedt.de\/?p=1518\" target=\"_blank\">ersten Treffen<\/a> der am Wohnprojekt Interessierten hatten wir am 18.8.13 die gemeinsame Arbeit im &#8222;Plenum&#8220; aufgenommen und treffen uns derzeit einmal monatlich. Bei unserm zweiten Treffen am 1.9.13 standen die <a title=\"Unsere Ziele\" href=\"https:\/\/wohnprojektbadbramstedt.de\/?page_id=10\" target=\"_blank\">Ziele des Wohnprojekts<\/a> im Vordergrund.<\/p>\n<div id=\"attachment_1583\" style=\"width: 310px\" class=\"wp-caption alignleft\"><a href=\"https:\/\/wohnprojektbadbramstedt.de\/wp-content\/uploads\/2013\/09\/03.jpg\"><img loading=\"lazy\" decoding=\"async\" aria-describedby=\"caption-attachment-1583\" class=\"size-medium wp-image-1583\" alt=\"Diskussion \u00fcber die Ziele in einer der drei Kleingruppen \" src=\"https:\/\/wohnprojektbadbramstedt.de\/wp-content\/uploads\/2013\/09\/03-300x204.jpg\" width=\"300\" height=\"204\" srcset=\"https:\/\/wohnprojektbadbramstedt.de\/wp-content\/uploads\/2013\/09\/03-300x204.jpg 300w, https:\/\/wohnprojektbadbramstedt.de\/wp-content\/uploads\/2013\/09\/03-1024x696.jpg 1024w\" sizes=\"auto, (max-width: 300px) 100vw, 300px\" \/><\/a><p id=\"caption-attachment-1583\" class=\"wp-caption-text\">Diskussion \u00fcber die Ziele in einer der drei Kleingruppen<\/p><\/div>\n<p>In drei Kleingruppen \u00fcberlegten wir gemeinsam, welche Ziele jeden einzelnen besonders ansprechen und mit welchen man sich eher schwer tut. Die Ergebnisse tauschten wir dann gemeinsam im Plenum aus. Besonders wichtig war den meisten die Organisation einer &#8222;guten Nachbarschaft&#8220; mit lebendiger Vielfalt, aber auch mit genug Raum zum R\u00fcckzug; man sollte sich und die anderen nicht mit zu hohen Anspr\u00fcchen \u00fcberfordern und die Freiwilligkeit m\u00fcsse immer gew\u00e4hrleistet sein. Im Zusammenhang mit der Nachbarschaft standen die Gemeinschaftseinrichtungen. Vieles w\u00e4re sehr verlockend &#8211; aber es muss von der Gemeinschaft \u00fcber die Miete hinaus regelm\u00e4\u00dfig bezahlt werden k\u00f6nnen. Auf alle F\u00e4lle wird ein gro\u00dfer Gemeinschaftsraum gew\u00fcnscht, mit einer K\u00fcche und Mobiliar f\u00fcr gemeinsame Treffen, f\u00fcr kleinere Veranstaltungen und eventuell einen sporadischen Caf\u00e8-Betrieb. Wichtig war weiterhin, dass die Gruppe zuk\u00fcnftige Bewohner &#8211; auch langfristig &#8211; bei einem Neueinzug mit ausw\u00e4hlen kann, um den Charakter des Wohnprojekts zu erhalten. Alle w\u00fcnschen sich eine gute Altersmischung und wir werden gezielt bei j\u00fcngeren Familien werben. Die formulierten Ziele wurden als eine gute Grundlage f\u00fcr die gemeinsame Weiterarbeit gesehen.<\/p>\n<div id=\"attachment_1584\" style=\"width: 310px\" class=\"wp-caption alignleft\"><a href=\"https:\/\/wohnprojektbadbramstedt.de\/wp-content\/uploads\/2013\/09\/07.jpg\"><img loading=\"lazy\" decoding=\"async\" aria-describedby=\"caption-attachment-1584\" class=\"size-medium wp-image-1584\" alt=\"Im HIntergrund die gesammelten Fragen\" src=\"https:\/\/wohnprojektbadbramstedt.de\/wp-content\/uploads\/2013\/09\/07-300x201.jpg\" width=\"300\" height=\"201\" srcset=\"https:\/\/wohnprojektbadbramstedt.de\/wp-content\/uploads\/2013\/09\/07-300x201.jpg 300w, https:\/\/wohnprojektbadbramstedt.de\/wp-content\/uploads\/2013\/09\/07-1024x687.jpg 1024w\" sizes=\"auto, (max-width: 300px) 100vw, 300px\" \/><\/a><p id=\"caption-attachment-1584\" class=\"wp-caption-text\">Im Hintergrund die auf K\u00e4rtchen gesammelten Fragen<\/p><\/div>\n<p>Die in der Diskussion aufgetretenen Fragen wurden noch einmal auf K\u00e4rtchen gesammelt und &#8211; soweit es um finanzielle, gesellschaftsrechtliche oder planerische Dinge ging &#8211; von Joachim (&#8222;Jochen&#8220;) Josenhans beantwortet. Er unterstrich noch einmal, dass in einer Genossenschaft die Bewohner sowohl Eigent\u00fcmer, wie auch Mieter sind und selbst entscheiden, wie das Projekt aussehen soll, z.B. wie der Schnitt der Wohnungen sein wird, ob man Carports bauen will, ob Haustiere und Hunde zugelassen werden, wie gro\u00df die selbst zu bewirtschafteten Gartenteile sein sollen. <em>&#8222;Alles ist machbar, was gesetzlich zul\u00e4ssig ist, was wir finanzieren k\u00f6nnen und wollen und wof\u00fcr sich in der Gruppe eine Mehrheit findet&#8220;<\/em>. Dies ist verlockend, bedingt aber viele Diskussionen, Zeit und Kompromissbereitschaft.<\/p>\n<p>Zum Zeitplan berichtete Joachim Josenhans, dass mit der Entscheidung des <a title=\"Einstimmiges Votum des Planungsausschusses f\u00fcr unser Wohnprojekt\" href=\"https:\/\/wohnprojektbadbramstedt.de\/?p=1554\" target=\"_blank\">Planungsausschusses am 26.8.13<\/a>, ein vorgezogenes Beteiligungsverfahren durchzuf\u00fchren, die Planung in die n\u00e4chste Phase gegangen ist. Damit w\u00e4re eine Fertigstellung &#8211; soweit nicht zu gro\u00dfe neue Schwierigkeiten auftauchen &#8211; in der zweite Jahresh\u00e4lfte 2015 m\u00f6glich.<\/p>\n<p>Nach einem weiteren Treffen im Oktober werden wir uns im November gemeinsam das <a title=\"Zu Besuch im Wohnprojekt Torfwiesenau\" href=\"https:\/\/wohnprojektbadbramstedt.de\/?p=380\" target=\"_blank\">Wohnprojekt Torfwiesenau<\/a> ansehen, welches alle Planungsetappen erfolgreich durchgestanden hat und in dem seit zwei Jahren nun gemeinschaftlich gewohnt wird.<\/p>\n","protected":false},"excerpt":{"rendered":"<p>Mit dem ersten Treffen der am Wohnprojekt Interessierten hatten wir am 18.8.13 die gemeinsame Arbeit im &#8222;Plenum&#8220; aufgenommen und treffen uns derzeit einmal monatlich. Bei unserm zweiten Treffen am 1.9.13 standen die Ziele des Wohnprojekts im Vordergrund. In drei Kleingruppen &hellip; <a href=\"https:\/\/wohnprojektbadbramstedt.de\/?p=1585\">Weiterlesen <span class=\"meta-nav\">&rarr;<\/span><\/a><\/p>\n","protected":false},"author":1,"featured_media":0,"comment_status":"closed","ping_status":"closed","sticky":false,"template":"","format":"standard","meta":{"footnotes":""},"categories":[11],"tags":[13,24,15,18,19],"class_list":["post-1585","post","type-post","status-publish","format-standard","hentry","category-unsere-initiative","tag-bad-bramstedt","tag-generationsuebergreifendes-wohnen","tag-genossenschaftliches-wohnen","tag-nachbarschaftlich","tag-wohnprojekt"],"_links":{"self":[{"href":"https:\/\/wohnprojektbadbramstedt.de\/index.php?rest_route=\/wp\/v2\/posts\/1585","targetHints":{"allow":["GET"]}}],"collection":[{"href":"https:\/\/wohnprojektbadbramstedt.de\/index.php?rest_route=\/wp\/v2\/posts"}],"about":[{"href":"https:\/\/wohnprojektbadbramstedt.de\/index.php?rest_route=\/wp\/v2\/types\/post"}],"author":[{"embeddable":true,"href":"https:\/\/wohnprojektbadbramstedt.de\/index.php?rest_route=\/wp\/v2\/users\/1"}],"replies":[{"embeddable":true,"href":"https:\/\/wohnprojektbadbramstedt.de\/index.php?rest_route=%2Fwp%2Fv2%2Fcomments&post=1585"}],"version-history":[{"count":3,"href":"https:\/\/wohnprojektbadbramstedt.de\/index.php?rest_route=\/wp\/v2\/posts\/1585\/revisions"}],"predecessor-version":[{"id":1588,"href":"https:\/\/wohnprojektbadbramstedt.de\/index.php?rest_route=\/wp\/v2\/posts\/1585\/revisions\/1588"}],"wp:attachment":[{"href":"https:\/\/wohnprojektbadbramstedt.de\/index.php?rest_route=%2Fwp%2Fv2%2Fmedia&parent=1585"}],"wp:term":[{"taxonomy":"category","embeddable":true,"href":"https:\/\/wohnprojektbadbramstedt.de\/index.php?rest_route=%2Fwp%2Fv2%2Fcategories&post=1585"},{"taxonomy":"post_tag","embeddable":true,"href":"https:\/\/wohnprojektbadbramstedt.de\/index.php?rest_route=%2Fwp%2Fv2%2Ftags&post=1585"}],"curies":[{"name":"wp","href":"https:\/\/api.w.org\/{rel}","templated":true}]}}