{"id":1625,"date":"2013-09-22T18:24:35","date_gmt":"2013-09-22T16:24:35","guid":{"rendered":"http:\/\/wohnprojekt.wohnprojektbadbramstedt.de\/?p=1625"},"modified":"2014-02-08T18:58:38","modified_gmt":"2014-02-08T16:58:38","slug":"besuch-im-betreuungsverein","status":"publish","type":"post","link":"https:\/\/wohnprojektbadbramstedt.de\/?p=1625","title":{"rendered":"Besuch im Betreuungsverein"},"content":{"rendered":"<div id=\"attachment_1624\" style=\"width: 236px\" class=\"wp-caption alignleft\"><a href=\"https:\/\/wohnprojektbadbramstedt.de\/wp-content\/uploads\/2013\/09\/IMG_0762.jpg\"><img loading=\"lazy\" decoding=\"async\" aria-describedby=\"caption-attachment-1624\" class=\"size-medium wp-image-1624\" alt=\"Der Betreuungsverein tagt in den R\u00e4umen des Trios in Bad Bramstedt\" src=\"https:\/\/wohnprojektbadbramstedt.de\/wp-content\/uploads\/2013\/09\/IMG_0762-226x300.jpg\" width=\"226\" height=\"300\" srcset=\"https:\/\/wohnprojektbadbramstedt.de\/wp-content\/uploads\/2013\/09\/IMG_0762-226x300.jpg 226w, https:\/\/wohnprojektbadbramstedt.de\/wp-content\/uploads\/2013\/09\/IMG_0762-773x1024.jpg 773w\" sizes=\"auto, (max-width: 226px) 100vw, 226px\" \/><\/a><p id=\"caption-attachment-1624\" class=\"wp-caption-text\">Der Betreuungsverein tagt in den R\u00e4umen des Trios in Bad Bramstedt<\/p><\/div>\n<p>Eines der Ziele unseres Wohnprojekts ist die &#8222;<a title=\"Inklusion und Gemeinschaft\" href=\"https:\/\/wohnprojektbadbramstedt.de\/?page_id=1014\" target=\"_blank\">Inklusion<\/a>&#8222;, d.h. das Zusammenleben mit Menschen mit k\u00f6rperlicher Behinderung und anderen Beeintr\u00e4chtigungen, die den Wunsch haben, eigenst\u00e4ndig zu leben und auch mit entsprechenden Hilfen dazu in der Lage sind. Dies war der Grund, dass uns der Betreuungsverein Kreis Segeberg e.V. im September zu seinem Treffen in das &#8222;TRIO&#8220;\u00a0 am Kirchenbleeck eingeladen hatte.<\/p>\n<p>Im <a title=\"Betreungsverein Bad Segeberg\" href=\"http:\/\/www.btv-segeberg.de\/\" target=\"_blank\">Betreuungsverein <\/a>treffen sich ehrenamtliche Betreuer, die kranke oder behinderte Menschen unterst\u00fctzen, z.B. bei der\u00a0 Finanzierung,\u00a0der\u00a0 Beauftragung eines Pflegedienstes, der Beantragung von Hilfen und der Verwaltung des Verm\u00f6gens. So\u00a0verhilft\u00a0die\u00a0eingesetzte Zeit\u00a0dem Betreuten zu einem selbstbestimmten Leben.<\/p>\n<p>Die anwesenden Betreuer waren sehr interessiert an unserem nachbarschaftlichen Konzept, das eine gute Chance zur Einbeziehung von Menschen mit Behinderungen darstellt. Dazu tr\u00e4gt bei, dass alle Wohnungen\u00a0 barrierefrei ausgestattet werden k\u00f6nnen und mit einem Aufzug erreichbar\u00a0 sind und\u00a0 dass ein genossenschaftliches Projekt auch f\u00fcr Menschen finanzierbar ist, die sich kein Eigentum leisten k\u00f6nnen oder wollen.<\/p>\n<p>Aber nicht nur f\u00fcr die Betreuten scheint das Konzept interessant, sondern auch f\u00fcr die Gruppe selbst; einer aus dem Kreis berichtete, dass er selbst an dem Aufbau eines nachbarschaftlichen Wohnprojekts an einem anderen Ort beteiligt ist.<\/p>\n<p>Wir werden im Kontakt blieben.<\/p>\n<p>&nbsp;<\/p>\n","protected":false},"excerpt":{"rendered":"<p>Eines der Ziele unseres Wohnprojekts ist die &#8222;Inklusion&#8222;, d.h. das Zusammenleben mit Menschen mit k\u00f6rperlicher Behinderung und anderen Beeintr\u00e4chtigungen, die den Wunsch haben, eigenst\u00e4ndig zu leben und auch mit entsprechenden Hilfen dazu in der Lage sind. Dies war der Grund, &hellip; <a href=\"https:\/\/wohnprojektbadbramstedt.de\/?p=1625\">Weiterlesen <span class=\"meta-nav\">&rarr;<\/span><\/a><\/p>\n","protected":false},"author":1,"featured_media":0,"comment_status":"open","ping_status":"open","sticky":false,"template":"","format":"standard","meta":{"footnotes":""},"categories":[8],"tags":[13,30,18,19],"class_list":["post-1625","post","type-post","status-publish","format-standard","hentry","category-inklusion","tag-bad-bramstedt","tag-inklusion","tag-nachbarschaftlich","tag-wohnprojekt"],"_links":{"self":[{"href":"https:\/\/wohnprojektbadbramstedt.de\/index.php?rest_route=\/wp\/v2\/posts\/1625","targetHints":{"allow":["GET"]}}],"collection":[{"href":"https:\/\/wohnprojektbadbramstedt.de\/index.php?rest_route=\/wp\/v2\/posts"}],"about":[{"href":"https:\/\/wohnprojektbadbramstedt.de\/index.php?rest_route=\/wp\/v2\/types\/post"}],"author":[{"embeddable":true,"href":"https:\/\/wohnprojektbadbramstedt.de\/index.php?rest_route=\/wp\/v2\/users\/1"}],"replies":[{"embeddable":true,"href":"https:\/\/wohnprojektbadbramstedt.de\/index.php?rest_route=%2Fwp%2Fv2%2Fcomments&post=1625"}],"version-history":[{"count":4,"href":"https:\/\/wohnprojektbadbramstedt.de\/index.php?rest_route=\/wp\/v2\/posts\/1625\/revisions"}],"predecessor-version":[{"id":1629,"href":"https:\/\/wohnprojektbadbramstedt.de\/index.php?rest_route=\/wp\/v2\/posts\/1625\/revisions\/1629"}],"wp:attachment":[{"href":"https:\/\/wohnprojektbadbramstedt.de\/index.php?rest_route=%2Fwp%2Fv2%2Fmedia&parent=1625"}],"wp:term":[{"taxonomy":"category","embeddable":true,"href":"https:\/\/wohnprojektbadbramstedt.de\/index.php?rest_route=%2Fwp%2Fv2%2Fcategories&post=1625"},{"taxonomy":"post_tag","embeddable":true,"href":"https:\/\/wohnprojektbadbramstedt.de\/index.php?rest_route=%2Fwp%2Fv2%2Ftags&post=1625"}],"curies":[{"name":"wp","href":"https:\/\/api.w.org\/{rel}","templated":true}]}}