{"id":1727,"date":"2013-10-25T09:20:13","date_gmt":"2013-10-25T07:20:13","guid":{"rendered":"http:\/\/wohnprojekt.wohnprojektbadbramstedt.de\/?p=1727"},"modified":"2014-01-05T12:07:50","modified_gmt":"2014-01-05T10:07:50","slug":"intenisive-arbeit-am-bebauungsplan","status":"publish","type":"post","link":"https:\/\/wohnprojektbadbramstedt.de\/?p=1727","title":{"rendered":"Intensive Arbeit am Bebauungsplan"},"content":{"rendered":"<div id=\"attachment_1729\" style=\"width: 310px\" class=\"wp-caption alignleft\"><a href=\"https:\/\/wohnprojektbadbramstedt.de\/wp-content\/uploads\/2013\/10\/DSC_4955-Kopie.jpg\"><img loading=\"lazy\" decoding=\"async\" aria-describedby=\"caption-attachment-1729\" class=\"size-medium wp-image-1729\" alt=\"Es wird Herbst Der Zugang zum Grundst\u00fcck im Nebel ( Zugang \u00fcber den Wanderweg von S\u00fcden)\" src=\"https:\/\/wohnprojektbadbramstedt.de\/wp-content\/uploads\/2013\/10\/DSC_4955-Kopie-300x246.jpg\" width=\"300\" height=\"246\" srcset=\"https:\/\/wohnprojektbadbramstedt.de\/wp-content\/uploads\/2013\/10\/DSC_4955-Kopie-300x246.jpg 300w, https:\/\/wohnprojektbadbramstedt.de\/wp-content\/uploads\/2013\/10\/DSC_4955-Kopie-1024x841.jpg 1024w\" sizes=\"auto, (max-width: 300px) 100vw, 300px\" \/><\/a><p id=\"caption-attachment-1729\" class=\"wp-caption-text\">Es wird Herbst<br \/>Der Blick auf das Grundst\u00fcck &#8222;Haus an den Auen&#8220;\u00a0 im Nebel (Zugang \u00fcber den Wanderweg von S\u00fcden)<\/p><\/div>\n<p>Wie bereits berichtet, muss f\u00fcr das Grundst\u00fcck unseres Wohnprojekts ein Bebauungsplan aufgestellt werden. Bei der Vorstellung des ersten Entwurfs des &#8222;Bebauungsplans 53 &#8218;Haus an den Auen'&#8220; im<a title=\"Klares Votum des Planungsausschusses f\u00fcr unser Wohnprojekt\" href=\"https:\/\/wohnprojektbadbramstedt.de\/?p=1554\"> Planungsausschuss Ende August 2013<\/a> gab es noch W\u00fcnsche und Anregungen seitens der Politik, die in die Planung einzuarbeiten sind. Um dies auf den Weg zu bringen, haben wir uns mit St\u00e4dteplaner, Gr\u00fcnplaner und Architekt getroffen und die Grundz\u00fcge der weiteren Planung abgestimmt.<\/p>\n<p>Nun liegt auch das Ergebnis der Vermessung des Grundst\u00fccks vor, in der die Lage jedes Baumes, der Wege, der Mauern, Gullys etc. eingezeichnet ist, sowie die H\u00f6henunterschiede an vielen Stellen des Grundst\u00fccks. Auch hieraus ergeben sich noch einige \u00c4nderungen f\u00fcr die Planung.<\/p>\n<p>Auf dieser Grundlage arbeiten die Fachleute derzeit in Abstimmung mit unserer Gruppe intensiv an einer Weiterentwicklung \u00a0der Architektenplanung und des Bebauungsplanentwurfs und werden dem Planungsausschuss am 18. November 2013 die Ergebnisse vorstellen. Danach erfolgt als n\u00e4chster Schritt die sogenannte &#8222;Fr\u00fchzeitige Beteiligung der Tr\u00e4ger \u00d6ffentlicher Belange&#8220;. Deren Stellungnahmen werden gesammelt, bewertet und m\u00fcssen in den weiteren Planungsschritten ber\u00fccksichtigt werden.<\/p>\n<p>Insgesamt ein aufw\u00e4ndiges Verfahren, das aber notwendig ist, um auf diesem sch\u00f6nen Grundst\u00fcck unser Wohnprojekt realisieren zu k\u00f6nnen.<\/p>\n","protected":false},"excerpt":{"rendered":"<p>Wie bereits berichtet, muss f\u00fcr das Grundst\u00fcck unseres Wohnprojekts ein Bebauungsplan aufgestellt werden. Bei der Vorstellung des ersten Entwurfs des &#8222;Bebauungsplans 53 &#8218;Haus an den Auen&#8217;&#8220; im Planungsausschuss Ende August 2013 gab es noch W\u00fcnsche und Anregungen seitens der Politik, &hellip; <a href=\"https:\/\/wohnprojektbadbramstedt.de\/?p=1727\">Weiterlesen <span class=\"meta-nav\">&rarr;<\/span><\/a><\/p>\n","protected":false},"author":1,"featured_media":0,"comment_status":"closed","ping_status":"closed","sticky":false,"template":"","format":"standard","meta":{"footnotes":""},"categories":[4],"tags":[13,21,14,18,19],"class_list":["post-1727","post","type-post","status-publish","format-standard","hentry","category-behorden-und-politik","tag-bad-bramstedt","tag-bauleitplanverfahren","tag-generationsubergreifend","tag-nachbarschaftlich","tag-wohnprojekt"],"_links":{"self":[{"href":"https:\/\/wohnprojektbadbramstedt.de\/index.php?rest_route=\/wp\/v2\/posts\/1727","targetHints":{"allow":["GET"]}}],"collection":[{"href":"https:\/\/wohnprojektbadbramstedt.de\/index.php?rest_route=\/wp\/v2\/posts"}],"about":[{"href":"https:\/\/wohnprojektbadbramstedt.de\/index.php?rest_route=\/wp\/v2\/types\/post"}],"author":[{"embeddable":true,"href":"https:\/\/wohnprojektbadbramstedt.de\/index.php?rest_route=\/wp\/v2\/users\/1"}],"replies":[{"embeddable":true,"href":"https:\/\/wohnprojektbadbramstedt.de\/index.php?rest_route=%2Fwp%2Fv2%2Fcomments&post=1727"}],"version-history":[{"count":15,"href":"https:\/\/wohnprojektbadbramstedt.de\/index.php?rest_route=\/wp\/v2\/posts\/1727\/revisions"}],"predecessor-version":[{"id":1743,"href":"https:\/\/wohnprojektbadbramstedt.de\/index.php?rest_route=\/wp\/v2\/posts\/1727\/revisions\/1743"}],"wp:attachment":[{"href":"https:\/\/wohnprojektbadbramstedt.de\/index.php?rest_route=%2Fwp%2Fv2%2Fmedia&parent=1727"}],"wp:term":[{"taxonomy":"category","embeddable":true,"href":"https:\/\/wohnprojektbadbramstedt.de\/index.php?rest_route=%2Fwp%2Fv2%2Fcategories&post=1727"},{"taxonomy":"post_tag","embeddable":true,"href":"https:\/\/wohnprojektbadbramstedt.de\/index.php?rest_route=%2Fwp%2Fv2%2Ftags&post=1727"}],"curies":[{"name":"wp","href":"https:\/\/api.w.org\/{rel}","templated":true}]}}