{"id":1790,"date":"2013-11-23T11:42:06","date_gmt":"2013-11-23T09:42:06","guid":{"rendered":"http:\/\/wohnprojekt.wohnprojektbadbramstedt.de\/?p=1790"},"modified":"2013-12-05T10:27:54","modified_gmt":"2013-12-05T08:27:54","slug":"unser-wohnprojekt-erneut-im-planungsausschuss","status":"publish","type":"post","link":"https:\/\/wohnprojektbadbramstedt.de\/?p=1790","title":{"rendered":"Unser Wohnprojekt erneut im Planungsausschuss"},"content":{"rendered":"<div id=\"attachment_1795\" style=\"width: 310px\" class=\"wp-caption alignleft\"><a href=\"https:\/\/wohnprojektbadbramstedt.de\/wp-content\/uploads\/2013\/12\/DSC_0012.jpg\"><img loading=\"lazy\" decoding=\"async\" aria-describedby=\"caption-attachment-1795\" class=\"size-medium wp-image-1795\" alt=\"Unser Wohnprojekt war bereits einige Male Beratungsgegenstand des Planungsausschusses\" src=\"https:\/\/wohnprojektbadbramstedt.de\/wp-content\/uploads\/2013\/12\/DSC_0012-300x130.jpg\" width=\"300\" height=\"130\" srcset=\"https:\/\/wohnprojektbadbramstedt.de\/wp-content\/uploads\/2013\/12\/DSC_0012-300x130.jpg 300w, https:\/\/wohnprojektbadbramstedt.de\/wp-content\/uploads\/2013\/12\/DSC_0012-1024x446.jpg 1024w\" sizes=\"auto, (max-width: 300px) 100vw, 300px\" \/><\/a><p id=\"caption-attachment-1795\" class=\"wp-caption-text\">Unser Wohnprojekt war bereits einige Male Beratungsgegenstand des Planungsausschusses. (Im Hintergrund ein Luftbild des Gel\u00e4ndes &#8222;Haus an den Auen&#8220;)<\/p><\/div>\n<p>Am 18.11.2013 befasst sich der Planungsausschusses erneut mit unserem Wohnprojekt. Trotz genereller Zustimmung aller Parteien waren wir in der vorigen Sitzung aufgefordert worden, weitere Einw\u00e4nde und Bedenken der Politik in eine \u00dcberarbeitung der Planung aufzunehmen, vgl. dazu unseren Blogbeitrag &#8222;<a title=\"Intensive Arbeit am Bebauungsplan\" href=\"https:\/\/wohnprojektbadbramstedt.de\/?p=1727\">Intensive Arbeiten am Bebauungsplan<\/a>&#8222;. Dass diese\u00a0\u00dcberarbeitung erfolgreich war, best\u00e4tigt das Protokoll des Planungsausschusses und hebt als Merkmale hervor: &#8222;Reduzierte und verlagerte \u00fcberbaubare Fl\u00e4che, erweiterter Gew\u00e4sserschutzstreifen, Festsetzung zu erhaltenden Einzelbaumbestandes und Geh\u00f6lzbestandes.&#8220;<\/p>\n<p>Die geforderte Verbreiterung des Abstands der Geb\u00e4ude zu dem sensiblen Gew\u00e4sserschutzstreifen hatte planerisch allerdings zur Folge, dass der Raum f\u00fcr die vorzuweisenden Parkpl\u00e4tze nicht mehr ausreichte, so dass im vorgelegten Entwurf das n\u00f6rdliche Geb\u00e4ude erh\u00f6ht werden musste, um mit einem Garagengeschoss einen Teil der nachzuweisenden Stellpl\u00e4tze unterzubringen.<\/p>\n<p>Dass es dagegen seitens der SPD wiederum Kritik gab, war f\u00fcr uns nicht nachzuvollziehen. Es ist auch der SPD klar, dass wir, um auch f\u00fcr &#8222;Normalb\u00fcrger&#8220; verkraftbare Mietkosten realisieren zu k\u00f6nnen, auf ein bestimmtes Bauvolumen angewiesen sind. Ein generations\u00fcbergreifendes, nachbarschaftliches und integratives Projekt ben\u00f6tigt einen Fahrstuhl, barrierefreie Zug\u00e4nge und Gemeinschaftseinrichtungen, deren Kosten auf alle umgelegt werden m\u00fcssen. Die Segeberger Zeitung berichtete \u00fcber die Sitzung mit der \u00dcberschrift: &#8222;Immer neue H\u00fcrden f\u00fcr das Generationenhaus&#8220; (siehe <a title=\"Pressespiegel\" href=\"https:\/\/wohnprojektbadbramstedt.de\/?page_id=17\">Pressespiegel<\/a>).<\/p>\n<p>Wie auch immer &#8211; der Ausschuss im Ganzen sieht unser Projekt positiv und mit den vorgenommenen \u00c4nderungen &#8222;kann das Verfahren auf der Grundlage dieses Vorentwurfs fortgesetzt werden.&#8220;<\/p>\n","protected":false},"excerpt":{"rendered":"<p>Am 18.11.2013 befasst sich der Planungsausschusses erneut mit unserem Wohnprojekt. Trotz genereller Zustimmung aller Parteien waren wir in der vorigen Sitzung aufgefordert worden, weitere Einw\u00e4nde und Bedenken der Politik in eine \u00dcberarbeitung der Planung aufzunehmen, vgl. dazu unseren Blogbeitrag &#8222;Intensive &hellip; <a href=\"https:\/\/wohnprojektbadbramstedt.de\/?p=1790\">Weiterlesen <span class=\"meta-nav\">&rarr;<\/span><\/a><\/p>\n","protected":false},"author":1,"featured_media":0,"comment_status":"closed","ping_status":"closed","sticky":false,"template":"","format":"standard","meta":{"footnotes":""},"categories":[4],"tags":[13,21,24,18,19],"class_list":["post-1790","post","type-post","status-publish","format-standard","hentry","category-behorden-und-politik","tag-bad-bramstedt","tag-bauleitplanverfahren","tag-generationsuebergreifendes-wohnen","tag-nachbarschaftlich","tag-wohnprojekt"],"_links":{"self":[{"href":"https:\/\/wohnprojektbadbramstedt.de\/index.php?rest_route=\/wp\/v2\/posts\/1790","targetHints":{"allow":["GET"]}}],"collection":[{"href":"https:\/\/wohnprojektbadbramstedt.de\/index.php?rest_route=\/wp\/v2\/posts"}],"about":[{"href":"https:\/\/wohnprojektbadbramstedt.de\/index.php?rest_route=\/wp\/v2\/types\/post"}],"author":[{"embeddable":true,"href":"https:\/\/wohnprojektbadbramstedt.de\/index.php?rest_route=\/wp\/v2\/users\/1"}],"replies":[{"embeddable":true,"href":"https:\/\/wohnprojektbadbramstedt.de\/index.php?rest_route=%2Fwp%2Fv2%2Fcomments&post=1790"}],"version-history":[{"count":12,"href":"https:\/\/wohnprojektbadbramstedt.de\/index.php?rest_route=\/wp\/v2\/posts\/1790\/revisions"}],"predecessor-version":[{"id":1823,"href":"https:\/\/wohnprojektbadbramstedt.de\/index.php?rest_route=\/wp\/v2\/posts\/1790\/revisions\/1823"}],"wp:attachment":[{"href":"https:\/\/wohnprojektbadbramstedt.de\/index.php?rest_route=%2Fwp%2Fv2%2Fmedia&parent=1790"}],"wp:term":[{"taxonomy":"category","embeddable":true,"href":"https:\/\/wohnprojektbadbramstedt.de\/index.php?rest_route=%2Fwp%2Fv2%2Fcategories&post=1790"},{"taxonomy":"post_tag","embeddable":true,"href":"https:\/\/wohnprojektbadbramstedt.de\/index.php?rest_route=%2Fwp%2Fv2%2Ftags&post=1790"}],"curies":[{"name":"wp","href":"https:\/\/api.w.org\/{rel}","templated":true}]}}