{"id":1803,"date":"2013-11-16T09:13:21","date_gmt":"2013-11-16T07:13:21","guid":{"rendered":"http:\/\/wohnprojekt.wohnprojektbadbramstedt.de\/?p=1803"},"modified":"2014-02-08T18:58:08","modified_gmt":"2014-02-08T16:58:08","slug":"wohnprojekt-live-kuchen-klatsch-konkrete-tipps","status":"publish","type":"post","link":"https:\/\/wohnprojektbadbramstedt.de\/?p=1803","title":{"rendered":"Wohnprojekt &#8222;live&#8220;: Kuchen, Klatsch, konkrete Tipps"},"content":{"rendered":"<p>Nach vielen Diskussionen \u00fcber Bauleitplanung, Finanzen und Gesellschaftsformen lag es f\u00fcr unsere Projektgruppe an, gemeinsam ein Wohnprojekt &#8222;live&#8220; in Augenschein zu nehmen. Klappt es in der Praxis wirklich, dass sich sehr unterschiedliche Menschen zusammentun, um gemeinsam zu wohnen und zu leben?<\/p>\n<div id=\"attachment_1807\" style=\"width: 650px\" class=\"wp-caption alignleft\"><a href=\"https:\/\/wohnprojektbadbramstedt.de\/wp-content\/uploads\/2013\/11\/DSC_00041.jpg\"><img loading=\"lazy\" decoding=\"async\" aria-describedby=\"caption-attachment-1807\" class=\"size-large wp-image-1807\" alt=\"Peter Blosat, einer der Initiatoren der &quot;Torfwiesenau&quot; zeigt den G\u00e4sten aus Bad Bramstedt das Aussengel\u00e4nde\" src=\"https:\/\/wohnprojektbadbramstedt.de\/wp-content\/uploads\/2013\/11\/DSC_00041-1024x682.jpg\" width=\"640\" height=\"426\" srcset=\"https:\/\/wohnprojektbadbramstedt.de\/wp-content\/uploads\/2013\/11\/DSC_00041-1024x682.jpg 1024w, https:\/\/wohnprojektbadbramstedt.de\/wp-content\/uploads\/2013\/11\/DSC_00041-300x200.jpg 300w\" sizes=\"auto, (max-width: 640px) 100vw, 640px\" \/><\/a><p id=\"caption-attachment-1807\" class=\"wp-caption-text\">Peter Blosat (Mitte), einer der Initiatoren der &#8222;Torfwiesenau&#8220;, zeigt den G\u00e4sten aus Bad Bramstedt das Aussengel\u00e4nde.<\/p><\/div>\n<p>Zum <a title=\"Zu Besuch im Wohnprojekt Torfwiesenau\" href=\"https:\/\/wohnprojektbadbramstedt.de\/?p=380\" target=\"_blank\">wiederholten Mal<\/a> statteten wir also am 3. 11.13 dem <a href=\"http:\/\/www.torfwiesen-au.de\/\" target=\"_blank\">Wohnprojekt Torfwiesenau<\/a> einen Besuch ab, aber ein so gro\u00dfes Treffen mit so vielen &#8222;Neuen&#8220; \u00a0hatte es zuvor noch nicht gegeben. Etwa zehn Bewohnerinnen und Bewohner der Torfwiesenau bereiteten den zw\u00f6lf Bramstedtern, die Zeit f\u00fcr den Besuch gefunden hatten, ein herzliches Willkommen.<\/p>\n<p>Wir starteten mit einem Rundgang \u00fcber das weitl\u00e4ufige Gel\u00e4nde und erhielten dabei Einblicke in Au\u00dfengestaltung, Pellet- Heizungsanlage, eine 50 qm Singlewohnung und eine gro\u00dfe 3- Etagen- Wohnung. All dies war nicht nur f\u00fcr unsere \u201eNeuen\u201c h\u00f6chst interessant.<\/p>\n<p>Anschlie\u00dfend wurden im Gemeinschaftshaus bei Kaffee, Tee und k\u00f6stlichen Kuchen angeregte Gespr\u00e4che in gro\u00dfen und kleinen Runden gef\u00fchrt. Hierbei ging es unter anderem um das t\u00e4gliche Miteinander im Wohnprojekt, den Betrieb und die Finanzierung des Gemeinschaftshauses, die Verbindung von Wohneigent\u00fcmern und \u201eGenossen\u201c, Arbeitsgruppen und Gemeinschaftsleistungen, Abstimmungsprozesse im Projekt und eine Menge Eindr\u00fccke zu Freud und Leid im Wohnprojekt.<\/p>\n<div id=\"attachment_1808\" style=\"width: 650px\" class=\"wp-caption alignleft\"><a href=\"https:\/\/wohnprojektbadbramstedt.de\/wp-content\/uploads\/2013\/11\/DSC_0011.jpg\"><img loading=\"lazy\" decoding=\"async\" aria-describedby=\"caption-attachment-1808\" class=\"size-large wp-image-1808\" alt=\"Gro\u00dfes Interesse am Erfahrungsaustausch der Wohnprojekte.\" src=\"https:\/\/wohnprojektbadbramstedt.de\/wp-content\/uploads\/2013\/11\/DSC_0011-1024x682.jpg\" width=\"640\" height=\"426\" srcset=\"https:\/\/wohnprojektbadbramstedt.de\/wp-content\/uploads\/2013\/11\/DSC_0011-1024x682.jpg 1024w, https:\/\/wohnprojektbadbramstedt.de\/wp-content\/uploads\/2013\/11\/DSC_0011-300x200.jpg 300w\" sizes=\"auto, (max-width: 640px) 100vw, 640px\" \/><\/a><p id=\"caption-attachment-1808\" class=\"wp-caption-text\">Freud und Leid im Wohnprojekt. Gro\u00dfes Interesse am Erfahrungsaustausch\u00a0 im Gemeinschaftshaus des Wohnprojekts &#8222;Torfwiesenau&#8220; in Kiel Heikendorf.<\/p><\/div>\n<p>Als wir uns dann im Dunkeln wieder auf den Heimweg machten, konnten wir auf einen aus menschlicher, informativer und kulinarischer Sicht gelungenen Nachmittag zur\u00fcck blicken. Dem entsprechend lebhaft waren dann auch noch die Gespr\u00e4che w\u00e4hrend der Heimfahrt.<\/p>\n<p>Ein vorl\u00e4ufiges Fazit: viel Arbeit so ein Wohnprojekt &#8211; aber es scheint sich zu lohnen! Ein herzliches Dankesch\u00f6n noch einmal an die Menschen der Torwiesenau.<\/p>\n","protected":false},"excerpt":{"rendered":"<p>Nach vielen Diskussionen \u00fcber Bauleitplanung, Finanzen und Gesellschaftsformen lag es f\u00fcr unsere Projektgruppe an, gemeinsam ein Wohnprojekt &#8222;live&#8220; in Augenschein zu nehmen. Klappt es in der Praxis wirklich, dass sich sehr unterschiedliche Menschen zusammentun, um gemeinsam zu wohnen und zu &hellip; <a href=\"https:\/\/wohnprojektbadbramstedt.de\/?p=1803\">Weiterlesen <span class=\"meta-nav\">&rarr;<\/span><\/a><\/p>\n","protected":false},"author":1,"featured_media":0,"comment_status":"closed","ping_status":"closed","sticky":false,"template":"","format":"standard","meta":{"footnotes":""},"categories":[12],"tags":[14,18,19],"class_list":["post-1803","post","type-post","status-publish","format-standard","hentry","category-wohnprojekte","tag-generationsubergreifend","tag-nachbarschaftlich","tag-wohnprojekt"],"_links":{"self":[{"href":"https:\/\/wohnprojektbadbramstedt.de\/index.php?rest_route=\/wp\/v2\/posts\/1803","targetHints":{"allow":["GET"]}}],"collection":[{"href":"https:\/\/wohnprojektbadbramstedt.de\/index.php?rest_route=\/wp\/v2\/posts"}],"about":[{"href":"https:\/\/wohnprojektbadbramstedt.de\/index.php?rest_route=\/wp\/v2\/types\/post"}],"author":[{"embeddable":true,"href":"https:\/\/wohnprojektbadbramstedt.de\/index.php?rest_route=\/wp\/v2\/users\/1"}],"replies":[{"embeddable":true,"href":"https:\/\/wohnprojektbadbramstedt.de\/index.php?rest_route=%2Fwp%2Fv2%2Fcomments&post=1803"}],"version-history":[{"count":14,"href":"https:\/\/wohnprojektbadbramstedt.de\/index.php?rest_route=\/wp\/v2\/posts\/1803\/revisions"}],"predecessor-version":[{"id":1821,"href":"https:\/\/wohnprojektbadbramstedt.de\/index.php?rest_route=\/wp\/v2\/posts\/1803\/revisions\/1821"}],"wp:attachment":[{"href":"https:\/\/wohnprojektbadbramstedt.de\/index.php?rest_route=%2Fwp%2Fv2%2Fmedia&parent=1803"}],"wp:term":[{"taxonomy":"category","embeddable":true,"href":"https:\/\/wohnprojektbadbramstedt.de\/index.php?rest_route=%2Fwp%2Fv2%2Fcategories&post=1803"},{"taxonomy":"post_tag","embeddable":true,"href":"https:\/\/wohnprojektbadbramstedt.de\/index.php?rest_route=%2Fwp%2Fv2%2Ftags&post=1803"}],"curies":[{"name":"wp","href":"https:\/\/api.w.org\/{rel}","templated":true}]}}