{"id":1824,"date":"2013-12-08T17:58:31","date_gmt":"2013-12-08T15:58:31","guid":{"rendered":"http:\/\/wohnprojekt.wohnprojektbadbramstedt.de\/?p=1824"},"modified":"2014-02-08T18:57:57","modified_gmt":"2014-02-08T16:57:57","slug":"viertes-plenumgstreffen-diskussion-mit-unserm-projektentwickler","status":"publish","type":"post","link":"https:\/\/wohnprojektbadbramstedt.de\/?p=1824","title":{"rendered":"Viertes Plenumstreffen: Diskussion mit unserm Projektentwickler"},"content":{"rendered":"<p>F\u00fcr unser 4. Plenumstreffen am 1.12.2013 hatte wir die <a href=\"http:\/\/www.stattbau-hamburg.de\/index.php\/stattbau-ueber-uns.html\" target=\"_blank\">Stattbau Hamburg GmbH <\/a>eingeladen, die bereits viele Projekte in Hamburg und auch in Schleswig-Holstein erfolgreich in der Realisierung eines Gruppenwohnprojekts begleitet hat.<\/p>\n<div id=\"attachment_1826\" style=\"width: 650px\" class=\"wp-caption alignleft\"><a href=\"https:\/\/wohnprojektbadbramstedt.de\/wp-content\/uploads\/2013\/12\/DSC_0030.jpg\"><img loading=\"lazy\" decoding=\"async\" aria-describedby=\"caption-attachment-1826\" class=\"size-large wp-image-1826\" alt=\"Der Gesch\u00e4ftsf\u00fchrer der Stattbau Hamburg GmbH, Dr. Tobias Behrens berichtet uns \u00fcber\" src=\"https:\/\/wohnprojektbadbramstedt.de\/wp-content\/uploads\/2013\/12\/DSC_0030-1024x627.jpg\" width=\"640\" height=\"391\" srcset=\"https:\/\/wohnprojektbadbramstedt.de\/wp-content\/uploads\/2013\/12\/DSC_0030-1024x627.jpg 1024w, https:\/\/wohnprojektbadbramstedt.de\/wp-content\/uploads\/2013\/12\/DSC_0030-300x183.jpg 300w\" sizes=\"auto, (max-width: 640px) 100vw, 640px\" \/><\/a><p id=\"caption-attachment-1826\" class=\"wp-caption-text\">Dr. Tobias Behrens stellt uns einen &#8222;Fahrplan f\u00fcr Baugemeinschaften und Gruppenwohnprojekte&#8220; vor<\/p><\/div>\n<p>Der Gesch\u00e4ftsf\u00fchrer Dr. Tobias Behrens, mit dem wir seit dem Beginn des Projekts im engen Kontakt stehen, berichtete \u00fcber die Aufgaben des Projektentwicklers bei der professionellen Vertretung des Bauherrn nach aussen sowie der Steuerung des Projekts nach innen. Der Bericht, wie auch die Erfahrung aller Projekte, mit denen wir im Gespr\u00e4ch sind, zeigte, dass eine professisonelle Betreuung eines so komplexen Projekts unbedingt erforderlich ist, da wir in Fragen von Finanzierung, Rechtsformen, Beauftragung und \u00dcberwachung Laien sind.<\/p>\n<div id=\"attachment_1828\" style=\"width: 310px\" class=\"wp-caption alignleft\"><a href=\"https:\/\/wohnprojektbadbramstedt.de\/wp-content\/uploads\/2013\/12\/DSC_0023.jpg\"><img loading=\"lazy\" decoding=\"async\" aria-describedby=\"caption-attachment-1828\" class=\"size-medium wp-image-1828\" alt=\"Gespr\u00e4che in der Pause\" src=\"https:\/\/wohnprojektbadbramstedt.de\/wp-content\/uploads\/2013\/12\/DSC_0023-300x206.jpg\" width=\"300\" height=\"206\" srcset=\"https:\/\/wohnprojektbadbramstedt.de\/wp-content\/uploads\/2013\/12\/DSC_0023-300x206.jpg 300w, https:\/\/wohnprojektbadbramstedt.de\/wp-content\/uploads\/2013\/12\/DSC_0023-1024x704.jpg 1024w\" sizes=\"auto, (max-width: 300px) 100vw, 300px\" \/><\/a><p id=\"caption-attachment-1828\" class=\"wp-caption-text\">Gespr\u00e4che in der Pause nach dem Vortrag von Dr. Behrens<\/p><\/div>\n<p>Im zweiten Teil unserer Sitzung sprachen wir \u00fcber die n\u00e4chsten Schritte in der Gruppe. Wir bieten nun allen Interessierten, die bisher am Plenum teilgenommen haben an, in die &#8222;anderes wohnen &#8211; gemeinsam leben GbR&#8220; aufgenommen zu werden. (Eine <a title=\"Plenum (intern)\" href=\"https:\/\/wohnprojektbadbramstedt.de\/?page_id=907\" target=\"_blank\">Satzung<\/a> liegt im geschlossenen Bereich vor). Die Mitgliedschaft bringt mehr Mitsprache- und Mitgestaltungsm\u00f6glichkeiten, heisst aber auch, sich an den Kosten des Planungsprozesses zu beteiligen. Auf unserer n\u00e4chsten Sitzung am Sonntag, den 12.1.2014 werden wir dann gemeinsam mit den neuen Gesellshaftern festlegen, welche Diskussions- und Arbeitsschwerpunkte wir uns im ersten Halbjahr 2014 f\u00fcr die weitere Realisierung des Projekts setzen wollen.<\/p>\n<p>Erfreulich ist, dass wir schon einen sehr stabilen Kern von Mitmachern haben, dennoch ist noch Platz f\u00fcr weitere am gemeinsamen Wohnen Interessierte. Vor allen f\u00fcr Familien mit Kindern werden wir noch Wohnungen freihalten.<\/p>\n","protected":false},"excerpt":{"rendered":"<p>F\u00fcr unser 4. Plenumstreffen am 1.12.2013 hatte wir die Stattbau Hamburg GmbH eingeladen, die bereits viele Projekte in Hamburg und auch in Schleswig-Holstein erfolgreich in der Realisierung eines Gruppenwohnprojekts begleitet hat. Der Gesch\u00e4ftsf\u00fchrer Dr. Tobias Behrens, mit dem wir seit &hellip; <a href=\"https:\/\/wohnprojektbadbramstedt.de\/?p=1824\">Weiterlesen <span class=\"meta-nav\">&rarr;<\/span><\/a><\/p>\n","protected":false},"author":1,"featured_media":0,"comment_status":"closed","ping_status":"closed","sticky":false,"template":"","format":"standard","meta":{"footnotes":""},"categories":[11],"tags":[13,18,19],"class_list":["post-1824","post","type-post","status-publish","format-standard","hentry","category-unsere-initiative","tag-bad-bramstedt","tag-nachbarschaftlich","tag-wohnprojekt"],"_links":{"self":[{"href":"https:\/\/wohnprojektbadbramstedt.de\/index.php?rest_route=\/wp\/v2\/posts\/1824","targetHints":{"allow":["GET"]}}],"collection":[{"href":"https:\/\/wohnprojektbadbramstedt.de\/index.php?rest_route=\/wp\/v2\/posts"}],"about":[{"href":"https:\/\/wohnprojektbadbramstedt.de\/index.php?rest_route=\/wp\/v2\/types\/post"}],"author":[{"embeddable":true,"href":"https:\/\/wohnprojektbadbramstedt.de\/index.php?rest_route=\/wp\/v2\/users\/1"}],"replies":[{"embeddable":true,"href":"https:\/\/wohnprojektbadbramstedt.de\/index.php?rest_route=%2Fwp%2Fv2%2Fcomments&post=1824"}],"version-history":[{"count":7,"href":"https:\/\/wohnprojektbadbramstedt.de\/index.php?rest_route=\/wp\/v2\/posts\/1824\/revisions"}],"predecessor-version":[{"id":1859,"href":"https:\/\/wohnprojektbadbramstedt.de\/index.php?rest_route=\/wp\/v2\/posts\/1824\/revisions\/1859"}],"wp:attachment":[{"href":"https:\/\/wohnprojektbadbramstedt.de\/index.php?rest_route=%2Fwp%2Fv2%2Fmedia&parent=1824"}],"wp:term":[{"taxonomy":"category","embeddable":true,"href":"https:\/\/wohnprojektbadbramstedt.de\/index.php?rest_route=%2Fwp%2Fv2%2Fcategories&post=1824"},{"taxonomy":"post_tag","embeddable":true,"href":"https:\/\/wohnprojektbadbramstedt.de\/index.php?rest_route=%2Fwp%2Fv2%2Ftags&post=1824"}],"curies":[{"name":"wp","href":"https:\/\/api.w.org\/{rel}","templated":true}]}}