{"id":1846,"date":"2013-12-29T11:43:33","date_gmt":"2013-12-29T09:43:33","guid":{"rendered":"http:\/\/wohnprojekt.wohnprojektbadbramstedt.de\/?p=1846"},"modified":"2014-01-05T12:07:09","modified_gmt":"2014-01-05T10:07:09","slug":"bauleitplanverfahren-fruehzeitige-beteiligung-der-traeger-oeffentlicher-belange","status":"publish","type":"post","link":"https:\/\/wohnprojektbadbramstedt.de\/?p=1846","title":{"rendered":"Bauleitplanverfahren f\u00fcr unser Wohnprojekt: &#8222;Fr\u00fchzeitige Beteiligung der Tr\u00e4ger \u00f6ffentlicher Belange&#8220;"},"content":{"rendered":"<div id=\"attachment_601\" style=\"width: 304px\" class=\"wp-caption alignleft\"><a href=\"https:\/\/wohnprojektbadbramstedt.de\/wp-content\/uploads\/2013\/01\/p4230005-kopie.jpg\"><img loading=\"lazy\" decoding=\"async\" aria-describedby=\"caption-attachment-601\" class=\"size-medium wp-image-601\" alt=\"Unterst\u00fctzung f\u00fcr unser Wohnprojekt im Rathaus Bad Bramstedt\" src=\"https:\/\/wohnprojektbadbramstedt.de\/wp-content\/uploads\/2013\/01\/p4230005-kopie-294x300.jpg\" width=\"294\" height=\"300\" srcset=\"https:\/\/wohnprojektbadbramstedt.de\/wp-content\/uploads\/2013\/01\/p4230005-kopie-294x300.jpg 294w, https:\/\/wohnprojektbadbramstedt.de\/wp-content\/uploads\/2013\/01\/p4230005-kopie.jpg 715w\" sizes=\"auto, (max-width: 294px) 100vw, 294px\" \/><\/a><p id=\"caption-attachment-601\" class=\"wp-caption-text\">Bekanntgabe des Aufstellungsbeschlusses f\u00fcr das Bauleitplanverfahren &#8222;Haus an den Auen&#8220;<\/p><\/div>\n<p>Wir hatten am Ende November berichtet, dass der <a title=\"Unser Wohnprojekt erneut im Planungsausschuss\" href=\"https:\/\/wohnprojektbadbramstedt.de\/?p=1790\">Planungsausschuss <\/a>sich\u00a0 erneut mit unserm Wohnprojekt besch\u00e4ftigt hatte. In der Folge hat die Stadt Bad Bramstedt Ende 2013\u00a0 nun\u00a0 den Aufstellungsbeschluss auf Ihrer <a href=\"http:\/\/www.bad-bramstedt.de\/index.php?object=tx|1844.6244.1&amp;ModID=7&amp;FID=2035.713.1&amp;NavID=2035.104&amp;La=1\" target=\"_blank\">Internetseite <\/a>und in der Zeitung bekanntgegeben und f\u00fchrt bis zum 27.1.2014 eine sogenannte &#8222;fr\u00fchzeitige Beteiligung der Tr\u00e4ger \u00d6ffentlicher Belange und der \u00d6ffentlichkeit&#8220; durch.<\/p>\n<p>Bei den Tr\u00e4gern \u00f6ffentlicher Belange handelt es sich in unserm Fall um ca. 40 private und \u00f6ffentliche Stellen, die zu einer Stellungnahme aufgefordert werden, da diese in ihren Aufgabenbereichen\u00a0 durch den Bebauungsplan ber\u00fchrt sein k\u00f6nnten. Insbesondere sind dies die unteren Landesbeh\u00f6rden, Energieversorger, Wasserwerke, Entsorgungsfirmen, Betreiber von Telekommunikationsnetzwerken, Post, Bahn, Tr\u00e4ger von Feuerwehr und Rettungsdienst \u00a0sowie Umweltverb\u00e4nde. Die Stellungnahmen werden dann vom beauftragten St\u00e4dteplaner gesichtet und bewertet und f\u00fchren gegebenenfalls zu weiteren \u00c4nderungen im Bebauungsplan.<\/p>\n<p>Wir sind gespannt, was uns da nun noch erwartet.<\/p>\n<p>&nbsp;<\/p>\n","protected":false},"excerpt":{"rendered":"<p>Wir hatten am Ende November berichtet, dass der Planungsausschuss sich\u00a0 erneut mit unserm Wohnprojekt besch\u00e4ftigt hatte. In der Folge hat die Stadt Bad Bramstedt Ende 2013\u00a0 nun\u00a0 den Aufstellungsbeschluss auf Ihrer Internetseite und in der Zeitung bekanntgegeben und f\u00fchrt bis &hellip; <a href=\"https:\/\/wohnprojektbadbramstedt.de\/?p=1846\">Weiterlesen <span class=\"meta-nav\">&rarr;<\/span><\/a><\/p>\n","protected":false},"author":1,"featured_media":0,"comment_status":"closed","ping_status":"closed","sticky":false,"template":"","format":"standard","meta":{"footnotes":""},"categories":[4],"tags":[13,21,18,19],"class_list":["post-1846","post","type-post","status-publish","format-standard","hentry","category-behorden-und-politik","tag-bad-bramstedt","tag-bauleitplanverfahren","tag-nachbarschaftlich","tag-wohnprojekt"],"_links":{"self":[{"href":"https:\/\/wohnprojektbadbramstedt.de\/index.php?rest_route=\/wp\/v2\/posts\/1846","targetHints":{"allow":["GET"]}}],"collection":[{"href":"https:\/\/wohnprojektbadbramstedt.de\/index.php?rest_route=\/wp\/v2\/posts"}],"about":[{"href":"https:\/\/wohnprojektbadbramstedt.de\/index.php?rest_route=\/wp\/v2\/types\/post"}],"author":[{"embeddable":true,"href":"https:\/\/wohnprojektbadbramstedt.de\/index.php?rest_route=\/wp\/v2\/users\/1"}],"replies":[{"embeddable":true,"href":"https:\/\/wohnprojektbadbramstedt.de\/index.php?rest_route=%2Fwp%2Fv2%2Fcomments&post=1846"}],"version-history":[{"count":14,"href":"https:\/\/wohnprojektbadbramstedt.de\/index.php?rest_route=\/wp\/v2\/posts\/1846\/revisions"}],"predecessor-version":[{"id":1865,"href":"https:\/\/wohnprojektbadbramstedt.de\/index.php?rest_route=\/wp\/v2\/posts\/1846\/revisions\/1865"}],"wp:attachment":[{"href":"https:\/\/wohnprojektbadbramstedt.de\/index.php?rest_route=%2Fwp%2Fv2%2Fmedia&parent=1846"}],"wp:term":[{"taxonomy":"category","embeddable":true,"href":"https:\/\/wohnprojektbadbramstedt.de\/index.php?rest_route=%2Fwp%2Fv2%2Fcategories&post=1846"},{"taxonomy":"post_tag","embeddable":true,"href":"https:\/\/wohnprojektbadbramstedt.de\/index.php?rest_route=%2Fwp%2Fv2%2Ftags&post=1846"}],"curies":[{"name":"wp","href":"https:\/\/api.w.org\/{rel}","templated":true}]}}