{"id":254,"date":"2012-03-11T09:14:26","date_gmt":"2012-03-11T09:14:26","guid":{"rendered":"http:\/\/wohnprojektbadbramstedt.wordpress.com\/?p=254"},"modified":"2014-03-02T09:20:07","modified_gmt":"2014-03-02T07:20:07","slug":"konnte-eine-wohngemeinschaft-fur-demente-in-unser-wohnprojekt-passen","status":"publish","type":"post","link":"https:\/\/wohnprojektbadbramstedt.de\/?p=254","title":{"rendered":"K\u00f6nnte eine Wohngemeinschaft f\u00fcr Demente in unser Wohnprojekt passen?"},"content":{"rendered":"<p><a href=\"http:\/\/wohnprojektbadbramstedt.files.wordpress.com\/2012\/04\/bildband_innen-teil-1.jpg\"><img loading=\"lazy\" decoding=\"async\" class=\"alignleft  wp-image-315\" title=\"Bildband_innen Teil 1\" alt=\"\" src=\"http:\/\/wohnprojektbadbramstedt.files.wordpress.com\/2012\/04\/bildband_innen-teil-1.jpg?w=300\" width=\"180\" height=\"160\" srcset=\"https:\/\/wohnprojektbadbramstedt.de\/wp-content\/uploads\/2012\/04\/bildband_innen-teil-1.jpg 303w, https:\/\/wohnprojektbadbramstedt.de\/wp-content\/uploads\/2012\/04\/bildband_innen-teil-1-300x267.jpg 300w\" sizes=\"auto, (max-width: 180px) 100vw, 180px\" \/><\/a>Auf der Suche nach Kooperationspartnern f\u00fcr unser Wohnprojekt f\u00fchren wir auch Gespr\u00e4che mit der Diakonie Altholstein, die im Kirchenkreis Altholstein interessante soziale Projekte in Leben gerufen hat. Am Mittwochnachmittag zur Kaffeezeit hatte uns die Diakonie in eine <a title=\"Wohngemeinschaft f\u00fcr Demente\" href=\"http:\/\/www.diakonie-altholstein.de\/de\/389\/demenz-wg.html\" target=\"_blank\">Wohngemeinschaft f\u00fcr Demente<\/a> eingeladen.<\/p>\n<p>Die Wohngemeinschaft erstreckt sich im Parterre eines ansprechend modernisierten Wohnblocks in einem Neum\u00fcnsteraner Wohngebiet. Fu\u00dfl\u00e4ufig sind Gesch\u00e4fte, \u00c4rzte und eine Apotheke zu erreichen. Wohngemeinschaft bedeutet bei diesem Konzept, dass alle 12 Bewohner Mieter von Einzimmerapartments sind und mit der Diakonie Altholstein einen Betreuungsvertrag abgeschlossen haben, der sich auf die gemeinsame Haushalts- und Lebensf\u00fchrung und Freizeitgestaltung bezieht. Die Bewohner leben in Einraumwohnungen mit Bad und Terrasse, diese liegen nebeneinander und haben alle Zugang zu einem sehr gro\u00dfz\u00fcgigen Gemeinschaftsbereich. Dieser wird \u00fcber einen zentralen Gang von der jeweiligen Wohnung erreicht. F\u00fcr die Wohnung ist jeder Mieter bzw. dessen Familie oder Betreuer selbst zust\u00e4ndig. Bei Bedarf an pflegerischer Hilfe wird diese von einem ambulanten Pflegedienst erbracht.<\/p>\n<p>Uns hat dieses Modell gut gefallen. Es ber\u00fccksichtigt individuelle W\u00fcnsche und macht einen sehr pers\u00f6nlichen Eindruck. Die Stimmung war freundlich und gelassen. Der Licht durchflutete Gemeinschaftsraum f\u00fchrt auf die Terrasse und in den Garten. Wir wollten wissen, ob Kontakt zu den anderen Hausbewohnern bestehen. Das ist nur ganz selten der Fall. Wenn allerdings ein Hausbewohner auch Unterst\u00fctzung im Alltag suchen und brauchen sollte, k\u00f6nnte er sich auch an die Wohngemeinschaft wenden.<\/p>\n<p>Eine solche Wohngemeinschaft in einem eigenen Geb\u00e4udetrakt w\u00e4re eine denkbare Erg\u00e4nzung unseres Wohnprojekts. Es w\u00fcrde vom sozialen Tr\u00e4ger eigenst\u00e4ndig organisiert, aber in die Nachbarschaft eingebettet und es w\u00fcrde die wirtschaftliche Basis unseres Projektes verbessern. Diskutiert wid allerdings in unserer Gruppe, ob damit das generations\u00fcbergreifende Projekt zu \u201ealterslastig&#8220; wird.<\/p>\n","protected":false},"excerpt":{"rendered":"<p>Auf der Suche nach Kooperationspartnern f\u00fcr unser Wohnprojekt f\u00fchren wir auch Gespr\u00e4che mit der Diakonie Altholstein, die im Kirchenkreis Altholstein interessante soziale Projekte in Leben gerufen hat. Am Mittwochnachmittag zur Kaffeezeit hatte uns die Diakonie in eine Wohngemeinschaft f\u00fcr Demente &hellip; <a href=\"https:\/\/wohnprojektbadbramstedt.de\/?p=254\">Weiterlesen <span class=\"meta-nav\">&rarr;<\/span><\/a><\/p>\n","protected":false},"author":3,"featured_media":0,"comment_status":"closed","ping_status":"closed","sticky":false,"template":"","format":"standard","meta":{"footnotes":""},"categories":[8,9],"tags":[30,18,19],"class_list":["post-254","post","type-post","status-publish","format-standard","hentry","category-inklusion","category-kooperationspartner","tag-inklusion","tag-nachbarschaftlich","tag-wohnprojekt"],"_links":{"self":[{"href":"https:\/\/wohnprojektbadbramstedt.de\/index.php?rest_route=\/wp\/v2\/posts\/254","targetHints":{"allow":["GET"]}}],"collection":[{"href":"https:\/\/wohnprojektbadbramstedt.de\/index.php?rest_route=\/wp\/v2\/posts"}],"about":[{"href":"https:\/\/wohnprojektbadbramstedt.de\/index.php?rest_route=\/wp\/v2\/types\/post"}],"author":[{"embeddable":true,"href":"https:\/\/wohnprojektbadbramstedt.de\/index.php?rest_route=\/wp\/v2\/users\/3"}],"replies":[{"embeddable":true,"href":"https:\/\/wohnprojektbadbramstedt.de\/index.php?rest_route=%2Fwp%2Fv2%2Fcomments&post=254"}],"version-history":[{"count":2,"href":"https:\/\/wohnprojektbadbramstedt.de\/index.php?rest_route=\/wp\/v2\/posts\/254\/revisions"}],"predecessor-version":[{"id":2055,"href":"https:\/\/wohnprojektbadbramstedt.de\/index.php?rest_route=\/wp\/v2\/posts\/254\/revisions\/2055"}],"wp:attachment":[{"href":"https:\/\/wohnprojektbadbramstedt.de\/index.php?rest_route=%2Fwp%2Fv2%2Fmedia&parent=254"}],"wp:term":[{"taxonomy":"category","embeddable":true,"href":"https:\/\/wohnprojektbadbramstedt.de\/index.php?rest_route=%2Fwp%2Fv2%2Fcategories&post=254"},{"taxonomy":"post_tag","embeddable":true,"href":"https:\/\/wohnprojektbadbramstedt.de\/index.php?rest_route=%2Fwp%2Fv2%2Ftags&post=254"}],"curies":[{"name":"wp","href":"https:\/\/api.w.org\/{rel}","templated":true}]}}