{"id":2659,"date":"2014-11-06T20:05:40","date_gmt":"2014-11-06T18:05:40","guid":{"rendered":"http:\/\/wohnprojekt.wohnprojektbadbramstedt.de\/?p=2659"},"modified":"2014-11-06T20:05:40","modified_gmt":"2014-11-06T18:05:40","slug":"es-geht-gut-voran","status":"publish","type":"post","link":"https:\/\/wohnprojektbadbramstedt.de\/?p=2659","title":{"rendered":"Es geht gut voran"},"content":{"rendered":"<div id=\"attachment_2660\" style=\"width: 310px\" class=\"wp-caption alignleft\"><a href=\"https:\/\/wohnprojektbadbramstedt.de\/wp-content\/uploads\/2014\/11\/IMG_8215-Kopie.jpg\"><img loading=\"lazy\" decoding=\"async\" aria-describedby=\"caption-attachment-2660\" class=\"wp-image-2660 size-medium\" src=\"https:\/\/wohnprojektbadbramstedt.de\/wp-content\/uploads\/2014\/11\/IMG_8215-Kopie-300x213.jpg\" alt=\"IMG_8215 - Kopie\" width=\"300\" height=\"213\" srcset=\"https:\/\/wohnprojektbadbramstedt.de\/wp-content\/uploads\/2014\/11\/IMG_8215-Kopie-300x213.jpg 300w, https:\/\/wohnprojektbadbramstedt.de\/wp-content\/uploads\/2014\/11\/IMG_8215-Kopie-1024x727.jpg 1024w\" sizes=\"auto, (max-width: 300px) 100vw, 300px\" \/><\/a><p id=\"caption-attachment-2660\" class=\"wp-caption-text\">Es wird herbstlich an den Auen. Der Blick von unserm Grundst\u00fcck hinab zur Schmalfelder Au. Vorn der &#8218;Verlobungsweg&#8216;, der an der Au entlang bis in das Zentrum von Bad Bramstedt f\u00fchrt.<\/p><\/div>\n<p>Am Sonntag, den 2. November 2014 traf sich unsere Initativgruppe zu ihrem 14. <strong>monatlichen Plenum<\/strong> und konnte konstatieren, dass es gut vorangeht mit unserm neuen &#8218;Haus an den Auen&#8216;. Die Gruppe ist stark angewachsen und f\u00fcr die meisten Wohnungen gibt es nun schon feste Interessenten. Die Gestaltung des Zusammenlebens wird gemeinsam geplant und entschieden. Die Vorbereitungen laufen in drei Arbeitsgruppen, die sich regelm\u00e4\u00dfig treffen und ihre Ergebnisse im Plenum austauschen:<\/p>\n<p>Die <strong>Arbeitsgruppe \u00d6ffentlichkeit und Gemeinschaft<\/strong> hatte zun\u00e4chst die Regie f\u00fcr die vielen Anfragen und Treffen zum Vorstellen unseres Projekts und zum gegenseitigen Kennenlernen. Jetzt, wo die Gruppe fast vollst\u00e4ndig ist, besch\u00e4ftigt sich\u00a0 die Arbeitsgruppe schwerpunktm\u00e4\u00dfig mit unseren Vorstellungen zum Zusammenwohnen, plant den Gemeinschaftsraum und die Aktivit\u00e4ten, die darin laufe sollen, macht sich Gedanken zur Gestaltung der Aussenanlagen mit gemeinsamen Pl\u00e4tzen und Treffpunkten und sammelt Erfahrungen zur gemeinschaftlichen Nutzung von Dingen, die man nicht 20 Mal in einer Gemeinschaft haben m\u00f6chte.<\/p>\n<p>Die <strong>Arbeitsgruppe Baugenehmigungsverfahren, Architektur und Bauen <\/strong>hatte zun\u00e4chst \u00fcber zwei Jahre das erfolgreich abgeschlossene Bauleitplanverfahren begleitet, macht sich nun Gedanken zur Gestaltung der H\u00e4user und Wohnungen und ist dabei, die verschiedenen W\u00fcnsche der zuk\u00fcnftigen Bewohner an ihre Wohnung in einem Gesamtkonzept unterzubringen. Als n\u00e4chsten Schritt wird der Architekt die Vorbereitungen f\u00fcr den Bauantrag in Angriff nehmen. Dabei wird die Arbeitsgruppe die vielen Fragen, die sich aus der zuk\u00fcnftigen Bewohnerschaft ergeben, mit dem Planer besprechen und abstimmen.<\/p>\n<p>Die <strong>Arbeitsgruppe Gesellschaftsform, Recht, Finanzierung<\/strong> hatte sich zun\u00e4chst damit besch\u00e4ftigt, wie die geplante Genossenschaft (Wohnen zur Miete) und die Wohnungseigent\u00fcmergemeinschaft (Wohnen im Eigentum) zusammenpassen. Nun\u00a0 ist sie im Gespr\u00e4ch mit einem genossenschaftlichen Dachverband, um die\u00a0 Gr\u00fcndung unserer Genossenschaft vorzubereiten. Daneben befasst sich die Arbeitsgruppe mit gesellschafts- und steuerrechtlichen Fragen, die sich bei der von uns gew\u00e4hlten Konstruktion ergeben. Sie wird die \u00dcberf\u00fchrung unser Planungs-GbR in eine Bau-GbR begleiten, die zu gr\u00fcnden ist, bevor wir den Auftrag f\u00fcr den Bau der H\u00e4user vergeben k\u00f6nnen. Und bei allem muss die Arbeitsgruppe noch die Kosten des gesamten Vorhabens im Griff behalten.<\/p>\n<p><strong>Viel Arbeit in den Gruppen, aber es macht auch Spass.\u00a0<\/strong> In den Arbeitsgruppen und im Plenum besch\u00e4ftigen wir uns nicht nur mit verschiedensten Themen, sondern lernen uns auch untereinander gut kennen. Jeder kann sein Wissen und seine Erfahrung in die Gruppen einbringen. Das ist eine gute Basis f\u00fcr das zuk\u00fcnftige Zusammenleben.<\/p>\n","protected":false},"excerpt":{"rendered":"<p>Am Sonntag, den 2. November 2014 traf sich unsere Initativgruppe zu ihrem 14. monatlichen Plenum und konnte konstatieren, dass es gut vorangeht mit unserm neuen &#8218;Haus an den Auen&#8216;. Die Gruppe ist stark angewachsen und f\u00fcr die meisten Wohnungen gibt &hellip; <a href=\"https:\/\/wohnprojektbadbramstedt.de\/?p=2659\">Weiterlesen <span class=\"meta-nav\">&rarr;<\/span><\/a><\/p>\n","protected":false},"author":1,"featured_media":0,"comment_status":"closed","ping_status":"closed","sticky":false,"template":"","format":"standard","meta":{"footnotes":""},"categories":[11],"tags":[13,15,18,19],"class_list":["post-2659","post","type-post","status-publish","format-standard","hentry","category-unsere-initiative","tag-bad-bramstedt","tag-genossenschaftliches-wohnen","tag-nachbarschaftlich","tag-wohnprojekt"],"_links":{"self":[{"href":"https:\/\/wohnprojektbadbramstedt.de\/index.php?rest_route=\/wp\/v2\/posts\/2659","targetHints":{"allow":["GET"]}}],"collection":[{"href":"https:\/\/wohnprojektbadbramstedt.de\/index.php?rest_route=\/wp\/v2\/posts"}],"about":[{"href":"https:\/\/wohnprojektbadbramstedt.de\/index.php?rest_route=\/wp\/v2\/types\/post"}],"author":[{"embeddable":true,"href":"https:\/\/wohnprojektbadbramstedt.de\/index.php?rest_route=\/wp\/v2\/users\/1"}],"replies":[{"embeddable":true,"href":"https:\/\/wohnprojektbadbramstedt.de\/index.php?rest_route=%2Fwp%2Fv2%2Fcomments&post=2659"}],"version-history":[{"count":8,"href":"https:\/\/wohnprojektbadbramstedt.de\/index.php?rest_route=\/wp\/v2\/posts\/2659\/revisions"}],"predecessor-version":[{"id":2668,"href":"https:\/\/wohnprojektbadbramstedt.de\/index.php?rest_route=\/wp\/v2\/posts\/2659\/revisions\/2668"}],"wp:attachment":[{"href":"https:\/\/wohnprojektbadbramstedt.de\/index.php?rest_route=%2Fwp%2Fv2%2Fmedia&parent=2659"}],"wp:term":[{"taxonomy":"category","embeddable":true,"href":"https:\/\/wohnprojektbadbramstedt.de\/index.php?rest_route=%2Fwp%2Fv2%2Fcategories&post=2659"},{"taxonomy":"post_tag","embeddable":true,"href":"https:\/\/wohnprojektbadbramstedt.de\/index.php?rest_route=%2Fwp%2Fv2%2Ftags&post=2659"}],"curies":[{"name":"wp","href":"https:\/\/api.w.org\/{rel}","templated":true}]}}