{"id":270,"date":"2012-03-18T11:00:22","date_gmt":"2012-03-18T10:00:22","guid":{"rendered":"http:\/\/wohnprojektbadbramstedt.wordpress.com\/?p=270"},"modified":"2014-03-02T09:19:42","modified_gmt":"2014-03-02T07:19:42","slug":"wann-offnen-wir-unsere-initiativgruppe","status":"publish","type":"post","link":"https:\/\/wohnprojektbadbramstedt.de\/?p=270","title":{"rendered":"Wann \u00f6ffnen wir unsere Initiativgruppe?"},"content":{"rendered":"<p>Mit dieser Frage haben wir uns beim letzten Initiativtreffen am 11. M\u00e4rz\u00a0 2012 besch\u00e4ftigt.<\/p>\n<p>Kurz zur Historie: nachdem wir seit Jahren in einer gro\u00dfen Gruppe (wechselnde 20-30 Menschen) in eher allgemeiner Form \u00fcber Wohnprojekte, Lebensformen und eigene Perspektiven diskutiert hatten, gab es keine Einigkeit, ab wann man mit der Konkretisierung beginnen solle. Daraufhin hatte eine kleinere Gruppe verabredet, wegen des zu erwartenden 2-4j\u00e4hrigen Projektvorlaufs jetzt in die konkrete Planung einzusteigen und die Voraussetzungen f\u00fcr das Wohnprojekt zu kl\u00e4ren. Die anderen Mitglieder wollten erst mal abwarten, was sich so entwickelt.<\/p>\n<div style=\"width: 279px\" class=\"wp-caption alignleft\"><img loading=\"lazy\" decoding=\"async\" alt=\"Erarbeitung einer gemeinsamen &quot;Zeitleiste&quot; f\u00fcr die weiteren Schritte\" src=\"http:\/\/wohnprojektbadbramstedt.files.wordpress.com\/2012\/03\/pb060055-kopie.jpg\" width=\"269\" height=\"267\" \/><p class=\"wp-caption-text\">&#8222;Zeitleiste&#8220; &#8211; Wir erarbeiten einen Zeitplan f\u00fcr die weiteren Schritte.<\/p><\/div>\n<p>Seit Anfang 2010 haben wir uns mit der kleinen Gruppe regelm\u00e4\u00dfig getroffen, haben mehrere Wohnprojekte angeguckt und uns vor allen Dingen um die Wahl eines Grundst\u00fccks gek\u00fcmmert. Wir haben Gespr\u00e4che mit dem Bauamt und dem B\u00fcrgermeister gef\u00fchrt und mittlerweile zwei Bauvoranfragen gestellt. Mit verschiedenen sozialen Tr\u00e4gern sind wir im Gespr\u00e4ch, wie man ein soziales Projekt in das Wohnprojekt integrieren kann. Um rechtliche, finanzielle und organisatorische Fragen zu kl\u00e4ren, haben wir uns mit <a title=\"Stattbau Hamburg\" href=\"http:\/\/www.stattbau-hamburg.de\/\" target=\"_blank\">Stattbau Hamburg<\/a>, dem Genossenschaftsverband und einer Genossenschaft getroffen. Derzeit konkretisiert sich die Frage des Grundst\u00fccks, viele weitere Aktivit\u00e4ten sind notwendig und wir gehen erste finanzielle Verpflichtungen ein.<\/p>\n<p class=\"wp-image-566 \">Jetzt wo es konkreter wird, erhalten wir auch wieder Anfragen, in die Projektgruppe einzusteigen. Wir haben diskutiert, ob es Sinn macht, unsere Gruppe zu diesem Zeitpunkt zu erweitern und entschieden, dass wir die Gruppe erst vergr\u00f6\u00dfern wollen, sobald konkrete Kaufverhandlung mit dem Grundst\u00fcckeigner beginnen. Bis dahin erscheint uns die kleine Gruppe schlagkr\u00e4ftiger und besser arbeitsf\u00e4hig zu sein.<\/p>\n<p>Wenn die Voraussetzungen f\u00fcr den Kauf eines Grundst\u00fccks vorhanden sind, werden wir eine Planungs-GBR (Gesellschaft b\u00fcrgerlichen Rechts) gr\u00fcnden, die unter anderem das Ziel hat, einen verbindlichen Rahmen f\u00fcr die Aufnahme Interessierter zu erm\u00f6glichen. Dann wollen wir alle Interessierten im Rahmen einer Veranstaltung informieren und werben, die weiteren Schritte des Projektes gemeinsam zu machen.<\/p>\n","protected":false},"excerpt":{"rendered":"<p>Mit dieser Frage haben wir uns beim letzten Initiativtreffen am 11. M\u00e4rz\u00a0 2012 besch\u00e4ftigt. Kurz zur Historie: nachdem wir seit Jahren in einer gro\u00dfen Gruppe (wechselnde 20-30 Menschen) in eher allgemeiner Form \u00fcber Wohnprojekte, Lebensformen und eigene Perspektiven diskutiert hatten, &hellip; <a href=\"https:\/\/wohnprojektbadbramstedt.de\/?p=270\">Weiterlesen <span class=\"meta-nav\">&rarr;<\/span><\/a><\/p>\n","protected":false},"author":3,"featured_media":0,"comment_status":"closed","ping_status":"closed","sticky":false,"template":"","format":"standard","meta":{"footnotes":""},"categories":[10,11],"tags":[14,18,19],"class_list":["post-270","post","type-post","status-publish","format-standard","hentry","category-mitmachen","category-unsere-initiative","tag-generationsubergreifend","tag-nachbarschaftlich","tag-wohnprojekt"],"_links":{"self":[{"href":"https:\/\/wohnprojektbadbramstedt.de\/index.php?rest_route=\/wp\/v2\/posts\/270","targetHints":{"allow":["GET"]}}],"collection":[{"href":"https:\/\/wohnprojektbadbramstedt.de\/index.php?rest_route=\/wp\/v2\/posts"}],"about":[{"href":"https:\/\/wohnprojektbadbramstedt.de\/index.php?rest_route=\/wp\/v2\/types\/post"}],"author":[{"embeddable":true,"href":"https:\/\/wohnprojektbadbramstedt.de\/index.php?rest_route=\/wp\/v2\/users\/3"}],"replies":[{"embeddable":true,"href":"https:\/\/wohnprojektbadbramstedt.de\/index.php?rest_route=%2Fwp%2Fv2%2Fcomments&post=270"}],"version-history":[{"count":1,"href":"https:\/\/wohnprojektbadbramstedt.de\/index.php?rest_route=\/wp\/v2\/posts\/270\/revisions"}],"predecessor-version":[{"id":2054,"href":"https:\/\/wohnprojektbadbramstedt.de\/index.php?rest_route=\/wp\/v2\/posts\/270\/revisions\/2054"}],"wp:attachment":[{"href":"https:\/\/wohnprojektbadbramstedt.de\/index.php?rest_route=%2Fwp%2Fv2%2Fmedia&parent=270"}],"wp:term":[{"taxonomy":"category","embeddable":true,"href":"https:\/\/wohnprojektbadbramstedt.de\/index.php?rest_route=%2Fwp%2Fv2%2Fcategories&post=270"},{"taxonomy":"post_tag","embeddable":true,"href":"https:\/\/wohnprojektbadbramstedt.de\/index.php?rest_route=%2Fwp%2Fv2%2Ftags&post=270"}],"curies":[{"name":"wp","href":"https:\/\/api.w.org\/{rel}","templated":true}]}}