{"id":2841,"date":"2015-01-31T19:40:19","date_gmt":"2015-01-31T17:40:19","guid":{"rendered":"http:\/\/wohnprojekt.wohnprojektbadbramstedt.de\/?p=2841"},"modified":"2015-01-31T20:49:59","modified_gmt":"2015-01-31T18:49:59","slug":"abriss-weitgehend-abgeschlossen","status":"publish","type":"post","link":"https:\/\/wohnprojektbadbramstedt.de\/?p=2841","title":{"rendered":"Abschied vom alten &#8218;Haus an den Auen&#8216;"},"content":{"rendered":"<div id=\"attachment_2839\" style=\"width: 310px\" class=\"wp-caption alignleft\"><a href=\"https:\/\/wohnprojektbadbramstedt.de\/wp-content\/uploads\/2015\/01\/DSC_3367-Abriss-Ostfl\u00fcgel.jpg\"><img loading=\"lazy\" decoding=\"async\" aria-describedby=\"caption-attachment-2839\" class=\"wp-image-2839 size-medium\" src=\"https:\/\/wohnprojektbadbramstedt.de\/wp-content\/uploads\/2015\/01\/DSC_3367-Abriss-Ostfl\u00fcgel-300x189.jpg\" alt=\"DSC_3367 Abriss Ostfl\u00fcgel\" width=\"300\" height=\"189\" srcset=\"https:\/\/wohnprojektbadbramstedt.de\/wp-content\/uploads\/2015\/01\/DSC_3367-Abriss-Ostfl\u00fcgel-300x189.jpg 300w, https:\/\/wohnprojektbadbramstedt.de\/wp-content\/uploads\/2015\/01\/DSC_3367-Abriss-Ostfl\u00fcgel-1024x644.jpg 1024w\" sizes=\"auto, (max-width: 300px) 100vw, 300px\" \/><\/a><p id=\"caption-attachment-2839\" class=\"wp-caption-text\">Der Abrissbagger bei der Arbeit. Am 22.01.15 waren bereits gro\u00dfe Teile des Geb\u00e4udes abgerissen und &#8211; nach Materialien sortiert &#8211; gesammelt und abgefahren<\/p><\/div>\n<p>Seit Ende 2014 sind die <a title=\"Der Abriss beginnt\" href=\"https:\/\/wohnprojektbadbramstedt.de\/?p=2721\">Abrissarbeiten<\/a> beim alten &#8218;Haus an den Auen&#8216; im Gange. Zun\u00e4chst wurde das Innere entkernt und Heizungen, Fenster, T\u00fcren und Leichtbauw\u00e4nde herausgenommen. Dann &#8222;fra\u00dfen&#8220; sich die Bagger durch das Mauerwerk und zerlegten das Haus St\u00fcck f\u00fcr St\u00fcck; Mauerwerk, Beton, Metall, Holz und andere Fraktionen wurden mit dem Bagger zu Schuttbergen aufget\u00fcrmt und dann abgefahren.Nun ist das gesamte Geb\u00e4ude abgebrochen und die Kellerw\u00e4nde folgen. Die Arbeiten sollen bis Mitte Februar 2015 abgeschlossen sein. Schon jetzt zeigt sich der sch\u00f6ne Blick in das Auental und das Eichenw\u00e4ldchen, den wir aus den Wohnungen werden geniessen k\u00f6nnen.<\/p>\n<p>Doch bis dahin ist es noch einiges zu tun. Wir haben f\u00fcr die meisten Wohnungen schon feste Interessenten, die sich unserer Gruppe angeschlossen haben und sich aktiv an der Arbeit beteiligen; wir suchen aber noch Mitbewohner f\u00fcr die letzten freien Wohnungen in der Gr\u00f6\u00dfe von ca.60qm, 80qm und 110qm. Der Abriss hat erneute Aufmerksamkeit f\u00fcr unser Projekt gebracht und zu vielen Nachfragen gef\u00fchrt. Derzeit f\u00fchren wir Gespr\u00e4che mit verschiedenen Interessenten.<\/p>\n<p>Als n\u00e4chster Schritt k\u00f6nnen dann die konkrete Planung der einzelnen Wohnungen, des Gemeinschaftsraums und der Gemeinschaftsanlagen (Stellpl\u00e4tze, Carports, Grill- und Sitzplatz, Gartenanlage etc.) abgeschlossen werden. Diese \u00dcberlegungen sind Grundlage f\u00fcr den Bauantrag, den wir auf Grundlage des genehmigten <a title=\"Stadtverordnete machen den Weg frei!\" href=\"https:\/\/wohnprojektbadbramstedt.de\/?p=2451\">Bebauungsplans<\/a> so bald wie m\u00f6glich stellen werden.<\/p>\n<div id=\"attachment_2840\" style=\"width: 650px\" class=\"wp-caption alignleft\"><a href=\"https:\/\/wohnprojektbadbramstedt.de\/wp-content\/uploads\/2015\/01\/DSC_3455-Abriss-Stand-30.1.15.jpg\"><img loading=\"lazy\" decoding=\"async\" aria-describedby=\"caption-attachment-2840\" class=\"wp-image-2840 size-large\" src=\"https:\/\/wohnprojektbadbramstedt.de\/wp-content\/uploads\/2015\/01\/DSC_3455-Abriss-Stand-30.1.15-1024x540.jpg\" alt=\"DSC_3455 Abriss Stand 30.1.15\" width=\"640\" height=\"338\" srcset=\"https:\/\/wohnprojektbadbramstedt.de\/wp-content\/uploads\/2015\/01\/DSC_3455-Abriss-Stand-30.1.15-1024x540.jpg 1024w, https:\/\/wohnprojektbadbramstedt.de\/wp-content\/uploads\/2015\/01\/DSC_3455-Abriss-Stand-30.1.15-300x158.jpg 300w\" sizes=\"auto, (max-width: 640px) 100vw, 640px\" \/><\/a><p id=\"caption-attachment-2840\" class=\"wp-caption-text\">Noch zwei Wochen, dann ist das Gel\u00e4nde vollst\u00e4ndig ger\u00e4umt. Im Vordergrund eine der gesch\u00fczten Kopflinden, die das Grundst\u00fcck an der Oskar-Alexander-Stra\u00dfe und dem Birkenweg zur Stra\u00dfe hin abgrenzen<\/p><\/div>\n<p>&nbsp;<\/p>\n","protected":false},"excerpt":{"rendered":"<p>Seit Ende 2014 sind die Abrissarbeiten beim alten &#8218;Haus an den Auen&#8216; im Gange. Zun\u00e4chst wurde das Innere entkernt und Heizungen, Fenster, T\u00fcren und Leichtbauw\u00e4nde herausgenommen. Dann &#8222;fra\u00dfen&#8220; sich die Bagger durch das Mauerwerk und zerlegten das Haus St\u00fcck f\u00fcr &hellip; <a href=\"https:\/\/wohnprojektbadbramstedt.de\/?p=2841\">Weiterlesen <span class=\"meta-nav\">&rarr;<\/span><\/a><\/p>\n","protected":false},"author":1,"featured_media":0,"comment_status":"closed","ping_status":"closed","sticky":false,"template":"","format":"standard","meta":{"footnotes":""},"categories":[7],"tags":[13,15,18,19],"class_list":["post-2841","post","type-post","status-publish","format-standard","hentry","category-grundstuck","tag-bad-bramstedt","tag-genossenschaftliches-wohnen","tag-nachbarschaftlich","tag-wohnprojekt"],"_links":{"self":[{"href":"https:\/\/wohnprojektbadbramstedt.de\/index.php?rest_route=\/wp\/v2\/posts\/2841","targetHints":{"allow":["GET"]}}],"collection":[{"href":"https:\/\/wohnprojektbadbramstedt.de\/index.php?rest_route=\/wp\/v2\/posts"}],"about":[{"href":"https:\/\/wohnprojektbadbramstedt.de\/index.php?rest_route=\/wp\/v2\/types\/post"}],"author":[{"embeddable":true,"href":"https:\/\/wohnprojektbadbramstedt.de\/index.php?rest_route=\/wp\/v2\/users\/1"}],"replies":[{"embeddable":true,"href":"https:\/\/wohnprojektbadbramstedt.de\/index.php?rest_route=%2Fwp%2Fv2%2Fcomments&post=2841"}],"version-history":[{"count":9,"href":"https:\/\/wohnprojektbadbramstedt.de\/index.php?rest_route=\/wp\/v2\/posts\/2841\/revisions"}],"predecessor-version":[{"id":2851,"href":"https:\/\/wohnprojektbadbramstedt.de\/index.php?rest_route=\/wp\/v2\/posts\/2841\/revisions\/2851"}],"wp:attachment":[{"href":"https:\/\/wohnprojektbadbramstedt.de\/index.php?rest_route=%2Fwp%2Fv2%2Fmedia&parent=2841"}],"wp:term":[{"taxonomy":"category","embeddable":true,"href":"https:\/\/wohnprojektbadbramstedt.de\/index.php?rest_route=%2Fwp%2Fv2%2Fcategories&post=2841"},{"taxonomy":"post_tag","embeddable":true,"href":"https:\/\/wohnprojektbadbramstedt.de\/index.php?rest_route=%2Fwp%2Fv2%2Ftags&post=2841"}],"curies":[{"name":"wp","href":"https:\/\/api.w.org\/{rel}","templated":true}]}}