{"id":287,"date":"2012-03-25T10:25:24","date_gmt":"2012-03-25T10:25:24","guid":{"rendered":"http:\/\/wohnprojektbadbramstedt.wordpress.com\/?p=287"},"modified":"2013-04-06T08:25:42","modified_gmt":"2013-04-06T08:25:42","slug":"287","status":"publish","type":"post","link":"https:\/\/wohnprojektbadbramstedt.de\/?p=287","title":{"rendered":"Planungsb\u00fcrokratie &#8211; f\u00fcr einen Laien nicht so recht verst\u00e4ndlich"},"content":{"rendered":"<p><a href=\"http:\/\/wohnprojektbadbramstedt.files.wordpress.com\/2012\/04\/katze.png\"><img loading=\"lazy\" decoding=\"async\" class=\"alignleft size-thumbnail wp-image-332\" title=\"Katze\" src=\"http:\/\/wohnprojektbadbramstedt.files.wordpress.com\/2012\/04\/katze.png?w=150\" alt=\"\" width=\"150\" height=\"142\" \/><\/a>Als Reaktion auf unsere <a title=\"Bauvoranfrage\" href=\"http:\/\/wohnprojektbadbramstedt.wordpress.com\/2012\/02\/15\/reaktion-auf-u\u2026-bauvoranfrage\/\">Bauvoranfrage <\/a>hatte das Kreisbauamt aufgrund planungsrechtlicher Vorgaben im Fl\u00e4chennutzungsplan einen negativen Vorbescheid geschickt und geschrieben, dass <em>&#8222;eine Zul\u00e4ssigkeit des Vorhabens<\/em> <em>nur durch die Anderung des Fl\u00e4chennutzungsplanes und durch die Aufstellung<\/em> <em>eines vorhabenbezogenen Bebauungsplanes erreicht werden kann.&#8220;<\/em><\/p>\n<p>Das hatten wir im Einklang mit den \u00f6rtlichen Fachleuten so verstanden, dass mit der Aufstellung dieser Pl\u00e4ne eine Realisierung unseres Wohnprojekts auf dem Grundst\u00fcck m\u00f6glich sein wird. Daraufhin haben wir einen Termin mit der Stadtverwaltung gemacht, um die n\u00e4chsten Planungsschritte zu besprechen.<\/p>\n<p>Gebremst hat uns dabei allerdings, dass wir von Mitarbeitern des Kreises mit der Interpretation konfrontiert wurden, dass auch bei der\u00a0 Vorlage eines ge\u00e4nderten Fl\u00e4chennutzungsplans und der Erstellung eines Bebauungsplans\u00a0\u00a0 eine Bebaubarkeit<em> &#8222;nicht in Aussicht gestellt&#8220; <\/em>werden k\u00f6nne.<\/p>\n<p>Das kommt uns doch widerspr\u00fcchlich vor und ist nun zun\u00e4chst zu kl\u00e4ren.<\/p>\n","protected":false},"excerpt":{"rendered":"<p>Als Reaktion auf unsere Bauvoranfrage hatte das Kreisbauamt aufgrund planungsrechtlicher Vorgaben im Fl\u00e4chennutzungsplan einen negativen Vorbescheid geschickt und geschrieben, dass &#8222;eine Zul\u00e4ssigkeit des Vorhabens nur durch die Anderung des Fl\u00e4chennutzungsplanes und durch die Aufstellung eines vorhabenbezogenen Bebauungsplanes erreicht werden kann.&#8220; &hellip; <a href=\"https:\/\/wohnprojektbadbramstedt.de\/?p=287\">Weiterlesen <span class=\"meta-nav\">&rarr;<\/span><\/a><\/p>\n","protected":false},"author":3,"featured_media":0,"comment_status":"closed","ping_status":"closed","sticky":false,"template":"","format":"standard","meta":{"footnotes":""},"categories":[4],"tags":[13,14,19],"class_list":["post-287","post","type-post","status-publish","format-standard","hentry","category-behorden-und-politik","tag-bad-bramstedt","tag-generationsubergreifend","tag-wohnprojekt"],"_links":{"self":[{"href":"https:\/\/wohnprojektbadbramstedt.de\/index.php?rest_route=\/wp\/v2\/posts\/287","targetHints":{"allow":["GET"]}}],"collection":[{"href":"https:\/\/wohnprojektbadbramstedt.de\/index.php?rest_route=\/wp\/v2\/posts"}],"about":[{"href":"https:\/\/wohnprojektbadbramstedt.de\/index.php?rest_route=\/wp\/v2\/types\/post"}],"author":[{"embeddable":true,"href":"https:\/\/wohnprojektbadbramstedt.de\/index.php?rest_route=\/wp\/v2\/users\/3"}],"replies":[{"embeddable":true,"href":"https:\/\/wohnprojektbadbramstedt.de\/index.php?rest_route=%2Fwp%2Fv2%2Fcomments&post=287"}],"version-history":[{"count":1,"href":"https:\/\/wohnprojektbadbramstedt.de\/index.php?rest_route=\/wp\/v2\/posts\/287\/revisions"}],"predecessor-version":[{"id":841,"href":"https:\/\/wohnprojektbadbramstedt.de\/index.php?rest_route=\/wp\/v2\/posts\/287\/revisions\/841"}],"wp:attachment":[{"href":"https:\/\/wohnprojektbadbramstedt.de\/index.php?rest_route=%2Fwp%2Fv2%2Fmedia&parent=287"}],"wp:term":[{"taxonomy":"category","embeddable":true,"href":"https:\/\/wohnprojektbadbramstedt.de\/index.php?rest_route=%2Fwp%2Fv2%2Fcategories&post=287"},{"taxonomy":"post_tag","embeddable":true,"href":"https:\/\/wohnprojektbadbramstedt.de\/index.php?rest_route=%2Fwp%2Fv2%2Ftags&post=287"}],"curies":[{"name":"wp","href":"https:\/\/api.w.org\/{rel}","templated":true}]}}