{"id":297,"date":"2012-03-20T15:39:41","date_gmt":"2012-03-20T14:39:41","guid":{"rendered":"http:\/\/wohnprojektbadbramstedt.wordpress.com\/?p=297"},"modified":"2014-03-02T09:19:18","modified_gmt":"2014-03-02T07:19:18","slug":"wir-suchen-kooperationspartner","status":"publish","type":"post","link":"https:\/\/wohnprojektbadbramstedt.de\/?p=297","title":{"rendered":"Wir suchen Kooperationspartner"},"content":{"rendered":"<p><a href=\"http:\/\/wohnprojektbadbramstedt.files.wordpress.com\/2012\/04\/bildband_teil-3.jpg\"><img loading=\"lazy\" decoding=\"async\" class=\"alignleft  wp-image-313\" title=\"Bildband_Teil 3\" alt=\"\" src=\"http:\/\/wohnprojektbadbramstedt.files.wordpress.com\/2012\/04\/bildband_teil-3.jpg?w=300\" width=\"180\" height=\"157\" srcset=\"https:\/\/wohnprojektbadbramstedt.de\/wp-content\/uploads\/2012\/04\/bildband_teil-3.jpg 310w, https:\/\/wohnprojektbadbramstedt.de\/wp-content\/uploads\/2012\/04\/bildband_teil-3-300x261.jpg 300w\" sizes=\"auto, (max-width: 180px) 100vw, 180px\" \/><\/a>Mit Aufnahme der konkreten Planungen und der Grundst\u00fcckssuche f\u00fcr unser Wohnprojekt sind wir an soziale Tr\u00e4ger herangetreten, da der Gedanke der <a title=\"Inklusion\" href=\"http:\/\/wp.me\/p2bN0L-1S\">Inklusion <\/a>gut zu unseren konzeptionellen Vorstellungen passt. Mit dem Vorstand der Bramstedter Lebenshilfe waren wir im intensiven Gespr\u00e4ch und haben unter anderem auch gemeinsam die <a title=\"Wohnst\u00e4tte Am WIlden Moor\" href=\"http:\/\/www.lebenshilfe-werk-norderstedt.net\/index.php?page=angebote#bedarfgerechteswohnen\" target=\"_blank\">Wohnst\u00e4tte &#8222;Am Wilden Moor&#8220;<\/a>\u00a0 in Norderstedt besucht.\u00a0 Die Wohnst\u00e4tte unter dem Motto \u201eAlle inklusive\u201c ist ein gro\u00dfes Wohnprojekt, das von der Lebenshilfe imitiert wurde und in dem Menschen mit und ohne Behinderung in einer gro\u00dfen Wohnanlage leben. Dieser Besuch hat uns weiter best\u00e4rkt, ein gemeinsames Dach f\u00fcr alle anzustreben. Menschen mit Behinderung, ob sie im Rollstuhl sitzen, geistig oder psychisch eingeschr\u00e4nkt sind, haben ihre eigenen oder gemeinsamen Wohnungen und werden je nach dem individuellen Bedarf unterst\u00fctzt.<\/p>\n<p>Da der Vorstand der Lebenshilfe ein gemeinsames Projekt als eine unter verschiedenen Optionen ansah, haben wir auch Gespr\u00e4che mit der <a title=\"Diakonie Altholstein\" href=\"http:\/\/www.diakonie-altholstein.de\/\" target=\"_blank\">Diakonie Altholstein<\/a> und dem <a title=\"Landesvereein f\u00fcr innere Mission\" href=\"http:\/\/www.landesverein.de\/\" target=\"_blank\">Landesverein f\u00fcr Innere Mission<\/a> gef\u00fchrt, um deren Resonanz an einem gemeinsamen Vorgehen heraus zubekommen. Erfreulicherweise stie\u00dfen wir auf gro\u00dfes Interesse und eigene Konzepte, die in die gleiche Richtung gehen. Allerdings ist f\u00fcr alle Tr\u00e4ger, die Angebote f\u00fcr behinderte Menschen machen, die Finanzierung von Wohnm\u00f6glichkeiten schwierig. Sie m\u00fcssen in der Regel in hohe finanzielle Vorleistungen treten.<\/p>\n<p>Einem Artikel der Segeberger Zeitung vom 19.3.2012 ist nun zu entnehmen, dass die Lebenshilfe einen eigenen Standort f\u00fcr Wohnungen f\u00fcr Menschen mit Behinderung gefunden hat. Schade, wir h\u00e4tten uns \u00fcber eine Zusammenarbeit vor Ort gefreut.<\/p>\n","protected":false},"excerpt":{"rendered":"<p>Mit Aufnahme der konkreten Planungen und der Grundst\u00fcckssuche f\u00fcr unser Wohnprojekt sind wir an soziale Tr\u00e4ger herangetreten, da der Gedanke der Inklusion gut zu unseren konzeptionellen Vorstellungen passt. Mit dem Vorstand der Bramstedter Lebenshilfe waren wir im intensiven Gespr\u00e4ch und &hellip; <a href=\"https:\/\/wohnprojektbadbramstedt.de\/?p=297\">Weiterlesen <span class=\"meta-nav\">&rarr;<\/span><\/a><\/p>\n","protected":false},"author":3,"featured_media":0,"comment_status":"closed","ping_status":"closed","sticky":false,"template":"","format":"standard","meta":{"footnotes":""},"categories":[8,9],"tags":[13,14,30,18,19],"class_list":["post-297","post","type-post","status-publish","format-standard","hentry","category-inklusion","category-kooperationspartner","tag-bad-bramstedt","tag-generationsubergreifend","tag-inklusion","tag-nachbarschaftlich","tag-wohnprojekt"],"_links":{"self":[{"href":"https:\/\/wohnprojektbadbramstedt.de\/index.php?rest_route=\/wp\/v2\/posts\/297","targetHints":{"allow":["GET"]}}],"collection":[{"href":"https:\/\/wohnprojektbadbramstedt.de\/index.php?rest_route=\/wp\/v2\/posts"}],"about":[{"href":"https:\/\/wohnprojektbadbramstedt.de\/index.php?rest_route=\/wp\/v2\/types\/post"}],"author":[{"embeddable":true,"href":"https:\/\/wohnprojektbadbramstedt.de\/index.php?rest_route=\/wp\/v2\/users\/3"}],"replies":[{"embeddable":true,"href":"https:\/\/wohnprojektbadbramstedt.de\/index.php?rest_route=%2Fwp%2Fv2%2Fcomments&post=297"}],"version-history":[{"count":1,"href":"https:\/\/wohnprojektbadbramstedt.de\/index.php?rest_route=\/wp\/v2\/posts\/297\/revisions"}],"predecessor-version":[{"id":2053,"href":"https:\/\/wohnprojektbadbramstedt.de\/index.php?rest_route=\/wp\/v2\/posts\/297\/revisions\/2053"}],"wp:attachment":[{"href":"https:\/\/wohnprojektbadbramstedt.de\/index.php?rest_route=%2Fwp%2Fv2%2Fmedia&parent=297"}],"wp:term":[{"taxonomy":"category","embeddable":true,"href":"https:\/\/wohnprojektbadbramstedt.de\/index.php?rest_route=%2Fwp%2Fv2%2Fcategories&post=297"},{"taxonomy":"post_tag","embeddable":true,"href":"https:\/\/wohnprojektbadbramstedt.de\/index.php?rest_route=%2Fwp%2Fv2%2Ftags&post=297"}],"curies":[{"name":"wp","href":"https:\/\/api.w.org\/{rel}","templated":true}]}}