{"id":3016,"date":"2015-05-09T11:47:03","date_gmt":"2015-05-09T09:47:03","guid":{"rendered":"http:\/\/wohnprojekt.wohnprojektbadbramstedt.de\/?p=3016"},"modified":"2018-01-03T18:40:26","modified_gmt":"2018-01-03T16:40:26","slug":"wir-schlagen-pfloecke-ein","status":"publish","type":"post","link":"https:\/\/wohnprojektbadbramstedt.de\/?p=3016","title":{"rendered":"Wir schlagen Pfl\u00f6cke ein"},"content":{"rendered":"<div id=\"attachment_3019\" style=\"width: 277px\" class=\"wp-caption alignleft\"><a href=\"https:\/\/wohnprojektbadbramstedt.de\/wp-content\/uploads\/2015\/05\/WoPro-BB-Pfl\u00f6cke-einschlagen.jpg\"><img loading=\"lazy\" decoding=\"async\" aria-describedby=\"caption-attachment-3019\" class=\"wp-image-3019 size-medium\" src=\"https:\/\/wohnprojektbadbramstedt.de\/wp-content\/uploads\/2015\/05\/WoPro-BB-Pfl\u00f6cke-einschlagen-267x300.jpg\" alt=\"Dietmar Kraas und Dieter Mundt, Mitglieder  unserer  Wohnprojektinitiative, schlagen Pfl\u00f6cke ein und marikieren die Ecken der geolanten geb\u00e4ude\" width=\"267\" height=\"300\" srcset=\"https:\/\/wohnprojektbadbramstedt.de\/wp-content\/uploads\/2015\/05\/WoPro-BB-Pfl\u00f6cke-einschlagen-267x300.jpg 267w, https:\/\/wohnprojektbadbramstedt.de\/wp-content\/uploads\/2015\/05\/WoPro-BB-Pfl\u00f6cke-einschlagen-911x1024.jpg 911w, https:\/\/wohnprojektbadbramstedt.de\/wp-content\/uploads\/2015\/05\/WoPro-BB-Pfl\u00f6cke-einschlagen.jpg 1704w\" sizes=\"auto, (max-width: 267px) 100vw, 267px\" \/><\/a><p id=\"caption-attachment-3019\" class=\"wp-caption-text\">Dietmar Kraas und Dieter Mundt, Mitglieder unserer Wohnprojektinitiative, schlagen Pfl\u00f6cke ein und markieren die Ecken der geplanten Geb\u00e4ude.<\/p><\/div>\n<p>Bei sch\u00f6nstem Sonnenschein fanden wir uns am Samstag den 2. Mai auf unserm zuk\u00fcnftigen Grundst\u00fcck am Eingang des Kurgebiets ein, um &#8222;Pfl\u00f6cke einzuschlagen&#8220;. Wir wollten sehen, wo genau die vier geplanten Geb\u00e4ude stehen werden und wo sich die eigene Wohnung befindet; dazu wurden jeweils die Ecken ausgemessen und markiert.<\/p>\n<p>In der <a href=\"https:\/\/wohnprojektbadbramstedt.de\/?page_id=17\">Presse <\/a>hatten wir dazu auch Interessierte und Freunde des Wohnprojekts eingeladen. Dies wurde lebhaft angenommen und im Lauf des Nachmittags kamen viele nette Menschen vorbei, um sich das Gel\u00e4nde anzuschauen und uns kennenzulernen.<\/p>\n<p>Um auch ausserhalb solcher Aktivit\u00e4ten Menschen Gelegenheit zu geben, sich zu informieren, haben wir unter dem <a href=\"https:\/\/wohnprojektbadbramstedt.de\/?p=2970\">Bauschild <\/a>einen Prospektkasten angebracht, in dem Informationsmaterial zu Mitnehmen liegt. 10 &#8211; 20 Prospekte werden jeden Tag mitgenommen &#8211; das Interesse ist also gro\u00df.<\/p>\n<div id=\"attachment_3018\" style=\"width: 650px\" class=\"wp-caption alignleft\"><a href=\"https:\/\/wohnprojektbadbramstedt.de\/wp-content\/uploads\/2015\/05\/WoPro-BB-Kaffeepause.jpg\"><img loading=\"lazy\" decoding=\"async\" aria-describedby=\"caption-attachment-3018\" class=\"wp-image-3018 size-large\" src=\"https:\/\/wohnprojektbadbramstedt.de\/wp-content\/uploads\/2015\/05\/WoPro-BB-Kaffeepause-1024x467.jpg\" alt=\"WoPro BB Kaffeepause\" width=\"640\" height=\"292\" srcset=\"https:\/\/wohnprojektbadbramstedt.de\/wp-content\/uploads\/2015\/05\/WoPro-BB-Kaffeepause-1024x467.jpg 1024w, https:\/\/wohnprojektbadbramstedt.de\/wp-content\/uploads\/2015\/05\/WoPro-BB-Kaffeepause-300x137.jpg 300w\" sizes=\"auto, (max-width: 640px) 100vw, 640px\" \/><\/a><p id=\"caption-attachment-3018\" class=\"wp-caption-text\">Kaffee, Kuchen und Gespr\u00e4che d\u00fcrfen nicht zu kurz kommen. Ein Picknik auf dem Gel\u00e4nde nach getaner Arbeit.<\/p><\/div>\n<p>Am Mittwoch, den 27. Mai f\u00fchren wir eine Informationsveranstaltung im Gemeindehaus Holsatenallee durch, um \u00fcber die Idee und die Umsetzung des nachbarschaftlichen Wohnens in Bad Bramstedt zu informieren und weitere Menschen f\u00fcr die noch freien vier Wohnungen zu interessieren. Eine Einladung mit dem Programm und Einzelheiten folgt.<\/p>\n<p>&nbsp;<\/p>\n","protected":false},"excerpt":{"rendered":"<p>Bei sch\u00f6nstem Sonnenschein fanden wir uns am Samstag den 2. Mai auf unserm zuk\u00fcnftigen Grundst\u00fcck am Eingang des Kurgebiets ein, um &#8222;Pfl\u00f6cke einzuschlagen&#8220;. Wir wollten sehen, wo genau die vier geplanten Geb\u00e4ude stehen werden und wo sich die eigene Wohnung &hellip; <a href=\"https:\/\/wohnprojektbadbramstedt.de\/?p=3016\">Weiterlesen <span class=\"meta-nav\">&rarr;<\/span><\/a><\/p>\n","protected":false},"author":1,"featured_media":0,"comment_status":"closed","ping_status":"closed","sticky":false,"template":"","format":"standard","meta":{"footnotes":""},"categories":[7],"tags":[13,15,18,19],"class_list":["post-3016","post","type-post","status-publish","format-standard","hentry","category-grundstuck","tag-bad-bramstedt","tag-genossenschaftliches-wohnen","tag-nachbarschaftlich","tag-wohnprojekt"],"_links":{"self":[{"href":"https:\/\/wohnprojektbadbramstedt.de\/index.php?rest_route=\/wp\/v2\/posts\/3016","targetHints":{"allow":["GET"]}}],"collection":[{"href":"https:\/\/wohnprojektbadbramstedt.de\/index.php?rest_route=\/wp\/v2\/posts"}],"about":[{"href":"https:\/\/wohnprojektbadbramstedt.de\/index.php?rest_route=\/wp\/v2\/types\/post"}],"author":[{"embeddable":true,"href":"https:\/\/wohnprojektbadbramstedt.de\/index.php?rest_route=\/wp\/v2\/users\/1"}],"replies":[{"embeddable":true,"href":"https:\/\/wohnprojektbadbramstedt.de\/index.php?rest_route=%2Fwp%2Fv2%2Fcomments&post=3016"}],"version-history":[{"count":5,"href":"https:\/\/wohnprojektbadbramstedt.de\/index.php?rest_route=\/wp\/v2\/posts\/3016\/revisions"}],"predecessor-version":[{"id":3036,"href":"https:\/\/wohnprojektbadbramstedt.de\/index.php?rest_route=\/wp\/v2\/posts\/3016\/revisions\/3036"}],"wp:attachment":[{"href":"https:\/\/wohnprojektbadbramstedt.de\/index.php?rest_route=%2Fwp%2Fv2%2Fmedia&parent=3016"}],"wp:term":[{"taxonomy":"category","embeddable":true,"href":"https:\/\/wohnprojektbadbramstedt.de\/index.php?rest_route=%2Fwp%2Fv2%2Fcategories&post=3016"},{"taxonomy":"post_tag","embeddable":true,"href":"https:\/\/wohnprojektbadbramstedt.de\/index.php?rest_route=%2Fwp%2Fv2%2Ftags&post=3016"}],"curies":[{"name":"wp","href":"https:\/\/api.w.org\/{rel}","templated":true}]}}