{"id":336,"date":"2012-04-20T20:02:14","date_gmt":"2012-04-20T18:02:14","guid":{"rendered":"http:\/\/wohnprojektbadbramstedt.wordpress.com\/?p=336"},"modified":"2014-03-02T09:18:02","modified_gmt":"2014-03-02T07:18:02","slug":"336","status":"publish","type":"post","link":"https:\/\/wohnprojektbadbramstedt.de\/?p=336","title":{"rendered":"Internetseite freigeschaltet"},"content":{"rendered":"<p><a href=\"http:\/\/wohnprojektbadbramstedt.files.wordpress.com\/2012\/04\/bildband_teil-4.jpg\"><img loading=\"lazy\" decoding=\"async\" class=\"alignleft size-thumbnail wp-image-312\" title=\"Bildband_Teil 4\" src=\"http:\/\/wohnprojektbadbramstedt.files.wordpress.com\/2012\/04\/bildband_teil-4.jpg?w=150\" alt=\"\" width=\"150\" height=\"135\" \/><\/a>Auf unserm Treffen am 19.4. haben wir uns schwerpunktm\u00e4\u00dfig mit der \u00d6ffentlichkeitsarbeit besch\u00e4ftigt.\u00a0 Susanne Kagelmann (ein Mitglied unserer Initiativgruppe) hat ihre <a href=\"http:\/\/susanne-kagelmann.de\/\" target=\"_blank\">k\u00fcnstlerischen F\u00e4higkeiten<\/a> spielen lassen und f\u00fcr den demn\u00e4chst vorliegenden Flyer\u00a0 eine Graphik entworfen, die uns so gut gefallen hat, dass wir sie auch f\u00fcr den Kopf der Internetseite (siehe oben) und als Blickfang f\u00fcr die kleinen Artikel genutzt haben.<\/p>\n<p>Die Internetseite wird nun freigeschaltet, um allen Interessierten den Fortgang unserer Initiative zug\u00e4nglich zu machen. In das Programm ist eine Funktion integriert, mit der man sich \u00fcber neue Artikel per eMail informieren lassen kann, da wir in Blogform aktuell \u00fcber unsere weiteren Aktivit\u00e4ten informieren wollen.<\/p>\n<p>Zur Zeit warten wir aber immer noch auf die Reaktion des Kreisbauamtes, um endlich die n\u00e4chsten Schritte gemeinsam mit der Stadt anpacken zu k\u00f6nnen.\u00a0 Aber die Kreisbeh\u00f6rde ist auskunftsgem\u00e4\u00df wegen \u00dcberlastung schlecht besetzt und die Aufgaben bleiben lange liegen.<\/p>\n","protected":false},"excerpt":{"rendered":"<p>Auf unserm Treffen am 19.4. haben wir uns schwerpunktm\u00e4\u00dfig mit der \u00d6ffentlichkeitsarbeit besch\u00e4ftigt.\u00a0 Susanne Kagelmann (ein Mitglied unserer Initiativgruppe) hat ihre k\u00fcnstlerischen F\u00e4higkeiten spielen lassen und f\u00fcr den demn\u00e4chst vorliegenden Flyer\u00a0 eine Graphik entworfen, die uns so gut gefallen hat, &hellip; <a href=\"https:\/\/wohnprojektbadbramstedt.de\/?p=336\">Weiterlesen <span class=\"meta-nav\">&rarr;<\/span><\/a><\/p>\n","protected":false},"author":3,"featured_media":0,"comment_status":"open","ping_status":"closed","sticky":false,"template":"","format":"standard","meta":{"footnotes":""},"categories":[11],"tags":[],"class_list":["post-336","post","type-post","status-publish","format-standard","hentry","category-unsere-initiative"],"_links":{"self":[{"href":"https:\/\/wohnprojektbadbramstedt.de\/index.php?rest_route=\/wp\/v2\/posts\/336","targetHints":{"allow":["GET"]}}],"collection":[{"href":"https:\/\/wohnprojektbadbramstedt.de\/index.php?rest_route=\/wp\/v2\/posts"}],"about":[{"href":"https:\/\/wohnprojektbadbramstedt.de\/index.php?rest_route=\/wp\/v2\/types\/post"}],"author":[{"embeddable":true,"href":"https:\/\/wohnprojektbadbramstedt.de\/index.php?rest_route=\/wp\/v2\/users\/3"}],"replies":[{"embeddable":true,"href":"https:\/\/wohnprojektbadbramstedt.de\/index.php?rest_route=%2Fwp%2Fv2%2Fcomments&post=336"}],"version-history":[{"count":1,"href":"https:\/\/wohnprojektbadbramstedt.de\/index.php?rest_route=\/wp\/v2\/posts\/336\/revisions"}],"predecessor-version":[{"id":2052,"href":"https:\/\/wohnprojektbadbramstedt.de\/index.php?rest_route=\/wp\/v2\/posts\/336\/revisions\/2052"}],"wp:attachment":[{"href":"https:\/\/wohnprojektbadbramstedt.de\/index.php?rest_route=%2Fwp%2Fv2%2Fmedia&parent=336"}],"wp:term":[{"taxonomy":"category","embeddable":true,"href":"https:\/\/wohnprojektbadbramstedt.de\/index.php?rest_route=%2Fwp%2Fv2%2Fcategories&post=336"},{"taxonomy":"post_tag","embeddable":true,"href":"https:\/\/wohnprojektbadbramstedt.de\/index.php?rest_route=%2Fwp%2Fv2%2Ftags&post=336"}],"curies":[{"name":"wp","href":"https:\/\/api.w.org\/{rel}","templated":true}]}}