{"id":3667,"date":"2015-11-24T14:12:12","date_gmt":"2015-11-24T12:12:12","guid":{"rendered":"http:\/\/wohnprojekt.wohnprojektbadbramstedt.de\/?p=3667"},"modified":"2018-01-03T18:39:08","modified_gmt":"2018-01-03T16:39:08","slug":"bauantrag-fertiggestellt","status":"publish","type":"post","link":"https:\/\/wohnprojektbadbramstedt.de\/?p=3667","title":{"rendered":"Bauantrag fertiggestellt"},"content":{"rendered":"<p>Nachdem im letzten Jahr mit einer \u00c4nderung des Fl\u00e4chennutzungsplans und der Erstellung eines vorhabenbezogenen Bebauungsplans die rechtlichen Voraussetzungen geschaffen werden konnten, haben nun unsere Architekten und Fachplaner den Bauantrag f\u00fcr unser Wohnprojekt fertiggestellt.<\/p>\n<p>In der Vorarbeit wurden mit allen Bewohnern die Grundrisse der eigenen Wohnung erarbeitet, ein Ausstattungstandard abgestimmt, die Fassadengestaltung festgelegt, ein Energiekonzept entwickelt und die Planung der Wege und Stellpl\u00e4tze vorgenommen. Dies waren f\u00fcr die meisten von uns ungewohnte Themen, aber f\u00fcr alle auch eine spannende Zeit.<\/p>\n<p>Nun hoffen wir auf eine z\u00fcgige Bearbeitung duch Stadt- und Kreisverwaltung &#8211; sind aber guter Hoffnung, da wesentliche Planungsgrundlagen bereits bei der <a href=\"https:\/\/wohnprojektbadbramstedt.de\/?p=2451\">Aufstellung des Bebauungsplans <\/a>festgelegt worden waren und als Orientierung dienen konnten.<\/p>\n<div id=\"attachment_3647\" style=\"width: 650px\" class=\"wp-caption alignleft\"><a href=\"https:\/\/wohnprojektbadbramstedt.de\/wp-content\/uploads\/2015\/01\/DSC_4535-Kopie.jpg\"><img loading=\"lazy\" decoding=\"async\" aria-describedby=\"caption-attachment-3647\" class=\"wp-image-3647 size-large\" src=\"https:\/\/wohnprojektbadbramstedt.de\/wp-content\/uploads\/2015\/01\/DSC_4535-Kopie-1024x538.jpg\" alt=\"DSC_4535 - Kopie\" width=\"640\" height=\"336\" srcset=\"https:\/\/wohnprojektbadbramstedt.de\/wp-content\/uploads\/2015\/01\/DSC_4535-Kopie-1024x538.jpg 1024w, https:\/\/wohnprojektbadbramstedt.de\/wp-content\/uploads\/2015\/01\/DSC_4535-Kopie-300x158.jpg 300w\" sizes=\"auto, (max-width: 640px) 100vw, 640px\" \/><\/a><p id=\"caption-attachment-3647\" class=\"wp-caption-text\">In diesem dicken Ordner haben die Architekten des <em>Planungsrings Mumm+Partner GbR<\/em> Matthias und\u00a0 Uwe Mumm (nicht mit auf dem Bild Architektin Karen Sch\u00fclke) alle erforderlichen Unterlagen des Bauantrags gesammelt und \u00fcbergeben sie symbolisch den beiden Gesch\u00e4ftsf\u00fchrern unserer <em>Planungsgemeinschaft anders wohnen &#8211; gemeinsam leben GbR<\/em> Dirk M\u00f6hle und Joachim Josenhans. Das Projekt wird beraten vom Gesch\u00e4ftsf\u00fchrer der <em>Stattbau Hamburg GmbH<\/em>, Dr. Tobias Behrens (von rechts nach links).<\/p><\/div>\n<p>&nbsp;<\/p>\n","protected":false},"excerpt":{"rendered":"<p>Nachdem im letzten Jahr mit einer \u00c4nderung des Fl\u00e4chennutzungsplans und der Erstellung eines vorhabenbezogenen Bebauungsplans die rechtlichen Voraussetzungen geschaffen werden konnten, haben nun unsere Architekten und Fachplaner den Bauantrag f\u00fcr unser Wohnprojekt fertiggestellt. In der Vorarbeit wurden mit allen Bewohnern &hellip; <a href=\"https:\/\/wohnprojektbadbramstedt.de\/?p=3667\">Weiterlesen <span class=\"meta-nav\">&rarr;<\/span><\/a><\/p>\n","protected":false},"author":1,"featured_media":0,"comment_status":"closed","ping_status":"closed","sticky":false,"template":"","format":"standard","meta":{"footnotes":""},"categories":[4],"tags":[20,13,21,18,19],"class_list":["post-3667","post","type-post","status-publish","format-standard","hentry","category-behorden-und-politik","tag-architekt","tag-bad-bramstedt","tag-bauleitplanverfahren","tag-nachbarschaftlich","tag-wohnprojekt"],"_links":{"self":[{"href":"https:\/\/wohnprojektbadbramstedt.de\/index.php?rest_route=\/wp\/v2\/posts\/3667","targetHints":{"allow":["GET"]}}],"collection":[{"href":"https:\/\/wohnprojektbadbramstedt.de\/index.php?rest_route=\/wp\/v2\/posts"}],"about":[{"href":"https:\/\/wohnprojektbadbramstedt.de\/index.php?rest_route=\/wp\/v2\/types\/post"}],"author":[{"embeddable":true,"href":"https:\/\/wohnprojektbadbramstedt.de\/index.php?rest_route=\/wp\/v2\/users\/1"}],"replies":[{"embeddable":true,"href":"https:\/\/wohnprojektbadbramstedt.de\/index.php?rest_route=%2Fwp%2Fv2%2Fcomments&post=3667"}],"version-history":[{"count":11,"href":"https:\/\/wohnprojektbadbramstedt.de\/index.php?rest_route=\/wp\/v2\/posts\/3667\/revisions"}],"predecessor-version":[{"id":3689,"href":"https:\/\/wohnprojektbadbramstedt.de\/index.php?rest_route=\/wp\/v2\/posts\/3667\/revisions\/3689"}],"wp:attachment":[{"href":"https:\/\/wohnprojektbadbramstedt.de\/index.php?rest_route=%2Fwp%2Fv2%2Fmedia&parent=3667"}],"wp:term":[{"taxonomy":"category","embeddable":true,"href":"https:\/\/wohnprojektbadbramstedt.de\/index.php?rest_route=%2Fwp%2Fv2%2Fcategories&post=3667"},{"taxonomy":"post_tag","embeddable":true,"href":"https:\/\/wohnprojektbadbramstedt.de\/index.php?rest_route=%2Fwp%2Fv2%2Ftags&post=3667"}],"curies":[{"name":"wp","href":"https:\/\/api.w.org\/{rel}","templated":true}]}}