{"id":439,"date":"2012-12-02T15:43:52","date_gmt":"2012-12-02T13:43:52","guid":{"rendered":"http:\/\/wohnprojektbadbramstedt.wordpress.com\/?p=439"},"modified":"2014-03-02T09:17:21","modified_gmt":"2014-03-02T07:17:21","slug":"es-geht-voran-erster-vertrag-geschlossen","status":"publish","type":"post","link":"https:\/\/wohnprojektbadbramstedt.de\/?p=439","title":{"rendered":"Es geht voran: erster Vertrag geschlossen"},"content":{"rendered":"<div id=\"attachment_447\" style=\"width: 310px\" class=\"wp-caption alignleft\"><a href=\"http:\/\/wohnprojektbadbramstedt.wordpress.com\/2012\/12\/02\/es-geht-voran-erster-vertrag-geschlossen\/dsc_3816-2\/\" rel=\"attachment wp-att-447\"><img loading=\"lazy\" decoding=\"async\" aria-describedby=\"caption-attachment-447\" class=\"size-medium wp-image-447\" alt=\"Blick auf das Grundst\u00fcck aus Richtung S\u00fcden. Im Vordergrund ein Biotop, welches bei Auenhochstand \u00fcberschwemmt ist.\" src=\"http:\/\/wohnprojektbadbramstedt.files.wordpress.com\/2012\/12\/dsc_38161.jpg?w=300\" width=\"300\" height=\"158\" srcset=\"https:\/\/wohnprojektbadbramstedt.de\/wp-content\/uploads\/2012\/12\/dsc_38161.jpg 2807w, https:\/\/wohnprojektbadbramstedt.de\/wp-content\/uploads\/2012\/12\/dsc_38161-300x158.jpg 300w, https:\/\/wohnprojektbadbramstedt.de\/wp-content\/uploads\/2012\/12\/dsc_38161-1024x541.jpg 1024w, https:\/\/wohnprojektbadbramstedt.de\/wp-content\/uploads\/2012\/12\/dsc_38161-500x264.jpg 500w\" sizes=\"auto, (max-width: 300px) 100vw, 300px\" \/><\/a><p id=\"caption-attachment-447\" class=\"wp-caption-text\">Blick auf das Grundst\u00fcck aus Richtung S\u00fcden. Im Vordergrund ein Biotop, welches bei Auenhochstand \u00fcberschwemmt ist.<\/p><\/div>\n<p>Mit dem Klinikum Bad Bramstedt, dem das Gel\u00e4nde &#8222;Haus an den Auen&#8220; geh\u00f6rt, haben wir nun einen Vorvertrag geschlossen. Darin haben wir vereinbart, dass wir gemeinsam die Bauleitplanung vorantreiben wollen. Hierzu werden wir einen Antrag auf die Errichtung eines\u00a0 &#8222;Vorhabenbezogenen Bebauungsplan&#8220; stellen werden.<\/p>\n<p>In einem solchen Verfahren konkretisieren wir gemeinsam mit der Stadt und den st\u00e4dtischen Gremien, wie die Geb\u00e4ude unseres Wohnprojekts aussehen sollen, wie gro\u00df und hoch sie werden und wieviel Wohnungen wir mit unserm Projekt schaffen k\u00f6nnen.<\/p>\n<p>Mit dieser Voraussetzung k\u00f6nnen wir nun auch beginnen, weitere\u00a0 nette Menschen f\u00fcr unser Projekt eines generations\u00fcbergreifenden und nachbarschaftlichen Wohnen in Bad Bramstedt zu finden und diese in die weitere Planung einzubeziehen.<\/p>\n","protected":false},"excerpt":{"rendered":"<p>Mit dem Klinikum Bad Bramstedt, dem das Gel\u00e4nde &#8222;Haus an den Auen&#8220; geh\u00f6rt, haben wir nun einen Vorvertrag geschlossen. Darin haben wir vereinbart, dass wir gemeinsam die Bauleitplanung vorantreiben wollen. Hierzu werden wir einen Antrag auf die Errichtung eines\u00a0 &#8222;Vorhabenbezogenen &hellip; <a href=\"https:\/\/wohnprojektbadbramstedt.de\/?p=439\">Weiterlesen <span class=\"meta-nav\">&rarr;<\/span><\/a><\/p>\n","protected":false},"author":3,"featured_media":0,"comment_status":"closed","ping_status":"closed","sticky":false,"template":"","format":"standard","meta":{"footnotes":""},"categories":[7],"tags":[13,18,19],"class_list":["post-439","post","type-post","status-publish","format-standard","hentry","category-grundstuck","tag-bad-bramstedt","tag-nachbarschaftlich","tag-wohnprojekt"],"_links":{"self":[{"href":"https:\/\/wohnprojektbadbramstedt.de\/index.php?rest_route=\/wp\/v2\/posts\/439","targetHints":{"allow":["GET"]}}],"collection":[{"href":"https:\/\/wohnprojektbadbramstedt.de\/index.php?rest_route=\/wp\/v2\/posts"}],"about":[{"href":"https:\/\/wohnprojektbadbramstedt.de\/index.php?rest_route=\/wp\/v2\/types\/post"}],"author":[{"embeddable":true,"href":"https:\/\/wohnprojektbadbramstedt.de\/index.php?rest_route=\/wp\/v2\/users\/3"}],"replies":[{"embeddable":true,"href":"https:\/\/wohnprojektbadbramstedt.de\/index.php?rest_route=%2Fwp%2Fv2%2Fcomments&post=439"}],"version-history":[{"count":2,"href":"https:\/\/wohnprojektbadbramstedt.de\/index.php?rest_route=\/wp\/v2\/posts\/439\/revisions"}],"predecessor-version":[{"id":1439,"href":"https:\/\/wohnprojektbadbramstedt.de\/index.php?rest_route=\/wp\/v2\/posts\/439\/revisions\/1439"}],"wp:attachment":[{"href":"https:\/\/wohnprojektbadbramstedt.de\/index.php?rest_route=%2Fwp%2Fv2%2Fmedia&parent=439"}],"wp:term":[{"taxonomy":"category","embeddable":true,"href":"https:\/\/wohnprojektbadbramstedt.de\/index.php?rest_route=%2Fwp%2Fv2%2Fcategories&post=439"},{"taxonomy":"post_tag","embeddable":true,"href":"https:\/\/wohnprojektbadbramstedt.de\/index.php?rest_route=%2Fwp%2Fv2%2Ftags&post=439"}],"curies":[{"name":"wp","href":"https:\/\/api.w.org\/{rel}","templated":true}]}}