{"id":4570,"date":"2016-07-29T10:55:29","date_gmt":"2016-07-29T08:55:29","guid":{"rendered":"http:\/\/wohnprojekt.wohnprojektbadbramstedt.de\/?p=4570"},"modified":"2016-07-29T10:55:29","modified_gmt":"2016-07-29T08:55:29","slug":"vertrag-mit-generalunternehmer-geschlossen","status":"publish","type":"post","link":"https:\/\/wohnprojektbadbramstedt.de\/?p=4570","title":{"rendered":"Vertrag mit Generalunternehmer geschlossen"},"content":{"rendered":"<div id=\"attachment_4567\" style=\"width: 310px\" class=\"wp-caption alignleft\"><a href=\"https:\/\/wohnprojektbadbramstedt.de\/wp-content\/uploads\/2016\/07\/Vertragsverhandlung-mit-Altus-Bau-2.jpg\"><img loading=\"lazy\" decoding=\"async\" aria-describedby=\"caption-attachment-4567\" class=\"wp-image-4567 size-medium\" src=\"https:\/\/wohnprojektbadbramstedt.de\/wp-content\/uploads\/2016\/07\/Vertragsverhandlung-mit-Altus-Bau-2-300x157.jpg\" alt=\"Vertragsverhandlung mit Altus Bau (2)\" width=\"300\" height=\"157\" srcset=\"https:\/\/wohnprojektbadbramstedt.de\/wp-content\/uploads\/2016\/07\/Vertragsverhandlung-mit-Altus-Bau-2-300x157.jpg 300w, https:\/\/wohnprojektbadbramstedt.de\/wp-content\/uploads\/2016\/07\/Vertragsverhandlung-mit-Altus-Bau-2-768x402.jpg 768w, https:\/\/wohnprojektbadbramstedt.de\/wp-content\/uploads\/2016\/07\/Vertragsverhandlung-mit-Altus-Bau-2-1024x536.jpg 1024w\" sizes=\"auto, (max-width: 300px) 100vw, 300px\" \/><\/a><p id=\"caption-attachment-4567\" class=\"wp-caption-text\">Verhandlung des Generalunternehmervertrags zwischen unserer Wohnprojekt-Initiative, der Firma Altus Bau und unseren Architekten vom Planungsring Mumm+Partner<\/p><\/div>\n<p>Nach l\u00e4ngerer Suche und intensiven Verhandlungen haben wir nun einen Generalunternehmer gefunden, der unsere H\u00e4user auf dem Grundst\u00fcck Haus an den Auen bauen wird.\u00a0 Es ist die Firma <a href=\"http:\/\/www.altus-bau.de\/\">Altus Bau GmbH<\/a> aus L\u00fcbeck. Dieses Firma hat vielf\u00e4ltige Erfahrung mit Projekten in unserer Gr\u00f6\u00dfenordnung und speziell auch in der Zusammenarbeit mit Wohnprojekten.<\/p>\n<p>Ab sofort beginnt nun die Ausf\u00fchrungsplanung, bei der neben den technischen Detailplanungen von Keller, Fassaden, W\u00e4nde, Dach, Haustechnik etc. gemeinsam mit den zuk\u00fcnftigen Bewohnern auch die Ausstattung der eigenen Wohnung festgelegt wird. So kann jeder im Rahmen des vertraglich vereinbarten Ausstattungsstandards seine Wohnung individuell gestalten. Bei h\u00f6heren Anspr\u00fcchen z.B. an Bodenbel\u00e4ge, Badausstattung, Fliesen oder Medientechnik kann man dies ebenfalls vereinbaren und muss dann entsprechend dazubezahlen.<\/p>\n<p>Im November beginnen dann mit der Grundsteinlegung die eigentlichen Bauarbeiten, die vertragsgem\u00e4\u00df so abgeschlossen sein sollen, dass wir Advent und Weihnachten 2017 bereits in den neuen Wohnungen und im Gemeinschaftsraum feiern k\u00f6nnen.<\/p>\n<p>Auch wenn alles etwas\u00a0 l\u00e4nger gedauert hat und teurer wurde, als wir urspr\u00fcnglich gedacht hatten, freuen wir uns nun alle auf die n\u00e4chste Etappe und die Fertigstellung im n\u00e4chsten Jahr.<\/p>\n<div id=\"attachment_4566\" style=\"width: 650px\" class=\"wp-caption alignleft\"><a href=\"https:\/\/wohnprojektbadbramstedt.de\/wp-content\/uploads\/2016\/07\/Vertragsabschluss-mit-Altus-Bau.jpg\"><img loading=\"lazy\" decoding=\"async\" aria-describedby=\"caption-attachment-4566\" class=\"size-large wp-image-4566\" src=\"https:\/\/wohnprojektbadbramstedt.de\/wp-content\/uploads\/2016\/07\/Vertragsabschluss-mit-Altus-Bau-1024x484.jpg\" alt=\"Geschafft - der Generalunternerhmervertrag ist unterzeichnet.\" width=\"640\" height=\"303\" srcset=\"https:\/\/wohnprojektbadbramstedt.de\/wp-content\/uploads\/2016\/07\/Vertragsabschluss-mit-Altus-Bau-1024x484.jpg 1024w, https:\/\/wohnprojektbadbramstedt.de\/wp-content\/uploads\/2016\/07\/Vertragsabschluss-mit-Altus-Bau-300x142.jpg 300w, https:\/\/wohnprojektbadbramstedt.de\/wp-content\/uploads\/2016\/07\/Vertragsabschluss-mit-Altus-Bau-768x363.jpg 768w\" sizes=\"auto, (max-width: 640px) 100vw, 640px\" \/><\/a><p id=\"caption-attachment-4566\" class=\"wp-caption-text\">Geschafft, der Generalunternehmervertrag ist unterzeichnet! Klaus Eckelmann und Thomas Becker, Gesch\u00e4ftsf\u00fchrer von Altus Bau; Joachim Josenhans und Dirk M\u00f6hle,\u00a0 Gesch\u00e4ftsf\u00fchrer unserer Baugemeinschaft; Uwe Mumm und Matthias Mumm , Planungsring Mumm und Partner (von links nach rechts) Auf dem Foto nicht dabei Dr. Tobias Behrens, Gesch\u00e4ftsf\u00fchrer von Stattbau Hamburg, der unser Projekt seit Anfang an beraten hat.<\/p><\/div>\n<p>&nbsp;<\/p>\n<p>&nbsp;<\/p>\n","protected":false},"excerpt":{"rendered":"<p>Nach l\u00e4ngerer Suche und intensiven Verhandlungen haben wir nun einen Generalunternehmer gefunden, der unsere H\u00e4user auf dem Grundst\u00fcck Haus an den Auen bauen wird.\u00a0 Es ist die Firma Altus Bau GmbH aus L\u00fcbeck. Dieses Firma hat vielf\u00e4ltige Erfahrung mit Projekten &hellip; <a href=\"https:\/\/wohnprojektbadbramstedt.de\/?p=4570\">Weiterlesen <span class=\"meta-nav\">&rarr;<\/span><\/a><\/p>\n","protected":false},"author":1,"featured_media":0,"comment_status":"closed","ping_status":"closed","sticky":false,"template":"","format":"standard","meta":{"footnotes":""},"categories":[1],"tags":[],"class_list":["post-4570","post","type-post","status-publish","format-standard","hentry","category-allgemein"],"_links":{"self":[{"href":"https:\/\/wohnprojektbadbramstedt.de\/index.php?rest_route=\/wp\/v2\/posts\/4570","targetHints":{"allow":["GET"]}}],"collection":[{"href":"https:\/\/wohnprojektbadbramstedt.de\/index.php?rest_route=\/wp\/v2\/posts"}],"about":[{"href":"https:\/\/wohnprojektbadbramstedt.de\/index.php?rest_route=\/wp\/v2\/types\/post"}],"author":[{"embeddable":true,"href":"https:\/\/wohnprojektbadbramstedt.de\/index.php?rest_route=\/wp\/v2\/users\/1"}],"replies":[{"embeddable":true,"href":"https:\/\/wohnprojektbadbramstedt.de\/index.php?rest_route=%2Fwp%2Fv2%2Fcomments&post=4570"}],"version-history":[{"count":4,"href":"https:\/\/wohnprojektbadbramstedt.de\/index.php?rest_route=\/wp\/v2\/posts\/4570\/revisions"}],"predecessor-version":[{"id":4574,"href":"https:\/\/wohnprojektbadbramstedt.de\/index.php?rest_route=\/wp\/v2\/posts\/4570\/revisions\/4574"}],"wp:attachment":[{"href":"https:\/\/wohnprojektbadbramstedt.de\/index.php?rest_route=%2Fwp%2Fv2%2Fmedia&parent=4570"}],"wp:term":[{"taxonomy":"category","embeddable":true,"href":"https:\/\/wohnprojektbadbramstedt.de\/index.php?rest_route=%2Fwp%2Fv2%2Fcategories&post=4570"},{"taxonomy":"post_tag","embeddable":true,"href":"https:\/\/wohnprojektbadbramstedt.de\/index.php?rest_route=%2Fwp%2Fv2%2Ftags&post=4570"}],"curies":[{"name":"wp","href":"https:\/\/api.w.org\/{rel}","templated":true}]}}