{"id":4773,"date":"2016-09-21T18:27:59","date_gmt":"2016-09-21T16:27:59","guid":{"rendered":"http:\/\/wohnprojekt.wohnprojektbadbramstedt.de\/?p=4773"},"modified":"2016-09-21T18:35:52","modified_gmt":"2016-09-21T16:35:52","slug":"einbeziehung-der-bewohner-in-die-ausfuehrungsplanung","status":"publish","type":"post","link":"https:\/\/wohnprojektbadbramstedt.de\/?p=4773","title":{"rendered":"Einbeziehung der Bewohner in die Ausf\u00fchrungsplanung"},"content":{"rendered":"<p>Seit der Vertrag mit der <a href=\"https:\/\/wohnprojektbadbramstedt.de\/?p=4570\">Altus Bau GmbH <\/a>als Generalunternehmer\u00a0 unter Dach und Fach ist, arbeiten Architekten, Fachplaner und die Mitarbeiter von Altus intensiv an der Ausf\u00fchrungsplanung unserer H\u00e4user und Wohnungen. Hier hat jede(r) Bewohner(in) die M\u00f6glichkeit, die Gestaltung der eigenen Wohnung mit festzulegen: Welcher Fussbodenbelag wird gew\u00fcnscht? Wie soll das Bad aussehen, wie die K\u00fcche? Soll die Decke abgeh\u00e4ngt werden? Wo sollen die Lampen, Schalter und Steckdosen eingebaut werden? Wie soll die TV- und Internetversorgung geplant werden?<\/p>\n<p>Um dies zu organisieren, stellten am 7.09.16 Vertreter der Firma Altus, die Architekten vom Planungsring Mumm+Partner sowie die Fachplaner der Firma Roggensack unserer Wohnprojektgruppe die bisherigen Planungen vor und beantworteten unseren Fragekatalog zu vielen Einzelheiten der Ausf\u00fchrung. Nun sind die zuk\u00fcnftigen Bewohner\/innen am Zug und konkretisieren ihre W\u00fcnsche. Hierbei ist ein Standard definiert, der im Preis enthalten ist, weitergehende W\u00fcnsche k\u00f6nnen dennoch angemeldet werden und werden dann extra bezahlt.<\/p>\n<div id=\"attachment_4781\" style=\"width: 650px\" class=\"wp-caption alignleft\"><a href=\"https:\/\/wohnprojektbadbramstedt.de\/wp-content\/uploads\/2016\/09\/Vorstellung-der-Ausstattungsdetails-1.jpg\"><img loading=\"lazy\" decoding=\"async\" aria-describedby=\"caption-attachment-4781\" class=\"size-large wp-image-4781\" src=\"https:\/\/wohnprojektbadbramstedt.de\/wp-content\/uploads\/2016\/09\/Vorstellung-der-Ausstattungsdetails-1-1024x565.jpg\" alt=\"Thomas Becker, Gesch\u00e4ftsf\u00fchrer der Altus Bau GmbH zeigt unserer Wohngruppe Muster eines m\u00f6glichen Fussbodenbelags, rechts vorn Jonas Gutsch, der die Sonderw\u00fcnsche der Bewohner sammelt und jedem ein Angebot f\u00fcr die Ausstattung erarbeitet.\" width=\"640\" height=\"353\" srcset=\"https:\/\/wohnprojektbadbramstedt.de\/wp-content\/uploads\/2016\/09\/Vorstellung-der-Ausstattungsdetails-1-1024x565.jpg 1024w, https:\/\/wohnprojektbadbramstedt.de\/wp-content\/uploads\/2016\/09\/Vorstellung-der-Ausstattungsdetails-1-300x165.jpg 300w, https:\/\/wohnprojektbadbramstedt.de\/wp-content\/uploads\/2016\/09\/Vorstellung-der-Ausstattungsdetails-1-768x424.jpg 768w\" sizes=\"auto, (max-width: 640px) 100vw, 640px\" \/><\/a><p id=\"caption-attachment-4781\" class=\"wp-caption-text\">Thomas Becker, Gesch\u00e4ftsf\u00fchrer der Altus Bau GmbH zeigt unserer Wohngruppe Muster eines m\u00f6glichen Fussbodenbelags, rechts vorn Jonas Gutsch, der die Sonderw\u00fcnsche der Bewohner sammelt und jedem ein Angebot f\u00fcr die Ausstattung erarbeitet.<\/p><\/div>\n","protected":false},"excerpt":{"rendered":"<p>Seit der Vertrag mit der Altus Bau GmbH als Generalunternehmer\u00a0 unter Dach und Fach ist, arbeiten Architekten, Fachplaner und die Mitarbeiter von Altus intensiv an der Ausf\u00fchrungsplanung unserer H\u00e4user und Wohnungen. Hier hat jede(r) Bewohner(in) die M\u00f6glichkeit, die Gestaltung der &hellip; <a href=\"https:\/\/wohnprojektbadbramstedt.de\/?p=4773\">Weiterlesen <span class=\"meta-nav\">&rarr;<\/span><\/a><\/p>\n","protected":false},"author":1,"featured_media":0,"comment_status":"closed","ping_status":"closed","sticky":false,"template":"","format":"standard","meta":{"footnotes":""},"categories":[27],"tags":[13,15,18,19],"class_list":["post-4773","post","type-post","status-publish","format-standard","hentry","category-bauen","tag-bad-bramstedt","tag-genossenschaftliches-wohnen","tag-nachbarschaftlich","tag-wohnprojekt"],"_links":{"self":[{"href":"https:\/\/wohnprojektbadbramstedt.de\/index.php?rest_route=\/wp\/v2\/posts\/4773","targetHints":{"allow":["GET"]}}],"collection":[{"href":"https:\/\/wohnprojektbadbramstedt.de\/index.php?rest_route=\/wp\/v2\/posts"}],"about":[{"href":"https:\/\/wohnprojektbadbramstedt.de\/index.php?rest_route=\/wp\/v2\/types\/post"}],"author":[{"embeddable":true,"href":"https:\/\/wohnprojektbadbramstedt.de\/index.php?rest_route=\/wp\/v2\/users\/1"}],"replies":[{"embeddable":true,"href":"https:\/\/wohnprojektbadbramstedt.de\/index.php?rest_route=%2Fwp%2Fv2%2Fcomments&post=4773"}],"version-history":[{"count":6,"href":"https:\/\/wohnprojektbadbramstedt.de\/index.php?rest_route=\/wp\/v2\/posts\/4773\/revisions"}],"predecessor-version":[{"id":4782,"href":"https:\/\/wohnprojektbadbramstedt.de\/index.php?rest_route=\/wp\/v2\/posts\/4773\/revisions\/4782"}],"wp:attachment":[{"href":"https:\/\/wohnprojektbadbramstedt.de\/index.php?rest_route=%2Fwp%2Fv2%2Fmedia&parent=4773"}],"wp:term":[{"taxonomy":"category","embeddable":true,"href":"https:\/\/wohnprojektbadbramstedt.de\/index.php?rest_route=%2Fwp%2Fv2%2Fcategories&post=4773"},{"taxonomy":"post_tag","embeddable":true,"href":"https:\/\/wohnprojektbadbramstedt.de\/index.php?rest_route=%2Fwp%2Fv2%2Ftags&post=4773"}],"curies":[{"name":"wp","href":"https:\/\/api.w.org\/{rel}","templated":true}]}}