{"id":4786,"date":"2016-09-25T10:57:22","date_gmt":"2016-09-25T08:57:22","guid":{"rendered":"http:\/\/wohnprojekt.wohnprojektbadbramstedt.de\/?p=4786"},"modified":"2016-10-27T18:17:51","modified_gmt":"2016-10-27T16:17:51","slug":"der-bauzaun-steht","status":"publish","type":"post","link":"https:\/\/wohnprojektbadbramstedt.de\/?p=4786","title":{"rendered":"Der Bauzaun steht"},"content":{"rendered":"<div id=\"attachment_4790\" style=\"width: 310px\" class=\"wp-caption alignleft\"><a href=\"https:\/\/wohnprojektbadbramstedt.de\/wp-content\/uploads\/2016\/09\/WoPro-Banner-am-Bauzaun-1.jpg\"><img loading=\"lazy\" decoding=\"async\" aria-describedby=\"caption-attachment-4790\" class=\"size-medium wp-image-4790\" src=\"https:\/\/wohnprojektbadbramstedt.de\/wp-content\/uploads\/2016\/09\/WoPro-Banner-am-Bauzaun-1-300x149.jpg\" alt=\"xx\" width=\"300\" height=\"149\" srcset=\"https:\/\/wohnprojektbadbramstedt.de\/wp-content\/uploads\/2016\/09\/WoPro-Banner-am-Bauzaun-1-300x149.jpg 300w, https:\/\/wohnprojektbadbramstedt.de\/wp-content\/uploads\/2016\/09\/WoPro-Banner-am-Bauzaun-1-768x382.jpg 768w, https:\/\/wohnprojektbadbramstedt.de\/wp-content\/uploads\/2016\/09\/WoPro-Banner-am-Bauzaun-1-1024x509.jpg 1024w\" sizes=\"auto, (max-width: 300px) 100vw, 300px\" \/><\/a><p id=\"caption-attachment-4790\" class=\"wp-caption-text\">Zur Vorbereitung der Bauarbeiten unseres Wohnprojekts &#8222;Haus an den Auen&#8220; wird das ganze Gel\u00e4nde eingez\u00e4unt; daf\u00fcr haben wir ein gro\u00dfes Banner unseres Projektes anfertigen lassen.<\/p><\/div>\n<p>Seit einem halben Jahr werden wir immer wieder gefragt: &#8222;<em>Wann geht es denn endlich los mit dem Bau, es tut sich ja garnichts auf dem Gel\u00e4nde.<\/em>&#8220; Klar, die F\u00fclle der Vorarbeit bekommt man von aussen nicht mit &#8211; es sei denn, man liest unsere Internetseite (s.u.).<\/p>\n<p>Zur Zeit l\u00e4uft die <a href=\"https:\/\/wohnprojektbadbramstedt.de\/?p=4773\">Detailabstimmung <\/a>mit uns als Bauherren und dem General-unternehmer sowie die technische Vorbereitungen f\u00fcr den Bau. Die Bauarbeiten beginnen Ende Oktober, die Grundsteinlegung ist nun f\u00fcr Anfang Dezember vorgesehen &#8211; wir werden berichten.<\/p>\n<p>&nbsp;<\/p>\n","protected":false},"excerpt":{"rendered":"<p>Seit einem halben Jahr werden wir immer wieder gefragt: &#8222;Wann geht es denn endlich los mit dem Bau, es tut sich ja garnichts auf dem Gel\u00e4nde.&#8220; Klar, die F\u00fclle der Vorarbeit bekommt man von aussen nicht mit &#8211; es sei &hellip; <a href=\"https:\/\/wohnprojektbadbramstedt.de\/?p=4786\">Weiterlesen <span class=\"meta-nav\">&rarr;<\/span><\/a><\/p>\n","protected":false},"author":1,"featured_media":0,"comment_status":"closed","ping_status":"closed","sticky":false,"template":"","format":"standard","meta":{"footnotes":""},"categories":[27],"tags":[13,15,18,19],"class_list":["post-4786","post","type-post","status-publish","format-standard","hentry","category-bauen","tag-bad-bramstedt","tag-genossenschaftliches-wohnen","tag-nachbarschaftlich","tag-wohnprojekt"],"_links":{"self":[{"href":"https:\/\/wohnprojektbadbramstedt.de\/index.php?rest_route=\/wp\/v2\/posts\/4786","targetHints":{"allow":["GET"]}}],"collection":[{"href":"https:\/\/wohnprojektbadbramstedt.de\/index.php?rest_route=\/wp\/v2\/posts"}],"about":[{"href":"https:\/\/wohnprojektbadbramstedt.de\/index.php?rest_route=\/wp\/v2\/types\/post"}],"author":[{"embeddable":true,"href":"https:\/\/wohnprojektbadbramstedt.de\/index.php?rest_route=\/wp\/v2\/users\/1"}],"replies":[{"embeddable":true,"href":"https:\/\/wohnprojektbadbramstedt.de\/index.php?rest_route=%2Fwp%2Fv2%2Fcomments&post=4786"}],"version-history":[{"count":7,"href":"https:\/\/wohnprojektbadbramstedt.de\/index.php?rest_route=\/wp\/v2\/posts\/4786\/revisions"}],"predecessor-version":[{"id":4896,"href":"https:\/\/wohnprojektbadbramstedt.de\/index.php?rest_route=\/wp\/v2\/posts\/4786\/revisions\/4896"}],"wp:attachment":[{"href":"https:\/\/wohnprojektbadbramstedt.de\/index.php?rest_route=%2Fwp%2Fv2%2Fmedia&parent=4786"}],"wp:term":[{"taxonomy":"category","embeddable":true,"href":"https:\/\/wohnprojektbadbramstedt.de\/index.php?rest_route=%2Fwp%2Fv2%2Fcategories&post=4786"},{"taxonomy":"post_tag","embeddable":true,"href":"https:\/\/wohnprojektbadbramstedt.de\/index.php?rest_route=%2Fwp%2Fv2%2Ftags&post=4786"}],"curies":[{"name":"wp","href":"https:\/\/api.w.org\/{rel}","templated":true}]}}