{"id":48,"date":"2011-12-23T23:26:00","date_gmt":"2011-12-23T22:26:00","guid":{"rendered":"http:\/\/wohnprojektbadbramstedt.wordpress.com\/?p=48"},"modified":"2014-03-02T09:21:17","modified_gmt":"2014-03-02T07:21:17","slug":"aktueller-artikel","status":"publish","type":"post","link":"https:\/\/wohnprojektbadbramstedt.de\/?p=48","title":{"rendered":"Bauvoranfrage gestellt"},"content":{"rendered":"<p>Kurz vor Weihnachten haben wir es noch geschafft, mit Hilfe des beratenden <a title=\"Schnack und Ellerbrock, Architektinnen\" href=\"http:\/\/www.schnack-ellerbrock.de\/\" target=\"_blank\">Architektenb\u00fcros <\/a>eine umfangreiche Bauvoranfrage f\u00fcr das Grundst\u00fcck Oskar-Alexander-Str. \/ Ecke Birkenweg zu formulieren und bei der Stadt zur Weitergabe an das Kreisbauamt einzureichen. Einige Tage sp\u00e4ter wurde vom Kreis eine elektronische Bauakte eingerichtet, auf der wir den jeweiligen Bearbeitungsstand sehen k\u00f6nnen. Neben der Stadt wurden bei vier Beh\u00f6rden Stellungnahmen angefragt. Wir erwarten eine R\u00fcckmeldung im M\u00e4rz.<\/p>\n","protected":false},"excerpt":{"rendered":"<p>Kurz vor Weihnachten haben wir es noch geschafft, mit Hilfe des beratenden Architektenb\u00fcros eine umfangreiche Bauvoranfrage f\u00fcr das Grundst\u00fcck Oskar-Alexander-Str. \/ Ecke Birkenweg zu formulieren und bei der Stadt zur Weitergabe an das Kreisbauamt einzureichen. Einige Tage sp\u00e4ter wurde vom &hellip; <a href=\"https:\/\/wohnprojektbadbramstedt.de\/?p=48\">Weiterlesen <span class=\"meta-nav\">&rarr;<\/span><\/a><\/p>\n","protected":false},"author":3,"featured_media":0,"comment_status":"closed","ping_status":"closed","sticky":false,"template":"","format":"standard","meta":{"footnotes":""},"categories":[4,7],"tags":[13,14,30,18,19],"class_list":["post-48","post","type-post","status-publish","format-standard","hentry","category-behorden-und-politik","category-grundstuck","tag-bad-bramstedt","tag-generationsubergreifend","tag-inklusion","tag-nachbarschaftlich","tag-wohnprojekt"],"_links":{"self":[{"href":"https:\/\/wohnprojektbadbramstedt.de\/index.php?rest_route=\/wp\/v2\/posts\/48","targetHints":{"allow":["GET"]}}],"collection":[{"href":"https:\/\/wohnprojektbadbramstedt.de\/index.php?rest_route=\/wp\/v2\/posts"}],"about":[{"href":"https:\/\/wohnprojektbadbramstedt.de\/index.php?rest_route=\/wp\/v2\/types\/post"}],"author":[{"embeddable":true,"href":"https:\/\/wohnprojektbadbramstedt.de\/index.php?rest_route=\/wp\/v2\/users\/3"}],"replies":[{"embeddable":true,"href":"https:\/\/wohnprojektbadbramstedt.de\/index.php?rest_route=%2Fwp%2Fv2%2Fcomments&post=48"}],"version-history":[{"count":1,"href":"https:\/\/wohnprojektbadbramstedt.de\/index.php?rest_route=\/wp\/v2\/posts\/48\/revisions"}],"predecessor-version":[{"id":1548,"href":"https:\/\/wohnprojektbadbramstedt.de\/index.php?rest_route=\/wp\/v2\/posts\/48\/revisions\/1548"}],"wp:attachment":[{"href":"https:\/\/wohnprojektbadbramstedt.de\/index.php?rest_route=%2Fwp%2Fv2%2Fmedia&parent=48"}],"wp:term":[{"taxonomy":"category","embeddable":true,"href":"https:\/\/wohnprojektbadbramstedt.de\/index.php?rest_route=%2Fwp%2Fv2%2Fcategories&post=48"},{"taxonomy":"post_tag","embeddable":true,"href":"https:\/\/wohnprojektbadbramstedt.de\/index.php?rest_route=%2Fwp%2Fv2%2Ftags&post=48"}],"curies":[{"name":"wp","href":"https:\/\/api.w.org\/{rel}","templated":true}]}}