{"id":4956,"date":"2016-11-18T10:38:51","date_gmt":"2016-11-18T08:38:51","guid":{"rendered":"http:\/\/wohnprojekt.wohnprojektbadbramstedt.de\/?p=4956"},"modified":"2016-11-18T10:38:51","modified_gmt":"2016-11-18T08:38:51","slug":"arbeit-am-keller","status":"publish","type":"post","link":"https:\/\/wohnprojektbadbramstedt.de\/?p=4956","title":{"rendered":"Arbeit am Keller"},"content":{"rendered":"<div id=\"attachment_4957\" style=\"width: 310px\" class=\"wp-caption alignleft\"><a href=\"https:\/\/wohnprojektbadbramstedt.de\/wp-content\/uploads\/2016\/11\/20161117_Bau-des-Kellers-2.jpg\"><img loading=\"lazy\" decoding=\"async\" aria-describedby=\"caption-attachment-4957\" class=\"size-medium wp-image-4957\" src=\"https:\/\/wohnprojektbadbramstedt.de\/wp-content\/uploads\/2016\/11\/20161117_Bau-des-Kellers-2-300x169.jpg\" alt=\"xxx\" width=\"300\" height=\"169\" srcset=\"https:\/\/wohnprojektbadbramstedt.de\/wp-content\/uploads\/2016\/11\/20161117_Bau-des-Kellers-2-300x169.jpg 300w, https:\/\/wohnprojektbadbramstedt.de\/wp-content\/uploads\/2016\/11\/20161117_Bau-des-Kellers-2-768x432.jpg 768w, https:\/\/wohnprojektbadbramstedt.de\/wp-content\/uploads\/2016\/11\/20161117_Bau-des-Kellers-2-1024x576.jpg 1024w\" sizes=\"auto, (max-width: 300px) 100vw, 300px\" \/><\/a><p id=\"caption-attachment-4957\" class=\"wp-caption-text\">Arbeit am Keller Haus 4; im Bild die vertieften Aushebungen f\u00fcr die Fundamentst\u00fctzen<\/p><\/div>\n<p>Nachdem uns im November ein Frost \u00fcberrascht hatte, gehen die Arbeiten am Keller nun voran. Die Baugrube steht und die Aushebungen f\u00fcr die Fundamente des Fahrstuhls und der St\u00fctzen werden nun Mitte November abgeschlossen.<\/p>\n<p>Unser Projekt besteht aus <a href=\"https:\/\/wohnprojektbadbramstedt.de\/?page_id=1253\">vier H\u00e4usern mit 22 Wohnungen<\/a>, die durch Laubeng\u00e4nge verbunden sind; davon ist das Haus 4 unterkellert, damit jede Wohnung einen Abstellraum bekommt. Die H\u00e4user haben drei Stockwerke, Haus 4 allerdings vier, da im Erdgeschoss der gro\u00dfe Gemeinschaftsraum, B\u00fcros und Funktionsr\u00e4ume untergebracht sein werden.<\/p>\n<div id=\"attachment_4958\" style=\"width: 650px\" class=\"wp-caption alignleft\"><a href=\"https:\/\/wohnprojektbadbramstedt.de\/wp-content\/uploads\/2016\/11\/20161117_Bau-des-Kellers.jpg\"><img loading=\"lazy\" decoding=\"async\" aria-describedby=\"caption-attachment-4958\" class=\"size-large wp-image-4958\" src=\"https:\/\/wohnprojektbadbramstedt.de\/wp-content\/uploads\/2016\/11\/20161117_Bau-des-Kellers-1024x466.jpg\" alt=\"xx\" width=\"640\" height=\"291\" srcset=\"https:\/\/wohnprojektbadbramstedt.de\/wp-content\/uploads\/2016\/11\/20161117_Bau-des-Kellers-1024x466.jpg 1024w, https:\/\/wohnprojektbadbramstedt.de\/wp-content\/uploads\/2016\/11\/20161117_Bau-des-Kellers-300x137.jpg 300w, https:\/\/wohnprojektbadbramstedt.de\/wp-content\/uploads\/2016\/11\/20161117_Bau-des-Kellers-768x349.jpg 768w\" sizes=\"auto, (max-width: 640px) 100vw, 640px\" \/><\/a><p id=\"caption-attachment-4958\" class=\"wp-caption-text\">Arbeiten am Keller, im Hintergrund die aufw\u00e4ndige Pump- und Filteranlage zur Absenkung des Grundwassers w\u00e4hrend der Zeit des Kellerbaus.<\/p><\/div>\n","protected":false},"excerpt":{"rendered":"<p>Nachdem uns im November ein Frost \u00fcberrascht hatte, gehen die Arbeiten am Keller nun voran. Die Baugrube steht und die Aushebungen f\u00fcr die Fundamente des Fahrstuhls und der St\u00fctzen werden nun Mitte November abgeschlossen. Unser Projekt besteht aus vier H\u00e4usern &hellip; <a href=\"https:\/\/wohnprojektbadbramstedt.de\/?p=4956\">Weiterlesen <span class=\"meta-nav\">&rarr;<\/span><\/a><\/p>\n","protected":false},"author":1,"featured_media":0,"comment_status":"closed","ping_status":"closed","sticky":false,"template":"","format":"standard","meta":{"footnotes":""},"categories":[27],"tags":[13,15,18,19],"class_list":["post-4956","post","type-post","status-publish","format-standard","hentry","category-bauen","tag-bad-bramstedt","tag-genossenschaftliches-wohnen","tag-nachbarschaftlich","tag-wohnprojekt"],"_links":{"self":[{"href":"https:\/\/wohnprojektbadbramstedt.de\/index.php?rest_route=\/wp\/v2\/posts\/4956","targetHints":{"allow":["GET"]}}],"collection":[{"href":"https:\/\/wohnprojektbadbramstedt.de\/index.php?rest_route=\/wp\/v2\/posts"}],"about":[{"href":"https:\/\/wohnprojektbadbramstedt.de\/index.php?rest_route=\/wp\/v2\/types\/post"}],"author":[{"embeddable":true,"href":"https:\/\/wohnprojektbadbramstedt.de\/index.php?rest_route=\/wp\/v2\/users\/1"}],"replies":[{"embeddable":true,"href":"https:\/\/wohnprojektbadbramstedt.de\/index.php?rest_route=%2Fwp%2Fv2%2Fcomments&post=4956"}],"version-history":[{"count":5,"href":"https:\/\/wohnprojektbadbramstedt.de\/index.php?rest_route=\/wp\/v2\/posts\/4956\/revisions"}],"predecessor-version":[{"id":4963,"href":"https:\/\/wohnprojektbadbramstedt.de\/index.php?rest_route=\/wp\/v2\/posts\/4956\/revisions\/4963"}],"wp:attachment":[{"href":"https:\/\/wohnprojektbadbramstedt.de\/index.php?rest_route=%2Fwp%2Fv2%2Fmedia&parent=4956"}],"wp:term":[{"taxonomy":"category","embeddable":true,"href":"https:\/\/wohnprojektbadbramstedt.de\/index.php?rest_route=%2Fwp%2Fv2%2Fcategories&post=4956"},{"taxonomy":"post_tag","embeddable":true,"href":"https:\/\/wohnprojektbadbramstedt.de\/index.php?rest_route=%2Fwp%2Fv2%2Ftags&post=4956"}],"curies":[{"name":"wp","href":"https:\/\/api.w.org\/{rel}","templated":true}]}}