{"id":5023,"date":"2016-12-05T19:03:47","date_gmt":"2016-12-05T17:03:47","guid":{"rendered":"http:\/\/wohnprojekt.wohnprojektbadbramstedt.de\/?p=5023"},"modified":"2016-12-09T10:20:32","modified_gmt":"2016-12-09T08:20:32","slug":"vorbereitung-der-grundsteinlegung","status":"publish","type":"post","link":"https:\/\/wohnprojektbadbramstedt.de\/?p=5023","title":{"rendered":"Zeitkapsel? Zeitkapsel!"},"content":{"rendered":"<div id=\"attachment_5024\" style=\"width: 310px\" class=\"wp-caption alignleft\"><a href=\"https:\/\/wohnprojektbadbramstedt.de\/wp-content\/uploads\/2016\/12\/20161205_Inhalt-H\u00fclse2.jpg\"><img loading=\"lazy\" decoding=\"async\" aria-describedby=\"caption-attachment-5024\" class=\"wp-image-5024 size-medium\" src=\"https:\/\/wohnprojektbadbramstedt.de\/wp-content\/uploads\/2016\/12\/20161205_Inhalt-H\u00fclse2-300x197.jpg\" alt=\"20161205_inhalt-huelse2\" width=\"300\" height=\"197\" srcset=\"https:\/\/wohnprojektbadbramstedt.de\/wp-content\/uploads\/2016\/12\/20161205_Inhalt-H\u00fclse2-300x197.jpg 300w, https:\/\/wohnprojektbadbramstedt.de\/wp-content\/uploads\/2016\/12\/20161205_Inhalt-H\u00fclse2-768x504.jpg 768w, https:\/\/wohnprojektbadbramstedt.de\/wp-content\/uploads\/2016\/12\/20161205_Inhalt-H\u00fclse2-1024x672.jpg 1024w\" sizes=\"auto, (max-width: 300px) 100vw, 300px\" \/><\/a><p id=\"caption-attachment-5024\" class=\"wp-caption-text\">Der Inhalt der Zeitkapsel (Kupferh\u00fclse rechts im Bild)\u00a0 f\u00fcr die Grundsteinlegung<\/p><\/div>\n<p>Derzeit sind wir in der Vorbereitung der Grundsteinlegung. Was wollen wir der Nachwelt in der Zeitkapsel \u00fcberliefern, die in das Fundament eingemauert wird? Hier haben wir zusammengetragen: Pers\u00f6nliches (Gute W\u00fcnsche und kleine Gegenst\u00e4nde), Projektspezifisches (Gruppenfoto, Prospekte und Pl\u00e4ne), Bramstedtspezifisches ( Postkarten) und Zeitspezifisches (Tageszeitungen,\u00a0 Gemeindebrief\u00a0und aktuelle M\u00fcnzen).<\/p>\n<p>Auszug aus dem Einladungsschreiben:<\/p>\n<p><em>&#8222;Wir bauen unser neues \u201eHaus an den Auen\u201c mit 4 H\u00e4usern und insgesamt 22 Wohnungen sowie einem gro\u00dfen Gemeinschaftsbereich auf einem sehr attraktiven Grundst\u00fcck am Eingang zum Kurgebiet.<\/em><\/p>\n<p><em>Von Anfang an wird dieser Prozess vom Architekten- und Planungsb\u00fcro Mumm+Partner GbR begleitet. Mit der Stattbau Hamburg GmbH\u00a0 und der ConPlan GmbH haben wir erfahrene Projektentwickler und Finanzierungsberater an unserer Seite. Kontinuierliche Unterst\u00fctzung bekommen wir von der Verwaltung und den zust\u00e4ndigen Gremien der Stadt Bad Bramstedt. Das Klinikum Bad Bramstedt als Grundst\u00fcckseigner hat uns lange den R\u00fccken freigehalten, bis wir in der Lage waren, das Grundst\u00fcck zu kaufen. Rechtsanwalt Uellendahl ber\u00e4t und begleitet uns bei vielen gesellschaftsrechtlichen Fragen. Die Umweltbank AG aus N\u00fcrnberg unterst\u00fctzt uns durch die Finanzierung der genossenschaftlichen Mietwohnungen. Die Firma Altus Bau GmbH wird als Generalunternehmer die bauliche Umsetzung vornehmen.<\/em><\/p>\n<p><em>Und wir haben eine &#8211; nun schon sturmerprobte &#8211; Mannschaft von 29 zuk\u00fcnftigen Bewohnern, die \u00fcber Jahre viel Engagement, Geduld und Nerven, aber auch viel Geld in ihren Traum des guten nachbarschaftlichen Wohnens investiert haben. Nun haben wir das Projekt definitiv auf den Weg gebracht und das wollen wir mit Ihnen\/Euch feiern.&#8220;<\/em><\/p>\n","protected":false},"excerpt":{"rendered":"<p>Derzeit sind wir in der Vorbereitung der Grundsteinlegung. Was wollen wir der Nachwelt in der Zeitkapsel \u00fcberliefern, die in das Fundament eingemauert wird? Hier haben wir zusammengetragen: Pers\u00f6nliches (Gute W\u00fcnsche und kleine Gegenst\u00e4nde), Projektspezifisches (Gruppenfoto, Prospekte und Pl\u00e4ne), Bramstedtspezifisches ( &hellip; <a href=\"https:\/\/wohnprojektbadbramstedt.de\/?p=5023\">Weiterlesen <span class=\"meta-nav\">&rarr;<\/span><\/a><\/p>\n","protected":false},"author":1,"featured_media":0,"comment_status":"closed","ping_status":"closed","sticky":false,"template":"","format":"standard","meta":{"footnotes":""},"categories":[3,11],"tags":[13,15,18,19],"class_list":["post-5023","post","type-post","status-publish","format-standard","hentry","category-aktivitaten","category-unsere-initiative","tag-bad-bramstedt","tag-genossenschaftliches-wohnen","tag-nachbarschaftlich","tag-wohnprojekt"],"_links":{"self":[{"href":"https:\/\/wohnprojektbadbramstedt.de\/index.php?rest_route=\/wp\/v2\/posts\/5023","targetHints":{"allow":["GET"]}}],"collection":[{"href":"https:\/\/wohnprojektbadbramstedt.de\/index.php?rest_route=\/wp\/v2\/posts"}],"about":[{"href":"https:\/\/wohnprojektbadbramstedt.de\/index.php?rest_route=\/wp\/v2\/types\/post"}],"author":[{"embeddable":true,"href":"https:\/\/wohnprojektbadbramstedt.de\/index.php?rest_route=\/wp\/v2\/users\/1"}],"replies":[{"embeddable":true,"href":"https:\/\/wohnprojektbadbramstedt.de\/index.php?rest_route=%2Fwp%2Fv2%2Fcomments&post=5023"}],"version-history":[{"count":5,"href":"https:\/\/wohnprojektbadbramstedt.de\/index.php?rest_route=\/wp\/v2\/posts\/5023\/revisions"}],"predecessor-version":[{"id":5065,"href":"https:\/\/wohnprojektbadbramstedt.de\/index.php?rest_route=\/wp\/v2\/posts\/5023\/revisions\/5065"}],"wp:attachment":[{"href":"https:\/\/wohnprojektbadbramstedt.de\/index.php?rest_route=%2Fwp%2Fv2%2Fmedia&parent=5023"}],"wp:term":[{"taxonomy":"category","embeddable":true,"href":"https:\/\/wohnprojektbadbramstedt.de\/index.php?rest_route=%2Fwp%2Fv2%2Fcategories&post=5023"},{"taxonomy":"post_tag","embeddable":true,"href":"https:\/\/wohnprojektbadbramstedt.de\/index.php?rest_route=%2Fwp%2Fv2%2Ftags&post=5023"}],"curies":[{"name":"wp","href":"https:\/\/api.w.org\/{rel}","templated":true}]}}