{"id":5069,"date":"2016-12-10T18:26:30","date_gmt":"2016-12-10T16:26:30","guid":{"rendered":"http:\/\/wohnprojekt.wohnprojektbadbramstedt.de\/?p=5069"},"modified":"2016-12-13T08:27:49","modified_gmt":"2016-12-13T06:27:49","slug":"grundsteinlegung-eine-gelungene-veranstaltung","status":"publish","type":"post","link":"https:\/\/wohnprojektbadbramstedt.de\/?p=5069","title":{"rendered":"Grundsteinlegung &#8211; eine gelungene Veranstaltung"},"content":{"rendered":"<div id=\"attachment_5071\" style=\"width: 310px\" class=\"wp-caption alignleft\"><a href=\"https:\/\/wohnprojektbadbramstedt.de\/wp-content\/uploads\/2016\/12\/Zeitkapsel.jpg\"><img loading=\"lazy\" decoding=\"async\" aria-describedby=\"caption-attachment-5071\" class=\"size-medium wp-image-5071\" src=\"https:\/\/wohnprojektbadbramstedt.de\/wp-content\/uploads\/2016\/12\/Zeitkapsel-300x215.jpg\" alt=\"\" width=\"300\" height=\"215\" srcset=\"https:\/\/wohnprojektbadbramstedt.de\/wp-content\/uploads\/2016\/12\/Zeitkapsel-300x215.jpg 300w, https:\/\/wohnprojektbadbramstedt.de\/wp-content\/uploads\/2016\/12\/Zeitkapsel-768x551.jpg 768w, https:\/\/wohnprojektbadbramstedt.de\/wp-content\/uploads\/2016\/12\/Zeitkapsel-1024x734.jpg 1024w\" sizes=\"auto, (max-width: 300px) 100vw, 300px\" \/><\/a><p id=\"caption-attachment-5071\" class=\"wp-caption-text\">Die Zeitkapsel wird verschlossen und f\u00fcr die Grundsteinlegung vorbereitet. Im Bild Thomas Becker (Altus Bau GmbH), Gabriele Birke (Sprecherin der Arbeitgsgruppe Bau im Wohnprojekt) und Joachim Josenhans (Gech\u00e4ftsf\u00fchrer der Baugemeinschaft)<\/p><\/div>\n<p>Bei Nieselregen aber dank eines Zeltes im Trockenen und mit guter Laune trafen sich unsere Mitglieder\u00a0 am 8.12.16 auf der Baustelle, um gemeinsam mit allen Akteuren und Unterst\u00fctzern den bereits Anfang November begonnenen Bau mit der Grundsteinlegung zu feiern.<\/p>\n<p>Unser Generalunternehmer Altus Bau hatte ein gro\u00dfes Zelt aufgebaut, unsere Mitglieder hatten ein leckeres Buffett und Getr\u00e4nke vorbereitet. Viele G\u00e4ste hatten sich eingefunden und so konnte es dann losgehen mit der Grundsteinlegung. B\u00fcrgermeister J\u00fcrgen K\u00fctbach freute sich mit uns und lobte die Hartn\u00e4ckigkeit, mit der wir \u00fcber Jahre das Projekt verfolgt hatten und stellte es als ein gutes Beispiel nachbarschaftlichen Wohnens dar, das nun auch in Bad Bramstedt angekommen ist.\u00a0 Joachim Josenhans berichtete f\u00fcr die Initiative \u00fcber den langen Weg und die Hindernisse, die zu \u00fcberwinden waren, die aber dazu gef\u00fchrt hatten, dass die Gruppe sich dabei gefunden und zusammengeschlossen hatte.<\/p>\n<div id=\"attachment_5072\" style=\"width: 238px\" class=\"wp-caption alignleft\"><a href=\"https:\/\/wohnprojektbadbramstedt.de\/wp-content\/uploads\/2016\/12\/Grundsteinlegung-Dietmar-Kraas.jpg\"><img loading=\"lazy\" decoding=\"async\" aria-describedby=\"caption-attachment-5072\" class=\"size-medium wp-image-5072\" src=\"https:\/\/wohnprojektbadbramstedt.de\/wp-content\/uploads\/2016\/12\/Grundsteinlegung-Dietmar-Kraas-228x300.jpg\" alt=\"\" width=\"228\" height=\"300\" srcset=\"https:\/\/wohnprojektbadbramstedt.de\/wp-content\/uploads\/2016\/12\/Grundsteinlegung-Dietmar-Kraas-228x300.jpg 228w, https:\/\/wohnprojektbadbramstedt.de\/wp-content\/uploads\/2016\/12\/Grundsteinlegung-Dietmar-Kraas-768x1009.jpg 768w, https:\/\/wohnprojektbadbramstedt.de\/wp-content\/uploads\/2016\/12\/Grundsteinlegung-Dietmar-Kraas-779x1024.jpg 779w\" sizes=\"auto, (max-width: 228px) 100vw, 228px\" \/><\/a><p id=\"caption-attachment-5072\" class=\"wp-caption-text\">Dietmar Kraas (Aufsichtsrat unserer Haus an den Auen eG) schlie\u00dft den Grundstein.<\/p><\/div>\n<p>Danach ging es zur eigentlichen Grundsteinlegung deren historischen Hintergrund uns der Gesch\u00e4ftsf\u00fchrer von Altus Bau erl\u00e4uterte und durch die er uns f\u00fchrte. So musste der vom Polier Eberhard Oesterreich vorbereitete Sockel nach dem Einbringen der <a href=\"https:\/\/wohnprojektbadbramstedt.de\/?p=5023\">Zeitkapsel <\/a>mit einer Schicht Kalksandsteine geschlossen werden. Diese ehrenvolle Aufgaben \u00fcbernahmen drei\u00a0 Mitglieder unserer Gruppe.<\/p>\n<p>Danach wurde das Buffett freigegeben und unsere Mitglieder und G\u00e4ste freuten sich gemeinsam \u00fcber die gelungene Grundsteinlegung. Mit dabei waren rund 20 Vertreter aus Politik und Verwaltung, unsere Architekten und Bauleitplaner, zuk\u00fcnftige Nachbarn sowie viele weitere Menschen, die uns in verschiedenen Bereichen unterst\u00fctzt und beraten hatten.<\/p>\n<p>Und nicht zuletzt waren die Bauarbeiter der Fa. Altus Bau\u00a0 dabei, die nun die Hauptarbeit leisten. Sie setzten in der Baugrube noch bis unmittelbar vor Beginn der Zeremonie Schalungen f\u00fcr die Kellerw\u00e4nde ein, da am n\u00e4chsten Morgen die Betonlaster geordert waren &#8211;\u00a0 Fundament und Keller sollen noch bis Weihnachten fertig werden.<\/p>\n<p>Das Presseecho auf die Veranstaltung l\u00e4sst <a href=\"https:\/\/wohnprojektbadbramstedt.de\/?page_id=17\">sich <\/a>hier nachlesen.<\/p>\n<div id=\"attachment_5075\" style=\"width: 650px\" class=\"wp-caption alignleft\"><a href=\"https:\/\/wohnprojektbadbramstedt.de\/wp-content\/uploads\/2016\/12\/Zuschauer-der-Grundsteinlegung.jpg\"><img loading=\"lazy\" decoding=\"async\" aria-describedby=\"caption-attachment-5075\" class=\"size-large wp-image-5075\" src=\"https:\/\/wohnprojektbadbramstedt.de\/wp-content\/uploads\/2016\/12\/Zuschauer-der-Grundsteinlegung-1024x605.jpg\" alt=\"\" width=\"640\" height=\"378\" srcset=\"https:\/\/wohnprojektbadbramstedt.de\/wp-content\/uploads\/2016\/12\/Zuschauer-der-Grundsteinlegung-1024x605.jpg 1024w, https:\/\/wohnprojektbadbramstedt.de\/wp-content\/uploads\/2016\/12\/Zuschauer-der-Grundsteinlegung-300x177.jpg 300w, https:\/\/wohnprojektbadbramstedt.de\/wp-content\/uploads\/2016\/12\/Zuschauer-der-Grundsteinlegung-768x454.jpg 768w\" sizes=\"auto, (max-width: 640px) 100vw, 640px\" \/><\/a><p id=\"caption-attachment-5075\" class=\"wp-caption-text\">Mit Interesse und Freude verfolgen unsere Mitglieder, unsere G\u00e4ste und die Presse die\u00a0 Ansprachen und den Akt der Grundsteinlegung<\/p><\/div>\n","protected":false},"excerpt":{"rendered":"<p>Bei Nieselregen aber dank eines Zeltes im Trockenen und mit guter Laune trafen sich unsere Mitglieder\u00a0 am 8.12.16 auf der Baustelle, um gemeinsam mit allen Akteuren und Unterst\u00fctzern den bereits Anfang November begonnenen Bau mit der Grundsteinlegung zu feiern. Unser &hellip; <a href=\"https:\/\/wohnprojektbadbramstedt.de\/?p=5069\">Weiterlesen <span class=\"meta-nav\">&rarr;<\/span><\/a><\/p>\n","protected":false},"author":1,"featured_media":0,"comment_status":"closed","ping_status":"closed","sticky":false,"template":"","format":"standard","meta":{"footnotes":""},"categories":[27,11],"tags":[13,15,34,18,19],"class_list":["post-5069","post","type-post","status-publish","format-standard","hentry","category-bauen","category-unsere-initiative","tag-bad-bramstedt","tag-genossenschaftliches-wohnen","tag-grundsteinlegung","tag-nachbarschaftlich","tag-wohnprojekt"],"_links":{"self":[{"href":"https:\/\/wohnprojektbadbramstedt.de\/index.php?rest_route=\/wp\/v2\/posts\/5069","targetHints":{"allow":["GET"]}}],"collection":[{"href":"https:\/\/wohnprojektbadbramstedt.de\/index.php?rest_route=\/wp\/v2\/posts"}],"about":[{"href":"https:\/\/wohnprojektbadbramstedt.de\/index.php?rest_route=\/wp\/v2\/types\/post"}],"author":[{"embeddable":true,"href":"https:\/\/wohnprojektbadbramstedt.de\/index.php?rest_route=\/wp\/v2\/users\/1"}],"replies":[{"embeddable":true,"href":"https:\/\/wohnprojektbadbramstedt.de\/index.php?rest_route=%2Fwp%2Fv2%2Fcomments&post=5069"}],"version-history":[{"count":9,"href":"https:\/\/wohnprojektbadbramstedt.de\/index.php?rest_route=\/wp\/v2\/posts\/5069\/revisions"}],"predecessor-version":[{"id":5081,"href":"https:\/\/wohnprojektbadbramstedt.de\/index.php?rest_route=\/wp\/v2\/posts\/5069\/revisions\/5081"}],"wp:attachment":[{"href":"https:\/\/wohnprojektbadbramstedt.de\/index.php?rest_route=%2Fwp%2Fv2%2Fmedia&parent=5069"}],"wp:term":[{"taxonomy":"category","embeddable":true,"href":"https:\/\/wohnprojektbadbramstedt.de\/index.php?rest_route=%2Fwp%2Fv2%2Fcategories&post=5069"},{"taxonomy":"post_tag","embeddable":true,"href":"https:\/\/wohnprojektbadbramstedt.de\/index.php?rest_route=%2Fwp%2Fv2%2Ftags&post=5069"}],"curies":[{"name":"wp","href":"https:\/\/api.w.org\/{rel}","templated":true}]}}