{"id":5210,"date":"2017-02-05T12:04:00","date_gmt":"2017-02-05T10:04:00","guid":{"rendered":"http:\/\/wohnprojekt.wohnprojektbadbramstedt.de\/?p=5210"},"modified":"2018-01-03T18:37:11","modified_gmt":"2018-01-03T16:37:11","slug":"trotz-kaelte-bauarbeiten-gehen-voran","status":"publish","type":"post","link":"https:\/\/wohnprojektbadbramstedt.de\/?p=5210","title":{"rendered":"Trotz K\u00e4lte &#8211; Bauarbeiten gehen voran"},"content":{"rendered":"<div id=\"attachment_5211\" style=\"width: 650px\" class=\"wp-caption alignleft\"><a href=\"https:\/\/wohnprojektbadbramstedt.de\/wp-content\/uploads\/2017\/02\/20170203_Baustelle-2_172.jpg\"><img loading=\"lazy\" decoding=\"async\" aria-describedby=\"caption-attachment-5211\" class=\"wp-image-5211 size-large\" src=\"https:\/\/wohnprojektbadbramstedt.de\/wp-content\/uploads\/2017\/02\/20170203_Baustelle-2_172-1024x425.jpg\" width=\"640\" height=\"266\" srcset=\"https:\/\/wohnprojektbadbramstedt.de\/wp-content\/uploads\/2017\/02\/20170203_Baustelle-2_172-1024x425.jpg 1024w, https:\/\/wohnprojektbadbramstedt.de\/wp-content\/uploads\/2017\/02\/20170203_Baustelle-2_172-300x125.jpg 300w, https:\/\/wohnprojektbadbramstedt.de\/wp-content\/uploads\/2017\/02\/20170203_Baustelle-2_172-768x319.jpg 768w\" sizes=\"auto, (max-width: 640px) 100vw, 640px\" \/><\/a><p id=\"caption-attachment-5211\" class=\"wp-caption-text\">Die W\u00e4nde im Erdgeschoss Haus 4 stehen: im linkenTeil wird die verglaste Eingangshalle entstehen, in der Mitte der Gemeinschaftsraum und rechts Werkstatt, Abstellr\u00e4ume und die Garage f\u00fcr Mobilit\u00e4tshilfen.<\/p><\/div>\n<p>In den letzten Wochen hatten die Bauarbeiter mit vielen Schwierigkeiten zu k\u00e4mpfen. Regen, Schnee, Sturm und Temperaturen, die das Betonieren nur mit zus\u00e4tzlichen Ma\u00dfnahmen erm\u00f6glichten.<\/p>\n<div id=\"attachment_5212\" style=\"width: 310px\" class=\"wp-caption alignleft\"><a href=\"https:\/\/wohnprojektbadbramstedt.de\/wp-content\/uploads\/2017\/02\/20170203_Baustelle-2_17.jpg\"><img loading=\"lazy\" decoding=\"async\" aria-describedby=\"caption-attachment-5212\" class=\"size-medium wp-image-5212\" src=\"https:\/\/wohnprojektbadbramstedt.de\/wp-content\/uploads\/2017\/02\/20170203_Baustelle-2_17-300x210.jpg\" alt=\"\" width=\"300\" height=\"210\" srcset=\"https:\/\/wohnprojektbadbramstedt.de\/wp-content\/uploads\/2017\/02\/20170203_Baustelle-2_17-300x210.jpg 300w, https:\/\/wohnprojektbadbramstedt.de\/wp-content\/uploads\/2017\/02\/20170203_Baustelle-2_17-768x538.jpg 768w, https:\/\/wohnprojektbadbramstedt.de\/wp-content\/uploads\/2017\/02\/20170203_Baustelle-2_17-1024x718.jpg 1024w\" sizes=\"auto, (max-width: 300px) 100vw, 300px\" \/><\/a><p id=\"caption-attachment-5212\" class=\"wp-caption-text\">Im zuk\u00fcnftigen Foyer wird der Fahrstuhlschacht vermauert, links die St\u00fctzen f\u00fcr die sp\u00e4teren Glasfronten.<\/p><\/div>\n<p>Dennoch konnten bis Anfang Februar der Keller in Haus 4 und die Fundamente der anderen H\u00e4user fertigestellt werden, auf denen dann die W\u00e4nde gestellt werden; diese sind im Haus 4 f\u00fcr das Erdgeschoss nun auch bereits fertigestellt.<\/p>\n<p>Neben den Bauarbeiten gibt es aber auch f\u00fcr unsere Gruppe viel zu tun: zur Zeit laufen die Endabstimmungen mit Altus Bau f\u00fcr die Ausgestaltung der einzelnen Wohnungen und der Gemeinschaftsbereiche (Gemeinschaftsraum, Werkstatt, Aussenbereiche, Versorgung mit Internet, TV und Telefon,\u00a0Wegef\u00fchrung und Beleuchtung etc.).<\/p>\n<div id=\"attachment_5213\" style=\"width: 310px\" class=\"wp-caption alignleft\"><a href=\"https:\/\/wohnprojektbadbramstedt.de\/wp-content\/uploads\/2017\/02\/DSC_6066-Arbeitsgruppe.jpg\"><img loading=\"lazy\" decoding=\"async\" aria-describedby=\"caption-attachment-5213\" class=\"size-medium wp-image-5213\" src=\"https:\/\/wohnprojektbadbramstedt.de\/wp-content\/uploads\/2017\/02\/DSC_6066-Arbeitsgruppe-300x211.jpg\" alt=\"\" width=\"300\" height=\"211\" srcset=\"https:\/\/wohnprojektbadbramstedt.de\/wp-content\/uploads\/2017\/02\/DSC_6066-Arbeitsgruppe-300x211.jpg 300w, https:\/\/wohnprojektbadbramstedt.de\/wp-content\/uploads\/2017\/02\/DSC_6066-Arbeitsgruppe-768x539.jpg 768w, https:\/\/wohnprojektbadbramstedt.de\/wp-content\/uploads\/2017\/02\/DSC_6066-Arbeitsgruppe-1024x719.jpg 1024w\" sizes=\"auto, (max-width: 300px) 100vw, 300px\" \/><\/a><p id=\"caption-attachment-5213\" class=\"wp-caption-text\">Nicht nur f\u00fcr die Bauarbeiter gibt es viel zu tun &#8211; auch in unseren Arbeitsgruppen.<\/p><\/div>\n<p>In der Vorarbeit gab es diverse Sitzungen, in denen unsere Vorstellungen konkretisiert und (auch finanziell) auf Machbarkeit \u00fcberpr\u00fcft werden mussten. Die Abstimmung l\u00e4uft nach wie vor in den monatlich stattfindenden Sitzungen unseres Plenums und der Arbeitsgruppen. Das ist aufw\u00e4ndig, aber so hat jeder die M\u00f6glichkeit, an der Gestaltung von vorherein mitzuwirken und das Plenum wird &#8211; so weit m\u00f6glich &#8211; von allen besucht.<\/p>\n","protected":false},"excerpt":{"rendered":"<p>In den letzten Wochen hatten die Bauarbeiter mit vielen Schwierigkeiten zu k\u00e4mpfen. Regen, Schnee, Sturm und Temperaturen, die das Betonieren nur mit zus\u00e4tzlichen Ma\u00dfnahmen erm\u00f6glichten. Dennoch konnten bis Anfang Februar der Keller in Haus 4 und die Fundamente der anderen &hellip; <a href=\"https:\/\/wohnprojektbadbramstedt.de\/?p=5210\">Weiterlesen <span class=\"meta-nav\">&rarr;<\/span><\/a><\/p>\n","protected":false},"author":1,"featured_media":0,"comment_status":"closed","ping_status":"closed","sticky":false,"template":"","format":"standard","meta":{"footnotes":""},"categories":[27],"tags":[13,35,15,18,19],"class_list":["post-5210","post","type-post","status-publish","format-standard","hentry","category-bauen","tag-bad-bramstedt","tag-bauen","tag-genossenschaftliches-wohnen","tag-nachbarschaftlich","tag-wohnprojekt"],"_links":{"self":[{"href":"https:\/\/wohnprojektbadbramstedt.de\/index.php?rest_route=\/wp\/v2\/posts\/5210","targetHints":{"allow":["GET"]}}],"collection":[{"href":"https:\/\/wohnprojektbadbramstedt.de\/index.php?rest_route=\/wp\/v2\/posts"}],"about":[{"href":"https:\/\/wohnprojektbadbramstedt.de\/index.php?rest_route=\/wp\/v2\/types\/post"}],"author":[{"embeddable":true,"href":"https:\/\/wohnprojektbadbramstedt.de\/index.php?rest_route=\/wp\/v2\/users\/1"}],"replies":[{"embeddable":true,"href":"https:\/\/wohnprojektbadbramstedt.de\/index.php?rest_route=%2Fwp%2Fv2%2Fcomments&post=5210"}],"version-history":[{"count":4,"href":"https:\/\/wohnprojektbadbramstedt.de\/index.php?rest_route=\/wp\/v2\/posts\/5210\/revisions"}],"predecessor-version":[{"id":5217,"href":"https:\/\/wohnprojektbadbramstedt.de\/index.php?rest_route=\/wp\/v2\/posts\/5210\/revisions\/5217"}],"wp:attachment":[{"href":"https:\/\/wohnprojektbadbramstedt.de\/index.php?rest_route=%2Fwp%2Fv2%2Fmedia&parent=5210"}],"wp:term":[{"taxonomy":"category","embeddable":true,"href":"https:\/\/wohnprojektbadbramstedt.de\/index.php?rest_route=%2Fwp%2Fv2%2Fcategories&post=5210"},{"taxonomy":"post_tag","embeddable":true,"href":"https:\/\/wohnprojektbadbramstedt.de\/index.php?rest_route=%2Fwp%2Fv2%2Ftags&post=5210"}],"curies":[{"name":"wp","href":"https:\/\/api.w.org\/{rel}","templated":true}]}}