{"id":5700,"date":"2017-05-05T17:31:03","date_gmt":"2017-05-05T15:31:03","guid":{"rendered":"http:\/\/wohnprojekt.wohnprojektbadbramstedt.de\/?p=5700"},"modified":"2018-01-03T18:36:27","modified_gmt":"2018-01-03T16:36:27","slug":"wir-feiern-zur-halbzeit-das-richtfest","status":"publish","type":"post","link":"https:\/\/wohnprojektbadbramstedt.de\/?p=5700","title":{"rendered":"Wir feiern zur Halbzeit das Richtfest"},"content":{"rendered":"<div id=\"attachment_5701\" style=\"width: 137px\" class=\"wp-caption alignleft\"><a href=\"https:\/\/wohnprojektbadbramstedt.de\/wp-content\/uploads\/2017\/05\/DSC_2983-Richtspruch.jpg\"><img loading=\"lazy\" decoding=\"async\" aria-describedby=\"caption-attachment-5701\" class=\"size-medium wp-image-5701\" src=\"https:\/\/wohnprojektbadbramstedt.de\/wp-content\/uploads\/2017\/05\/DSC_2983-Richtspruch-127x300.jpg\" alt=\"\" width=\"127\" height=\"300\" srcset=\"https:\/\/wohnprojektbadbramstedt.de\/wp-content\/uploads\/2017\/05\/DSC_2983-Richtspruch-127x300.jpg 127w, https:\/\/wohnprojektbadbramstedt.de\/wp-content\/uploads\/2017\/05\/DSC_2983-Richtspruch-768x1813.jpg 768w, https:\/\/wohnprojektbadbramstedt.de\/wp-content\/uploads\/2017\/05\/DSC_2983-Richtspruch-434x1024.jpg 434w, https:\/\/wohnprojektbadbramstedt.de\/wp-content\/uploads\/2017\/05\/DSC_2983-Richtspruch.jpg 2015w\" sizes=\"auto, (max-width: 127px) 100vw, 127px\" \/><\/a><p id=\"caption-attachment-5701\" class=\"wp-caption-text\">Der Moment des Richtspruchs von Polier Eberhard Oesterreich in z\u00fcnftiger Bekleidung. Daneben links\u00a0 Christian Stephan (Altus Bau) und\u00a0 Joachim Josenhans (Baugemeinschaft)<\/p><\/div>\n<p>Die H\u00e4lfte der Bauzeit ist geschafft und die ersten D\u00e4cher sind auf den Geb\u00e4uden. Damit wurde es Zeit f\u00fcr ein Richtfest, um mit allen zu feiern, die uns bei der Realisierung unseres Wohnprojekt unterst\u00fctzt hatten und uns bei denen zu bedanken, die seit einem halben Jahr dabei sind, den Bau errichten.<\/p>\n<p>Zu diesem Anlass trafen sich die Mitglieder unserer Baugemeinschaft mit den Mitarbeitern und Vertretern der Stadt Bad Bramstedt, des Architekturb\u00fcros Mumm,\u00a0 der Firma Altus Bau und nat\u00fcrlich den Bauhandwerkern\u00a0 der verschiedenen Professionen: Bausprengler, Betonbauer, Dachdecker, Eisenflechter, Erdbauer, Elektriker, Kranf\u00fchrer,\u00a0 Mauerer, Verfuger, Zimmerleute.<\/p>\n<p>Zun\u00e4chst trug Leonie unser j\u00fcngstes Projektmitglied ihren zu unserm Wohnprojekt passenden Richtspruch vor:\u00a0\u201eSteine und M\u00f6rtel bauen das Haus, Nachbarn und Liebe schm\u00fccken es aus.\u201c\u00a0 Danach lobte B\u00fcrgermeister Hans-J\u00fcrgen K\u00fctbach das Projekt, das die Anforderungen des demographischen Wandels beispielhaft aufnimmt und sich baulich mit der Backsteinfassade gut in das Kurgebiert einf\u00fcgt.<\/p>\n<p>Gesch\u00e4ftsf\u00fchrer Becker von Altus Bau, erl\u00e4uterte die baulichen Anforderungen und die in einem solchen Projekt verbauten Mengen an Stein, Eisen, Beton und anderen Materialien. Zum Abschluss erinnerte Joachim Josenhans an die jahrelange konzeptionelle und planerische Vorgeschichte, bis der Auftrag zum Bau gegeben werden konnte und dankte allen, die das Projekt professionell unterst\u00fctzt haben und bis zum Abschluss weiter unterst\u00fctzen werden.<\/p>\n<p>Ein gro\u00dfer Schritt und eine gro\u00dfe Freude f\u00fcr uns alle, die wir uns ein neues Heim in guter Nachbarschaft aufbauen.<\/p>\n<p>Unser Richtfest fand ein gro\u00dfes Presseecho, das wir <span style=\"color: #000000;\"><strong><a style=\"color: #000000;\" href=\"https:\/\/wohnprojektbadbramstedt.de\/?page_id=17\">hier<\/a><\/strong><\/span> dokumentiert haben.<\/p>\n<div id=\"attachment_5703\" style=\"width: 650px\" class=\"wp-caption alignleft\"><a href=\"https:\/\/wohnprojektbadbramstedt.de\/wp-content\/uploads\/2017\/05\/IMG_2576-Gruppenaufnahme2.jpg\"><img loading=\"lazy\" decoding=\"async\" aria-describedby=\"caption-attachment-5703\" class=\"size-large wp-image-5703\" src=\"https:\/\/wohnprojektbadbramstedt.de\/wp-content\/uploads\/2017\/05\/IMG_2576-Gruppenaufnahme2-1024x356.jpg\" alt=\"\" width=\"640\" height=\"223\" srcset=\"https:\/\/wohnprojektbadbramstedt.de\/wp-content\/uploads\/2017\/05\/IMG_2576-Gruppenaufnahme2-1024x356.jpg 1024w, https:\/\/wohnprojektbadbramstedt.de\/wp-content\/uploads\/2017\/05\/IMG_2576-Gruppenaufnahme2-300x104.jpg 300w, https:\/\/wohnprojektbadbramstedt.de\/wp-content\/uploads\/2017\/05\/IMG_2576-Gruppenaufnahme2-768x267.jpg 768w\" sizes=\"auto, (max-width: 640px) 100vw, 640px\" \/><\/a><p id=\"caption-attachment-5703\" class=\"wp-caption-text\">Die Freude und der Stolz ist allen Beteiligten anzusehen. Neben den Mitgliedern unserer Initiative und deren Freunde und Familienmitglieder sind dies (v.l.n.r.) Die (j\u00fcngeren) Architekten, Bauamtsleiter, B\u00fcrgervorsteherin und B\u00fcrgermeister, Gesch\u00e4ftsf\u00fchrer, Bauleiter und Polier von Altus Bau und der Architekt Mumm.<\/p><\/div>\n","protected":false},"excerpt":{"rendered":"<p>Die H\u00e4lfte der Bauzeit ist geschafft und die ersten D\u00e4cher sind auf den Geb\u00e4uden. Damit wurde es Zeit f\u00fcr ein Richtfest, um mit allen zu feiern, die uns bei der Realisierung unseres Wohnprojekt unterst\u00fctzt hatten und uns bei denen zu &hellip; <a href=\"https:\/\/wohnprojektbadbramstedt.de\/?p=5700\">Weiterlesen <span class=\"meta-nav\">&rarr;<\/span><\/a><\/p>\n","protected":false},"author":1,"featured_media":0,"comment_status":"closed","ping_status":"closed","sticky":false,"template":"","format":"standard","meta":{"footnotes":""},"categories":[27],"tags":[13,18,37,19],"class_list":["post-5700","post","type-post","status-publish","format-standard","hentry","category-bauen","tag-bad-bramstedt","tag-nachbarschaftlich","tag-richtfest","tag-wohnprojekt"],"_links":{"self":[{"href":"https:\/\/wohnprojektbadbramstedt.de\/index.php?rest_route=\/wp\/v2\/posts\/5700","targetHints":{"allow":["GET"]}}],"collection":[{"href":"https:\/\/wohnprojektbadbramstedt.de\/index.php?rest_route=\/wp\/v2\/posts"}],"about":[{"href":"https:\/\/wohnprojektbadbramstedt.de\/index.php?rest_route=\/wp\/v2\/types\/post"}],"author":[{"embeddable":true,"href":"https:\/\/wohnprojektbadbramstedt.de\/index.php?rest_route=\/wp\/v2\/users\/1"}],"replies":[{"embeddable":true,"href":"https:\/\/wohnprojektbadbramstedt.de\/index.php?rest_route=%2Fwp%2Fv2%2Fcomments&post=5700"}],"version-history":[{"count":6,"href":"https:\/\/wohnprojektbadbramstedt.de\/index.php?rest_route=\/wp\/v2\/posts\/5700\/revisions"}],"predecessor-version":[{"id":5708,"href":"https:\/\/wohnprojektbadbramstedt.de\/index.php?rest_route=\/wp\/v2\/posts\/5700\/revisions\/5708"}],"wp:attachment":[{"href":"https:\/\/wohnprojektbadbramstedt.de\/index.php?rest_route=%2Fwp%2Fv2%2Fmedia&parent=5700"}],"wp:term":[{"taxonomy":"category","embeddable":true,"href":"https:\/\/wohnprojektbadbramstedt.de\/index.php?rest_route=%2Fwp%2Fv2%2Fcategories&post=5700"},{"taxonomy":"post_tag","embeddable":true,"href":"https:\/\/wohnprojektbadbramstedt.de\/index.php?rest_route=%2Fwp%2Fv2%2Ftags&post=5700"}],"curies":[{"name":"wp","href":"https:\/\/api.w.org\/{rel}","templated":true}]}}