{"id":574,"date":"2012-12-21T18:27:50","date_gmt":"2012-12-21T18:27:50","guid":{"rendered":"http:\/\/wohnprojektbadbramstedt.wordpress.com\/?p=574"},"modified":"2013-04-06T08:23:12","modified_gmt":"2013-04-06T08:23:12","slug":"antrag-auf-die-aufstellung-eines-vorhabenbezogenen-bebauungsplans-gestellt","status":"publish","type":"post","link":"https:\/\/wohnprojektbadbramstedt.de\/?p=574","title":{"rendered":"Antrag auf die Aufstellung eines vorhabenbezogenen Bebauungsplans gestellt"},"content":{"rendered":"<p>Kurz vor Weihnachten haben wir es noch geschafft, bei der Stadt den f\u00fcr die weitere Planung erforderlichen &#8222;Antrag auf die Aufstellung eines vorhabenbezogenen Bebauungsplans&#8220; zu stellen. Damit beginnt ein aufw\u00e4ndiges Bauleitplanverfahren, dessen Ziel eine endg\u00fcltige Baugenehmigung f\u00fcr das Grundst\u00fcck &#8222;Haus an den Auen&#8220; ist. Der Zeitraum wird von den Fachleuten mit ca. einem Jahr angegeben.<\/p>\n<div id=\"attachment_576\" style=\"width: 127px\" class=\"wp-caption alignleft\"><a href=\"http:\/\/wohnprojektbadbramstedt.wordpress.com\/2012\/12\/21\/antrag-auf-die-aufstellung-eines-vorhabenbezogenen-bebauungsplans-gestellt\/img_8203-kopie\/\" rel=\"attachment wp-att-576\"><img loading=\"lazy\" decoding=\"async\" aria-describedby=\"caption-attachment-576\" class=\"size-medium wp-image-576\" alt=\"IMG_8203 - Kopie\" src=\"http:\/\/wohnprojektbadbramstedt.files.wordpress.com\/2012\/12\/img_8203-kopie.jpg?w=117\" width=\"117\" height=\"300\" \/><\/a><p id=\"caption-attachment-576\" class=\"wp-caption-text\">Das Grundst\u00fcck grenzt im Norden, nur durch eine Hecke getrennt, direkt an die Schmalfelder Au.<\/p><\/div>\n<p>Gemeinsam mit Fachleuten f\u00fcr St\u00e4dtebauplanung, Landschaftsplanung und Architekten werden wir nun ein bauliches Konzept f\u00fcr unser generations\u00fcbergreifendes, nachbarschaftliches und integratives Wohnprojekt entwickeln, welches mit dem hiesigen Bauamt, dem Planungsaussschuss und danach mit dem Kreisbauamt abgestimmt werden muss und das die vom Kreis formulierten naturschutzrechtlichen Auflagen zu ber\u00fccksichtigen hat. Diese \u00dcberlegungen werden in einer \u00c4nderung des Fl\u00e4chennutzungsplans und in dem schon erw\u00e4hnten vorhabenbezogenen Bebauungsplan festgeschrieben und sind dann die Grundlage f\u00fcr den Bauantrag unseres Wohnprojekts. Das h\u00f6rt sich kompliziert an &#8211; und ist es auch tats\u00e4chlich. Aber da das Grundst\u00fcck f\u00fcr unsere Zwecke sehr gut geeignet ist, lohnt sich der Aufwand.<\/p>\n<p>Parallel zur Entwicklung des baulichen Konzepts werden sich auch die Kosten konkretisieren, die wir f\u00fcr das gesamte Projekt &#8211; und was f\u00fcr den Interessierten nat\u00fcrlich viel wichtiger ist &#8211; den gebauten Quadratmeter Wohnfl\u00e4che ansetzen m\u00fcssen. Denn daraus l\u00e4\u00dft sich ableiten, wie teuer sp\u00e4ter die Wunschwohnung sein wird, sowohl beim Kauf, wie auch f\u00fcr Miete und Genossenschaftsanteil.<\/p>\n","protected":false},"excerpt":{"rendered":"<p>Kurz vor Weihnachten haben wir es noch geschafft, bei der Stadt den f\u00fcr die weitere Planung erforderlichen &#8222;Antrag auf die Aufstellung eines vorhabenbezogenen Bebauungsplans&#8220; zu stellen. Damit beginnt ein aufw\u00e4ndiges Bauleitplanverfahren, dessen Ziel eine endg\u00fcltige Baugenehmigung f\u00fcr das Grundst\u00fcck &#8222;Haus &hellip; <a href=\"https:\/\/wohnprojektbadbramstedt.de\/?p=574\">Weiterlesen <span class=\"meta-nav\">&rarr;<\/span><\/a><\/p>\n","protected":false},"author":3,"featured_media":0,"comment_status":"open","ping_status":"closed","sticky":false,"template":"","format":"standard","meta":{"footnotes":""},"categories":[4],"tags":[13,14,15,18,19],"class_list":["post-574","post","type-post","status-publish","format-standard","hentry","category-behorden-und-politik","tag-bad-bramstedt","tag-generationsubergreifend","tag-genossenschaftliches-wohnen","tag-nachbarschaftlich","tag-wohnprojekt"],"_links":{"self":[{"href":"https:\/\/wohnprojektbadbramstedt.de\/index.php?rest_route=\/wp\/v2\/posts\/574","targetHints":{"allow":["GET"]}}],"collection":[{"href":"https:\/\/wohnprojektbadbramstedt.de\/index.php?rest_route=\/wp\/v2\/posts"}],"about":[{"href":"https:\/\/wohnprojektbadbramstedt.de\/index.php?rest_route=\/wp\/v2\/types\/post"}],"author":[{"embeddable":true,"href":"https:\/\/wohnprojektbadbramstedt.de\/index.php?rest_route=\/wp\/v2\/users\/3"}],"replies":[{"embeddable":true,"href":"https:\/\/wohnprojektbadbramstedt.de\/index.php?rest_route=%2Fwp%2Fv2%2Fcomments&post=574"}],"version-history":[{"count":1,"href":"https:\/\/wohnprojektbadbramstedt.de\/index.php?rest_route=\/wp\/v2\/posts\/574\/revisions"}],"predecessor-version":[{"id":835,"href":"https:\/\/wohnprojektbadbramstedt.de\/index.php?rest_route=\/wp\/v2\/posts\/574\/revisions\/835"}],"wp:attachment":[{"href":"https:\/\/wohnprojektbadbramstedt.de\/index.php?rest_route=%2Fwp%2Fv2%2Fmedia&parent=574"}],"wp:term":[{"taxonomy":"category","embeddable":true,"href":"https:\/\/wohnprojektbadbramstedt.de\/index.php?rest_route=%2Fwp%2Fv2%2Fcategories&post=574"},{"taxonomy":"post_tag","embeddable":true,"href":"https:\/\/wohnprojektbadbramstedt.de\/index.php?rest_route=%2Fwp%2Fv2%2Ftags&post=574"}],"curies":[{"name":"wp","href":"https:\/\/api.w.org\/{rel}","templated":true}]}}