{"id":5951,"date":"2017-07-08T12:20:35","date_gmt":"2017-07-08T10:20:35","guid":{"rendered":"http:\/\/wohnprojekt.wohnprojektbadbramstedt.de\/?p=5951"},"modified":"2018-01-03T18:36:10","modified_gmt":"2018-01-03T16:36:10","slug":"erste-gerueste-werden-abgebaut","status":"publish","type":"post","link":"https:\/\/wohnprojektbadbramstedt.de\/?p=5951","title":{"rendered":"Erste Ger\u00fcste werden abgebaut"},"content":{"rendered":"<p>Anfang Juli konnten die Arbeiten an der Fassade und am Dach abgeschlossen werden. Nachdem die Verfugung fertiggestellt und die Fallrohre f\u00fcr die Entw\u00e4sserung montiert waren, konnten am Haus 1 bereits die Ger\u00fcste abgebaut werden, so dass man nun einen wirklichen Eindruck vom Bau hat. Unsere Meinung: gut gelungen!<\/p>\n<div id=\"attachment_5952\" style=\"width: 650px\" class=\"wp-caption alignleft\"><a href=\"https:\/\/wohnprojektbadbramstedt.de\/wp-content\/uploads\/2017\/07\/20170706_111113.jpg\"><img loading=\"lazy\" decoding=\"async\" aria-describedby=\"caption-attachment-5952\" class=\"size-large wp-image-5952\" src=\"https:\/\/wohnprojektbadbramstedt.de\/wp-content\/uploads\/2017\/07\/20170706_111113-1024x576.jpg\" alt=\"\" width=\"640\" height=\"360\" srcset=\"https:\/\/wohnprojektbadbramstedt.de\/wp-content\/uploads\/2017\/07\/20170706_111113-1024x576.jpg 1024w, https:\/\/wohnprojektbadbramstedt.de\/wp-content\/uploads\/2017\/07\/20170706_111113-300x169.jpg 300w, https:\/\/wohnprojektbadbramstedt.de\/wp-content\/uploads\/2017\/07\/20170706_111113-768x432.jpg 768w\" sizes=\"auto, (max-width: 640px) 100vw, 640px\" \/><\/a><p id=\"caption-attachment-5952\" class=\"wp-caption-text\">Die Ger\u00fcste am Haus 1\u00a0 sind abgebaut und man kann nun die fast fertige Fassade bewundern. Es fehlen nur noch die verglasten Br\u00fcstungen an den Balkonen und die Blechabdeckung der Attika.<\/p><\/div>\n<p>Also demn\u00e4chst Einzug? Nein, so weit ist es noch nicht, wir planen den Einzug f\u00fcr Anfang des n\u00e4chsten Jahres. Derzeit l\u00e4uft der Innenausbau und die gesamte Haustechnik muss eingebaut werden.<\/p>\n<div id=\"attachment_5953\" style=\"width: 310px\" class=\"wp-caption alignleft\"><a href=\"https:\/\/wohnprojektbadbramstedt.de\/wp-content\/uploads\/2017\/07\/20170706_102954.jpg\"><img loading=\"lazy\" decoding=\"async\" aria-describedby=\"caption-attachment-5953\" class=\"size-medium wp-image-5953\" src=\"https:\/\/wohnprojektbadbramstedt.de\/wp-content\/uploads\/2017\/07\/20170706_102954-300x169.jpg\" alt=\"\" width=\"300\" height=\"169\" srcset=\"https:\/\/wohnprojektbadbramstedt.de\/wp-content\/uploads\/2017\/07\/20170706_102954-300x169.jpg 300w, https:\/\/wohnprojektbadbramstedt.de\/wp-content\/uploads\/2017\/07\/20170706_102954-768x432.jpg 768w, https:\/\/wohnprojektbadbramstedt.de\/wp-content\/uploads\/2017\/07\/20170706_102954-1024x576.jpg 1024w\" sizes=\"auto, (max-width: 300px) 100vw, 300px\" \/><\/a><p id=\"caption-attachment-5953\" class=\"wp-caption-text\">In den Wohnungen gibt es keine tragenden W\u00e4nde, so dass die Grundrisse weitgehend frei gew\u00e4hlt werden konnten.<\/p><\/div>\n<p>Um eine m\u00f6glichst freie Gestaltung der Grundrisse zu erm\u00f6glichen, haben die Architekten keine tragenden W\u00e4nde, sondern wohnungs\u00fcberspannende Decken geplant, die durch ein oder zwei Balken abgest\u00fctzt werden. Und tats\u00e4chlich gleicht keine Wohnung der anderen, da die Grundrisse mit den Architekten individuell entwickelt und festgelegt wurden. Die W\u00e4nde werden in Leichtbauweise ausgef\u00fchrt, d.h. mit Metallprofilen, die von beiden Seiten zweilagig mit Gipskartonplatten beplankt werden. Im Boden und in den W\u00e4nden laufen die vielen Versorgungsleitungen (Strom, Warm- und Kaltwasser, Abwasser, Heizungsvor- und R\u00fccklauf, L\u00fcftung, Fernseh- und Datenkabel). Zus\u00e4tzlich m\u00fcssen noch die Leitungen f\u00fcr die Solarthermieanlagen auf den D\u00e4chern der H\u00e4user 1 bis 3 ber\u00fccksichtigt werden.<\/p>\n<div id=\"attachment_5959\" style=\"width: 273px\" class=\"wp-caption alignleft\"><a href=\"https:\/\/wohnprojektbadbramstedt.de\/wp-content\/uploads\/2017\/07\/20170629_111127-1-1.jpg\"><img loading=\"lazy\" decoding=\"async\" aria-describedby=\"caption-attachment-5959\" class=\"wp-image-5959 size-medium\" src=\"https:\/\/wohnprojektbadbramstedt.de\/wp-content\/uploads\/2017\/07\/20170629_111127-1-1-263x300.jpg\" alt=\"\" width=\"263\" height=\"300\" srcset=\"https:\/\/wohnprojektbadbramstedt.de\/wp-content\/uploads\/2017\/07\/20170629_111127-1-1-263x300.jpg 263w, https:\/\/wohnprojektbadbramstedt.de\/wp-content\/uploads\/2017\/07\/20170629_111127-1-1-768x875.jpg 768w, https:\/\/wohnprojektbadbramstedt.de\/wp-content\/uploads\/2017\/07\/20170629_111127-1-1-899x1024.jpg 899w\" sizes=\"auto, (max-width: 263px) 100vw, 263px\" \/><\/a><p id=\"caption-attachment-5959\" class=\"wp-caption-text\">Dieses Gewirr an Leitungen verbirgt sich sp\u00e4ter in W\u00e4nden und Boden<\/p><\/div>\n<p>Wenn man das linke Foto betrachtet wird einem klar, dass eine moderne &#8222;Wohnanlage&#8220; nicht im entferntesten mit einem normalen Haus zu vergleichen ist, das vor 20 oder 30 Jahren gebaut wurde.<\/p>\n<p>Die technischen und energetischen Anforderungen sind inzwischen immens hoch und unsere Anspr\u00fcche an die Ausgestaltung z.B. ein konsequent schwellenfreier Bau, der in den Wohnungen auf Wunsch barrierefrei weitergef\u00fchrt wird oder eine zukunftsf\u00e4hige Multimediaausstattung, sind sehr hoch.<\/p>\n<p>Auf der anderen Seite mussten wir in der Planung und den Gespr\u00e4chen mit den Bauunternehmen akzeptieren, dass f\u00fcr diesen Standard auch ein entsprechender Preis\u00a0 hingenommen werden muss. Abgemildert werden die Kosten allerdings dadurch, dass wir selbst unsere &#8222;Investoren&#8220; sind und nicht noch die Rendite eines Immobilienunternehmens mitbezahlen m\u00fcssen.<\/p>\n<p>Jetzt, wo wir sehen, was wir da &#8222;eingekauft&#8220; haben, welcher Aufwand in der baulichen Umsetzung getrieben werden muss und wie gut viele Details gel\u00f6st sind, f\u00e4llt es uns auch leichter, die Kosten zu akzeptieren.<\/p>\n","protected":false},"excerpt":{"rendered":"<p>Anfang Juli konnten die Arbeiten an der Fassade und am Dach abgeschlossen werden. Nachdem die Verfugung fertiggestellt und die Fallrohre f\u00fcr die Entw\u00e4sserung montiert waren, konnten am Haus 1 bereits die Ger\u00fcste abgebaut werden, so dass man nun einen wirklichen &hellip; <a href=\"https:\/\/wohnprojektbadbramstedt.de\/?p=5951\">Weiterlesen <span class=\"meta-nav\">&rarr;<\/span><\/a><\/p>\n","protected":false},"author":1,"featured_media":0,"comment_status":"closed","ping_status":"closed","sticky":false,"template":"","format":"standard","meta":{"footnotes":""},"categories":[27],"tags":[13,15,18,33,19],"class_list":["post-5951","post","type-post","status-publish","format-standard","hentry","category-bauen","tag-bad-bramstedt","tag-genossenschaftliches-wohnen","tag-nachbarschaftlich","tag-wohnen-im-alter","tag-wohnprojekt"],"_links":{"self":[{"href":"https:\/\/wohnprojektbadbramstedt.de\/index.php?rest_route=\/wp\/v2\/posts\/5951","targetHints":{"allow":["GET"]}}],"collection":[{"href":"https:\/\/wohnprojektbadbramstedt.de\/index.php?rest_route=\/wp\/v2\/posts"}],"about":[{"href":"https:\/\/wohnprojektbadbramstedt.de\/index.php?rest_route=\/wp\/v2\/types\/post"}],"author":[{"embeddable":true,"href":"https:\/\/wohnprojektbadbramstedt.de\/index.php?rest_route=\/wp\/v2\/users\/1"}],"replies":[{"embeddable":true,"href":"https:\/\/wohnprojektbadbramstedt.de\/index.php?rest_route=%2Fwp%2Fv2%2Fcomments&post=5951"}],"version-history":[{"count":9,"href":"https:\/\/wohnprojektbadbramstedt.de\/index.php?rest_route=\/wp\/v2\/posts\/5951\/revisions"}],"predecessor-version":[{"id":5971,"href":"https:\/\/wohnprojektbadbramstedt.de\/index.php?rest_route=\/wp\/v2\/posts\/5951\/revisions\/5971"}],"wp:attachment":[{"href":"https:\/\/wohnprojektbadbramstedt.de\/index.php?rest_route=%2Fwp%2Fv2%2Fmedia&parent=5951"}],"wp:term":[{"taxonomy":"category","embeddable":true,"href":"https:\/\/wohnprojektbadbramstedt.de\/index.php?rest_route=%2Fwp%2Fv2%2Fcategories&post=5951"},{"taxonomy":"post_tag","embeddable":true,"href":"https:\/\/wohnprojektbadbramstedt.de\/index.php?rest_route=%2Fwp%2Fv2%2Ftags&post=5951"}],"curies":[{"name":"wp","href":"https:\/\/api.w.org\/{rel}","templated":true}]}}