{"id":653,"date":"2013-02-15T09:39:12","date_gmt":"2013-02-15T07:39:12","guid":{"rendered":"http:\/\/wohnprojektbadbramstedt.wordpress.com\/?p=653"},"modified":"2014-03-02T09:17:14","modified_gmt":"2014-03-02T07:17:14","slug":"ich-mochte-gern-mitmachen-was-muss-ich-tun","status":"publish","type":"post","link":"https:\/\/wohnprojektbadbramstedt.de\/?p=653","title":{"rendered":"Ich m\u00f6chte gern mitmachen, was muss ich tun?"},"content":{"rendered":"<div id=\"attachment_658\" style=\"width: 310px\" class=\"wp-caption alignleft\"><a href=\"https:\/\/wohnprojektbadbramstedt.de\/wp-content\/uploads\/2013\/02\/dsc_4718_kopie.jpg\"><img loading=\"lazy\" decoding=\"async\" aria-describedby=\"caption-attachment-658\" class=\"size-medium wp-image-658\" alt=\"Auch reizvoll im Winter. Blick von der Drei-Auen-Br\u00fccke auf unser Grundst\u00fcck\" src=\"https:\/\/wohnprojektbadbramstedt.de\/wp-content\/uploads\/2013\/02\/dsc_4718_kopie.jpg?w=300\" width=\"300\" height=\"205\" srcset=\"https:\/\/wohnprojektbadbramstedt.de\/wp-content\/uploads\/2013\/02\/dsc_4718_kopie.jpg 2565w, https:\/\/wohnprojektbadbramstedt.de\/wp-content\/uploads\/2013\/02\/dsc_4718_kopie-300x205.jpg 300w, https:\/\/wohnprojektbadbramstedt.de\/wp-content\/uploads\/2013\/02\/dsc_4718_kopie-1024x702.jpg 1024w\" sizes=\"auto, (max-width: 300px) 100vw, 300px\" \/><\/a><p id=\"caption-attachment-658\" class=\"wp-caption-text\">Reizvoll auch im Winter. Blick von der Drei-Auen-Br\u00fccke auf unser Grundst\u00fcck im Hintergrund.<\/p><\/div>\n<p>In Bad Bramstedt und im weiteren Umfeld hat es sich schnell herumgesprochen, dass der kommunale Planungsausschuss gr\u00fcnes Licht f\u00fcr die n\u00e4chsten Schritte unseres Wohnprojekt gegeben hat. Seither erreichen uns eine Menge Anfragen von interessierten Menschen, die n\u00e4here Informationen m\u00f6chten, sich f\u00fcr die Details interessieren oder gleich mit einziehen wollen:<\/p>\n<ul>\n<li>Wann stehen die Geb\u00e4ude? Wie werden sie aussehen? Baut ihr \u00f6kologisch mit Niedrigenergiestandard, Blockheizkraftwerk und Photovoltaikanlage?<\/li>\n<li>Kann jeder mitmachen, auch wenn er seine Wohnung nicht als Eigentum erwerben kann\/will? Wie hoch wird denn die Miete sein? Stehen die Grundrisse schon fest, oder k\u00f6nnte ich die Wohnungsgr\u00f6\u00dfe mit bestimmen?<\/li>\n<li>Wird es Gemeinschaftseinrichtungen wie ein Cafe, Hobbyr\u00e4ume, einen Sauna- und Fitnessraum, eine Werkstatt oder auch Car-Sharing geben?<\/li>\n<li>Werden auch einige Familien mit Kindern dabei sein, oder wie ist die Zusammensetzung der Wohngruppe gedacht?<\/li>\n<li>Ist vorgesehen, dass man sich an der Planung beteiligen kann, und wann ist das so weit?<\/li>\n<\/ul>\n<p>Zu allen diesen Fragen werden wir im <span style=\"color: #993300;\"><strong>Mai eine erste \u00f6ffentliche Veranstaltung zur Vorstellung des Projekts <\/strong><\/span>machen, bei der wir mit Euch das Grundst\u00fcck gemeinsam ansehen und unsere derzeitigen \u00dcberlegungen zum baulichen Entwurf, zu Finanzierung, zur Gesellschaftsform und den voraussichtlichen Kosten vorstellen wollen. Ab diesem Zeitpunkt kann jeder sein Interesse, an unserm Projekt &#8222;offiziell&#8220; anmelden.<\/p>\n<p>Dann werden wir im Herbst eine Planungsgesellschaft gr\u00fcnden, in die Menschen eintreten k\u00f6nnen, die ein ernsthaftes Interesse am Wohnprojekt haben. Diese Planungsgesellschaft finanziert und begleitet den Planungsprozess. Wenn das beh\u00f6rdliche Bauleitplanverfahren abgeschlossen ist und die Architektenpl\u00e4ne und -kalkulationen fertig sind, werden wir mit dem Bau beginnen und daf\u00fcr eine Baugesellschaft gr\u00fcnden. Sp\u00e4testens zu diesem Zeitpunkt steht die Entscheidung an, ob Du nun wirklich im neuen &#8222;Haus an den Auen&#8220; wohnen und mit vielen anderen netten Menschen eine gute Nachbarschaft aufbauen willst.<\/p>\n<p>Zur Erleichterung unserer weiteren Planung und zur Einladung zu unseren Veranstaltungen besteht schon jetzt die M\u00f6glichkeit, ein zuk\u00fcnftiges Interesse anzumelden. Hilfreich w\u00e4re f\u00fcr uns zu erfahren, wie alt Du bist, ob Du eine Wohnung als Familie, Gruppe, Paar oder allein suchst, welche Wohnungsgr\u00f6\u00dfe Du Dir vorstellst, welche pers\u00f6nlichen Interessen, F\u00e4higkeiten und Hobbys Du in die Nachbarschaft einbringen kannst und willst.<\/p>\n<p>R\u00fcckmeldungen gerne an unsere eMail-Adresse: <a title=\"eMailkontakt zum Wohnprojekt\" href=\"mailto:WohnprojektBadBramstedt@t-online.de\">WohnprojektBadBramstedt@t-online.de<\/a><\/p>\n","protected":false},"excerpt":{"rendered":"<p>In Bad Bramstedt und im weiteren Umfeld hat es sich schnell herumgesprochen, dass der kommunale Planungsausschuss gr\u00fcnes Licht f\u00fcr die n\u00e4chsten Schritte unseres Wohnprojekt gegeben hat. Seither erreichen uns eine Menge Anfragen von interessierten Menschen, die n\u00e4here Informationen m\u00f6chten, sich &hellip; <a href=\"https:\/\/wohnprojektbadbramstedt.de\/?p=653\">Weiterlesen <span class=\"meta-nav\">&rarr;<\/span><\/a><\/p>\n","protected":false},"author":3,"featured_media":0,"comment_status":"open","ping_status":"closed","sticky":false,"template":"","format":"standard","meta":{"footnotes":""},"categories":[10,11],"tags":[13,14,15,18,19],"class_list":["post-653","post","type-post","status-publish","format-standard","hentry","category-mitmachen","category-unsere-initiative","tag-bad-bramstedt","tag-generationsubergreifend","tag-genossenschaftliches-wohnen","tag-nachbarschaftlich","tag-wohnprojekt"],"_links":{"self":[{"href":"https:\/\/wohnprojektbadbramstedt.de\/index.php?rest_route=\/wp\/v2\/posts\/653","targetHints":{"allow":["GET"]}}],"collection":[{"href":"https:\/\/wohnprojektbadbramstedt.de\/index.php?rest_route=\/wp\/v2\/posts"}],"about":[{"href":"https:\/\/wohnprojektbadbramstedt.de\/index.php?rest_route=\/wp\/v2\/types\/post"}],"author":[{"embeddable":true,"href":"https:\/\/wohnprojektbadbramstedt.de\/index.php?rest_route=\/wp\/v2\/users\/3"}],"replies":[{"embeddable":true,"href":"https:\/\/wohnprojektbadbramstedt.de\/index.php?rest_route=%2Fwp%2Fv2%2Fcomments&post=653"}],"version-history":[{"count":3,"href":"https:\/\/wohnprojektbadbramstedt.de\/index.php?rest_route=\/wp\/v2\/posts\/653\/revisions"}],"predecessor-version":[{"id":1094,"href":"https:\/\/wohnprojektbadbramstedt.de\/index.php?rest_route=\/wp\/v2\/posts\/653\/revisions\/1094"}],"wp:attachment":[{"href":"https:\/\/wohnprojektbadbramstedt.de\/index.php?rest_route=%2Fwp%2Fv2%2Fmedia&parent=653"}],"wp:term":[{"taxonomy":"category","embeddable":true,"href":"https:\/\/wohnprojektbadbramstedt.de\/index.php?rest_route=%2Fwp%2Fv2%2Fcategories&post=653"},{"taxonomy":"post_tag","embeddable":true,"href":"https:\/\/wohnprojektbadbramstedt.de\/index.php?rest_route=%2Fwp%2Fv2%2Ftags&post=653"}],"curies":[{"name":"wp","href":"https:\/\/api.w.org\/{rel}","templated":true}]}}