{"id":6577,"date":"2018-02-23T18:42:06","date_gmt":"2018-02-23T16:42:06","guid":{"rendered":"http:\/\/wohnprojekt.wohnprojektbadbramstedt.de\/?p=6577"},"modified":"2019-02-04T18:18:33","modified_gmt":"2019-02-04T16:18:33","slug":"offizielle-einweihung-unseres-wohnprojekts-haus-an-den-auen","status":"publish","type":"post","link":"https:\/\/wohnprojektbadbramstedt.de\/?p=6577","title":{"rendered":"Offizielle Einweihung unseres  Wohnprojekts &#8222;Haus an den Auen&#8220;"},"content":{"rendered":"<div id=\"attachment_6586\" style=\"width: 603px\" class=\"wp-caption aligncenter\"><a href=\"https:\/\/wohnprojektbadbramstedt.de\/wp-content\/uploads\/2018\/02\/DSC_7344-1.jpg\"><img loading=\"lazy\" decoding=\"async\" aria-describedby=\"caption-attachment-6586\" class=\"wp-image-6586\" src=\"https:\/\/wohnprojektbadbramstedt.de\/wp-content\/uploads\/2018\/02\/DSC_7344-1-1024x415.jpg\" alt=\"\" width=\"593\" height=\"240\" srcset=\"https:\/\/wohnprojektbadbramstedt.de\/wp-content\/uploads\/2018\/02\/DSC_7344-1-1024x415.jpg 1024w, https:\/\/wohnprojektbadbramstedt.de\/wp-content\/uploads\/2018\/02\/DSC_7344-1-300x122.jpg 300w, https:\/\/wohnprojektbadbramstedt.de\/wp-content\/uploads\/2018\/02\/DSC_7344-1-768x311.jpg 768w\" sizes=\"auto, (max-width: 593px) 100vw, 593px\" \/><\/a><p id=\"caption-attachment-6586\" class=\"wp-caption-text\">Einweihungsfeier: im Gemeinschaftsraum sind die G\u00e4ste zusammengekommen. <br class=\"clear\" \/>Vorstand und Gesch\u00e4ftsf\u00fchrer J. Josenhans berichtet \u00fcber den langen Weg und <br class=\"clear\" \/>erfolgreichen Abschluss des Wohnprojekts.<\/p><\/div>\n<p>Am Freitag, 26. Januar hatten wir Vertreter des Klinikums, der Stadt und die St\u00e4dteplaner, unsere Architekten, die Berater in finanziellen und rechtlichen Fragen und die Vertreter des Generalunternehmers wie Mitglieder unseres Genossenschaftsverbandes in den Gemeinschaftsraum eingeladen.<\/p>\n<p>Wir haben die Gelegenheit genutzt, uns zu bedanken und unser Wohnprojekt als\u00a0 Ergebnis der gemeinsamen Arbeit der letzten Jahre auf einem Rundgang gezeigt.<\/p>\n<p>Nur im engen Zusammenspiel\u00a0 von Klinik, Stadt, Beh\u00f6rde, Banken, Architekten und\u00a0 Baufirma gelang es die mannigfaltigen Anforderungen zu meistern unser Vorhaben umsetzen.<\/p>\n<p>Unsere vier H\u00e4user f\u00fcllen sich mit Leben und mittlerweile sind alle Bewohner\u00a0in die 22 Wohnungen eingezogen. Das Gemeinschaftsleben entsteht, und wir merken, dass das gemeinsam erarbeitete bauliche, finanzielle und organisatorische Konzept passt.<\/p>\n<div id=\"attachment_6579\" style=\"width: 278px\" class=\"wp-caption alignleft\"><a href=\"https:\/\/wohnprojektbadbramstedt.de\/wp-content\/uploads\/2018\/02\/DSC_7373-1.jpg\"><img loading=\"lazy\" decoding=\"async\" aria-describedby=\"caption-attachment-6579\" class=\"wp-image-6579\" src=\"https:\/\/wohnprojektbadbramstedt.de\/wp-content\/uploads\/2018\/02\/DSC_7373-1-246x300.jpg\" alt=\"\" width=\"268\" height=\"327\" srcset=\"https:\/\/wohnprojektbadbramstedt.de\/wp-content\/uploads\/2018\/02\/DSC_7373-1-246x300.jpg 246w, https:\/\/wohnprojektbadbramstedt.de\/wp-content\/uploads\/2018\/02\/DSC_7373-1-768x938.jpg 768w, https:\/\/wohnprojektbadbramstedt.de\/wp-content\/uploads\/2018\/02\/DSC_7373-1-838x1024.jpg 838w\" sizes=\"auto, (max-width: 268px) 100vw, 268px\" \/><\/a><p id=\"caption-attachment-6579\" class=\"wp-caption-text\">Die Aufsichtsratsvorsitzende Angelika Lahrs (links) im Austausch mit Bewohnerin Hanna Werth am Buffet<\/p><\/div>\n<p>Unsere n\u00e4chsten Projekte sind der Abschluss der Au\u00dfenarbeiten, hierbei sind die Fertigstellung der Versickerungsmulde f\u00fcr das Regenwasser und der Bau des Parkplatzes vor den Geb\u00e4uden die n\u00e4chsten Schritte. Den Bau eines Fahrradhauses f\u00fcr 30 Fahrr\u00e4der haben wir beauftragt und wollen es nach Erteilung der Baugenehmigung z\u00fcgig fertigstellen. Leider konnten die Arbeiten witterungsbedingt seit ann\u00e4hernd zwei Monaten nicht weitergef\u00fchrt werden. Wir hoffen auf besseres Wetter.<\/p>\n","protected":false},"excerpt":{"rendered":"<p>Am Freitag, 26. Januar hatten wir Vertreter des Klinikums, der Stadt und die St\u00e4dteplaner, unsere Architekten, die Berater in finanziellen und rechtlichen Fragen und die Vertreter des Generalunternehmers wie Mitglieder unseres Genossenschaftsverbandes in den Gemeinschaftsraum eingeladen. Wir haben die Gelegenheit &hellip; <a href=\"https:\/\/wohnprojektbadbramstedt.de\/?p=6577\">Weiterlesen <span class=\"meta-nav\">&rarr;<\/span><\/a><\/p>\n","protected":false},"author":1,"featured_media":0,"comment_status":"closed","ping_status":"closed","sticky":false,"template":"","format":"standard","meta":{"footnotes":""},"categories":[11,12],"tags":[],"class_list":["post-6577","post","type-post","status-publish","format-standard","hentry","category-unsere-initiative","category-wohnprojekte"],"_links":{"self":[{"href":"https:\/\/wohnprojektbadbramstedt.de\/index.php?rest_route=\/wp\/v2\/posts\/6577","targetHints":{"allow":["GET"]}}],"collection":[{"href":"https:\/\/wohnprojektbadbramstedt.de\/index.php?rest_route=\/wp\/v2\/posts"}],"about":[{"href":"https:\/\/wohnprojektbadbramstedt.de\/index.php?rest_route=\/wp\/v2\/types\/post"}],"author":[{"embeddable":true,"href":"https:\/\/wohnprojektbadbramstedt.de\/index.php?rest_route=\/wp\/v2\/users\/1"}],"replies":[{"embeddable":true,"href":"https:\/\/wohnprojektbadbramstedt.de\/index.php?rest_route=%2Fwp%2Fv2%2Fcomments&post=6577"}],"version-history":[{"count":11,"href":"https:\/\/wohnprojektbadbramstedt.de\/index.php?rest_route=\/wp\/v2\/posts\/6577\/revisions"}],"predecessor-version":[{"id":7197,"href":"https:\/\/wohnprojektbadbramstedt.de\/index.php?rest_route=\/wp\/v2\/posts\/6577\/revisions\/7197"}],"wp:attachment":[{"href":"https:\/\/wohnprojektbadbramstedt.de\/index.php?rest_route=%2Fwp%2Fv2%2Fmedia&parent=6577"}],"wp:term":[{"taxonomy":"category","embeddable":true,"href":"https:\/\/wohnprojektbadbramstedt.de\/index.php?rest_route=%2Fwp%2Fv2%2Fcategories&post=6577"},{"taxonomy":"post_tag","embeddable":true,"href":"https:\/\/wohnprojektbadbramstedt.de\/index.php?rest_route=%2Fwp%2Fv2%2Ftags&post=6577"}],"curies":[{"name":"wp","href":"https:\/\/api.w.org\/{rel}","templated":true}]}}