{"id":6826,"date":"2018-04-09T17:51:59","date_gmt":"2018-04-09T15:51:59","guid":{"rendered":"http:\/\/wohnprojekt.wohnprojektbadbramstedt.de\/?p=6826"},"modified":"2018-04-09T17:54:02","modified_gmt":"2018-04-09T15:54:02","slug":"endlich-fruehling-die-aussenarbeiten-koennen-weitergehen","status":"publish","type":"post","link":"https:\/\/wohnprojektbadbramstedt.de\/?p=6826","title":{"rendered":"Endlich Fr\u00fchling &#8211; die Aussenarbeiten k\u00f6nnen weitergehen"},"content":{"rendered":"<div id=\"attachment_6827\" style=\"width: 310px\" class=\"wp-caption alignleft\"><a href=\"https:\/\/wohnprojektbadbramstedt.de\/wp-content\/uploads\/2018\/04\/20180403_Bau-Dreieck-NO-1.jpg\"><img loading=\"lazy\" decoding=\"async\" aria-describedby=\"caption-attachment-6827\" class=\"wp-image-6827 size-medium\" src=\"https:\/\/wohnprojektbadbramstedt.de\/wp-content\/uploads\/2018\/04\/20180403_Bau-Dreieck-NO-1-300x208.jpg\" alt=\"\" width=\"300\" height=\"208\" srcset=\"https:\/\/wohnprojektbadbramstedt.de\/wp-content\/uploads\/2018\/04\/20180403_Bau-Dreieck-NO-1-300x208.jpg 300w, https:\/\/wohnprojektbadbramstedt.de\/wp-content\/uploads\/2018\/04\/20180403_Bau-Dreieck-NO-1-768x531.jpg 768w, https:\/\/wohnprojektbadbramstedt.de\/wp-content\/uploads\/2018\/04\/20180403_Bau-Dreieck-NO-1-1024x708.jpg 1024w\" sizes=\"auto, (max-width: 300px) 100vw, 300px\" \/><\/a><p id=\"caption-attachment-6827\" class=\"wp-caption-text\">Die Gartenbauer der Fa. Rumpf bereiten den Platz vor dem Fahrradhaus f\u00fcr die Pflasterung vor<\/p><\/div>\n<p>Mehr als zweieinhalb Monate mussten wir nach dem Einzug auf die Fortsetzung der Aussenarbeiten warten.<\/p>\n<p>Regen, Sturm, Schnee und Frost machten die weitere Anlage der Zuwegungen und Parkpl\u00e4tze sowie die Fertigstellung der Gartenanlage praktisch unm\u00f6glich, so dass wir lange Zeit durch Matsch und Pf\u00fctzen laufen und unsere Autos provisorisch auf der Baustelle abstellen mussten.<\/p>\n<p>Nun wird es w\u00e4rmer und die Arbeiten gehen mit gro\u00dfen Schritten voran. Vor dem Haus ist der Parkplatz bereits angelegt und die Zuwegungen und die Auffahrtfl\u00e4che f\u00fcr die Feuerwehr sind weitgehend fertiggestellt.<\/p>\n<div id=\"attachment_6828\" style=\"width: 650px\" class=\"wp-caption alignleft\"><a href=\"https:\/\/wohnprojektbadbramstedt.de\/wp-content\/uploads\/2018\/04\/20180404_Bau-Parkfl\u00e4che9-1.jpg\"><img loading=\"lazy\" decoding=\"async\" aria-describedby=\"caption-attachment-6828\" class=\"size-large wp-image-6828\" src=\"https:\/\/wohnprojektbadbramstedt.de\/wp-content\/uploads\/2018\/04\/20180404_Bau-Parkfl\u00e4che9-1-1024x459.jpg\" alt=\"\" width=\"640\" height=\"287\" srcset=\"https:\/\/wohnprojektbadbramstedt.de\/wp-content\/uploads\/2018\/04\/20180404_Bau-Parkfl\u00e4che9-1-1024x459.jpg 1024w, https:\/\/wohnprojektbadbramstedt.de\/wp-content\/uploads\/2018\/04\/20180404_Bau-Parkfl\u00e4che9-1-300x134.jpg 300w, https:\/\/wohnprojektbadbramstedt.de\/wp-content\/uploads\/2018\/04\/20180404_Bau-Parkfl\u00e4che9-1-768x344.jpg 768w\" sizes=\"auto, (max-width: 640px) 100vw, 640px\" \/><\/a><p id=\"caption-attachment-6828\" class=\"wp-caption-text\">Vor dem Haus sind gro\u00dfe Fl\u00e4chen zu pflastern. Rechts die bereits fertiggestellte Fl\u00e4che f\u00fcr den Carport, links in grau die Verkehrsfl\u00e4che.<\/p><\/div>\n<p>Im hinteren Teil des Gel\u00e4ndes sind ein Gem\u00fcsegarten, eine gro\u00dfe Gemeinschaftsterrasse, ein Fu\u00dfweg zum Kurpark, ein Rondeel f\u00fcr einen sp\u00e4teren Pavillion sowie eine gro\u00dfe Versickerungsmulde f\u00fcr die Aufnahme des Regenwassers fertiggestellt. Die Vorarbeiten f\u00fcr unser Fahrradhaus mit 30 Stellpl\u00e4tzen sind abgeschlossen.<\/p>\n<div id=\"attachment_6829\" style=\"width: 650px\" class=\"wp-caption alignleft\"><a href=\"https:\/\/wohnprojektbadbramstedt.de\/wp-content\/uploads\/2018\/04\/20180403_Oberfl\u00e4chenarbeit-Rondeel-1.jpg\"><img loading=\"lazy\" decoding=\"async\" aria-describedby=\"caption-attachment-6829\" class=\"size-large wp-image-6829\" src=\"https:\/\/wohnprojektbadbramstedt.de\/wp-content\/uploads\/2018\/04\/20180403_Oberfl\u00e4chenarbeit-Rondeel-1-1024x352.jpg\" alt=\"\" width=\"640\" height=\"220\" srcset=\"https:\/\/wohnprojektbadbramstedt.de\/wp-content\/uploads\/2018\/04\/20180403_Oberfl\u00e4chenarbeit-Rondeel-1-1024x352.jpg 1024w, https:\/\/wohnprojektbadbramstedt.de\/wp-content\/uploads\/2018\/04\/20180403_Oberfl\u00e4chenarbeit-Rondeel-1-300x103.jpg 300w, https:\/\/wohnprojektbadbramstedt.de\/wp-content\/uploads\/2018\/04\/20180403_Oberfl\u00e4chenarbeit-Rondeel-1-768x264.jpg 768w\" sizes=\"auto, (max-width: 640px) 100vw, 640px\" \/><\/a><p id=\"caption-attachment-6829\" class=\"wp-caption-text\">Letzte Arbeiten an der Parkfl\u00e4che n\u00f6rdlich der Geb\u00e4ude. Links ist das gepflasterte Rondeel zu sehen, rechts dahinter die Versickerungsmulde, die den Regen der D\u00e4cher und Fl\u00e4chen aufnimmt und als Regenr\u00fcckhaltebecken verz\u00f6gert in das Grundwasser und die Au abgibt.<\/p><\/div>\n<p>Nachdem wir nun den Umzugsstress hinter uns gelassen haben, die Wohnungen eingerichtet sind, die Aussenanlagen vorankommen und das Wetter besser wird, herrscht beste Stimmung in der Wohngruppe und alle freuen sich am Zusammenleben.<\/p>\n","protected":false},"excerpt":{"rendered":"<p>Mehr als zweieinhalb Monate mussten wir nach dem Einzug auf die Fortsetzung der Aussenarbeiten warten. Regen, Sturm, Schnee und Frost machten die weitere Anlage der Zuwegungen und Parkpl\u00e4tze sowie die Fertigstellung der Gartenanlage praktisch unm\u00f6glich, so dass wir lange Zeit &hellip; <a href=\"https:\/\/wohnprojektbadbramstedt.de\/?p=6826\">Weiterlesen <span class=\"meta-nav\">&rarr;<\/span><\/a><\/p>\n","protected":false},"author":1,"featured_media":0,"comment_status":"closed","ping_status":"closed","sticky":false,"template":"","format":"standard","meta":{"footnotes":""},"categories":[38,7],"tags":[13,35,15,18,19],"class_list":["post-6826","post","type-post","status-publish","format-standard","hentry","category-gartengestaltung","category-grundstuck","tag-bad-bramstedt","tag-bauen","tag-genossenschaftliches-wohnen","tag-nachbarschaftlich","tag-wohnprojekt"],"_links":{"self":[{"href":"https:\/\/wohnprojektbadbramstedt.de\/index.php?rest_route=\/wp\/v2\/posts\/6826","targetHints":{"allow":["GET"]}}],"collection":[{"href":"https:\/\/wohnprojektbadbramstedt.de\/index.php?rest_route=\/wp\/v2\/posts"}],"about":[{"href":"https:\/\/wohnprojektbadbramstedt.de\/index.php?rest_route=\/wp\/v2\/types\/post"}],"author":[{"embeddable":true,"href":"https:\/\/wohnprojektbadbramstedt.de\/index.php?rest_route=\/wp\/v2\/users\/1"}],"replies":[{"embeddable":true,"href":"https:\/\/wohnprojektbadbramstedt.de\/index.php?rest_route=%2Fwp%2Fv2%2Fcomments&post=6826"}],"version-history":[{"count":6,"href":"https:\/\/wohnprojektbadbramstedt.de\/index.php?rest_route=\/wp\/v2\/posts\/6826\/revisions"}],"predecessor-version":[{"id":6835,"href":"https:\/\/wohnprojektbadbramstedt.de\/index.php?rest_route=\/wp\/v2\/posts\/6826\/revisions\/6835"}],"wp:attachment":[{"href":"https:\/\/wohnprojektbadbramstedt.de\/index.php?rest_route=%2Fwp%2Fv2%2Fmedia&parent=6826"}],"wp:term":[{"taxonomy":"category","embeddable":true,"href":"https:\/\/wohnprojektbadbramstedt.de\/index.php?rest_route=%2Fwp%2Fv2%2Fcategories&post=6826"},{"taxonomy":"post_tag","embeddable":true,"href":"https:\/\/wohnprojektbadbramstedt.de\/index.php?rest_route=%2Fwp%2Fv2%2Ftags&post=6826"}],"curies":[{"name":"wp","href":"https:\/\/api.w.org\/{rel}","templated":true}]}}