{"id":7080,"date":"2018-07-24T18:16:44","date_gmt":"2018-07-24T16:16:44","guid":{"rendered":"http:\/\/wohnprojekt.wohnprojektbadbramstedt.de\/?p=7080"},"modified":"2019-02-04T18:16:49","modified_gmt":"2019-02-04T16:16:49","slug":"die-ersten-eigenen-kartoffeln","status":"publish","type":"post","link":"https:\/\/wohnprojektbadbramstedt.de\/?p=7080","title":{"rendered":"Die ersten eigenen Kartoffeln"},"content":{"rendered":"<div id=\"attachment_7081\" style=\"width: 310px\" class=\"wp-caption alignleft\"><a href=\"https:\/\/wohnprojektbadbramstedt.de\/wp-content\/uploads\/2018\/07\/20180719_Kartoffelernte.jpg\"><img loading=\"lazy\" decoding=\"async\" aria-describedby=\"caption-attachment-7081\" class=\"size-medium wp-image-7081\" src=\"https:\/\/wohnprojektbadbramstedt.de\/wp-content\/uploads\/2018\/07\/20180719_Kartoffelernte-300x224.jpg\" alt=\"\" width=\"300\" height=\"224\" srcset=\"https:\/\/wohnprojektbadbramstedt.de\/wp-content\/uploads\/2018\/07\/20180719_Kartoffelernte-300x224.jpg 300w, https:\/\/wohnprojektbadbramstedt.de\/wp-content\/uploads\/2018\/07\/20180719_Kartoffelernte-768x575.jpg 768w, https:\/\/wohnprojektbadbramstedt.de\/wp-content\/uploads\/2018\/07\/20180719_Kartoffelernte-1024x766.jpg 1024w\" sizes=\"auto, (max-width: 300px) 100vw, 300px\" \/><\/a><p id=\"caption-attachment-7081\" class=\"wp-caption-text\">Regina Junge (li.) und Hannelore L\u00fcbsen (re.), Mitglieder unserer Gartengruppe ernten f\u00fcr das gemeinsame Kartoffelessen<\/p><\/div>\n<p>Bei sch\u00f6nstem Wetter konnte unsere Hausgemeinschaft am fr\u00fchen Freitagabend das erste \u201eKartoffelfest\u201c feiern. Alle Bewohner die Zeit hatten, fanden sich auf unsere gro\u00dfe Terrasse ein, denn es wurden die \u00a0Kartoffeln aus der eigenen Ernte serviert. Dazu gab es je nach Gusto Matjes oder S\u00fclze.<\/p>\n<div id=\"attachment_7082\" style=\"width: 634px\" class=\"wp-caption alignleft\"><a href=\"https:\/\/wohnprojektbadbramstedt.de\/wp-content\/uploads\/2018\/07\/20180720_Kartoffelfest-1.jpg\"><img loading=\"lazy\" decoding=\"async\" aria-describedby=\"caption-attachment-7082\" class=\"wp-image-7082 \" src=\"https:\/\/wohnprojektbadbramstedt.de\/wp-content\/uploads\/2018\/07\/20180720_Kartoffelfest-1-1024x639.jpg\" alt=\"\" width=\"624\" height=\"389\" srcset=\"https:\/\/wohnprojektbadbramstedt.de\/wp-content\/uploads\/2018\/07\/20180720_Kartoffelfest-1-1024x639.jpg 1024w, https:\/\/wohnprojektbadbramstedt.de\/wp-content\/uploads\/2018\/07\/20180720_Kartoffelfest-1-300x187.jpg 300w, https:\/\/wohnprojektbadbramstedt.de\/wp-content\/uploads\/2018\/07\/20180720_Kartoffelfest-1-768x479.jpg 768w\" sizes=\"auto, (max-width: 624px) 100vw, 624px\" \/><\/a><p id=\"caption-attachment-7082\" class=\"wp-caption-text\">bei hochsommerlichen Temperaturen genossen wir das gemeinsame Kartoffelessen<\/p><\/div>\n<p>Im M\u00e4rz hatten wir begonnen, im Westen unseres Grundst\u00fccks einen gro\u00dfen Gem\u00fcse- und Blumengarten anzulegen. Jeder Bewohner, der Lust hatte, bekam ein St\u00fcck Garten zur \u201eeigenen\u201c Bewirtschaftung. Es werden \u00fcberwiegend Gem\u00fcse und Sommerblumen angepflanzt. Neben K\u00fcrbisgew\u00e4chsen finden sich Erbsen, Kohlrabi, Bohnen, Zwiebeln und vieles mehr. Auf den verbliebenen Fl\u00e4chen s\u00e4te die Gartengruppe bienenfreundliche Wiesenblumen und setze Kartoffeln. Davon profitierten nun alle Bewohner Die erste Ernte reichte gut, alle hungrigen Nachbarn zu bewirten.<\/p>\n","protected":false},"excerpt":{"rendered":"<p>Bei sch\u00f6nstem Wetter konnte unsere Hausgemeinschaft am fr\u00fchen Freitagabend das erste \u201eKartoffelfest\u201c feiern. Alle Bewohner die Zeit hatten, fanden sich auf unsere gro\u00dfe Terrasse ein, denn es wurden die \u00a0Kartoffeln aus der eigenen Ernte serviert. Dazu gab es je nach &hellip; <a href=\"https:\/\/wohnprojektbadbramstedt.de\/?p=7080\">Weiterlesen <span class=\"meta-nav\">&rarr;<\/span><\/a><\/p>\n","protected":false},"author":1,"featured_media":0,"comment_status":"closed","ping_status":"closed","sticky":false,"template":"","format":"standard","meta":{"footnotes":""},"categories":[38],"tags":[13,39,18,19],"class_list":["post-7080","post","type-post","status-publish","format-standard","hentry","category-gartengestaltung","tag-bad-bramstedt","tag-gartengestaltung","tag-nachbarschaftlich","tag-wohnprojekt"],"_links":{"self":[{"href":"https:\/\/wohnprojektbadbramstedt.de\/index.php?rest_route=\/wp\/v2\/posts\/7080","targetHints":{"allow":["GET"]}}],"collection":[{"href":"https:\/\/wohnprojektbadbramstedt.de\/index.php?rest_route=\/wp\/v2\/posts"}],"about":[{"href":"https:\/\/wohnprojektbadbramstedt.de\/index.php?rest_route=\/wp\/v2\/types\/post"}],"author":[{"embeddable":true,"href":"https:\/\/wohnprojektbadbramstedt.de\/index.php?rest_route=\/wp\/v2\/users\/1"}],"replies":[{"embeddable":true,"href":"https:\/\/wohnprojektbadbramstedt.de\/index.php?rest_route=%2Fwp%2Fv2%2Fcomments&post=7080"}],"version-history":[{"count":1,"href":"https:\/\/wohnprojektbadbramstedt.de\/index.php?rest_route=\/wp\/v2\/posts\/7080\/revisions"}],"predecessor-version":[{"id":7083,"href":"https:\/\/wohnprojektbadbramstedt.de\/index.php?rest_route=\/wp\/v2\/posts\/7080\/revisions\/7083"}],"wp:attachment":[{"href":"https:\/\/wohnprojektbadbramstedt.de\/index.php?rest_route=%2Fwp%2Fv2%2Fmedia&parent=7080"}],"wp:term":[{"taxonomy":"category","embeddable":true,"href":"https:\/\/wohnprojektbadbramstedt.de\/index.php?rest_route=%2Fwp%2Fv2%2Fcategories&post=7080"},{"taxonomy":"post_tag","embeddable":true,"href":"https:\/\/wohnprojektbadbramstedt.de\/index.php?rest_route=%2Fwp%2Fv2%2Ftags&post=7080"}],"curies":[{"name":"wp","href":"https:\/\/api.w.org\/{rel}","templated":true}]}}