{"id":7188,"date":"2018-10-01T11:31:47","date_gmt":"2018-10-01T09:31:47","guid":{"rendered":"http:\/\/wohnprojekt.wohnprojektbadbramstedt.de\/?p=7188"},"modified":"2018-10-14T12:09:31","modified_gmt":"2018-10-14T10:09:31","slug":"herbstlicher-garteneinsatz","status":"publish","type":"post","link":"https:\/\/wohnprojektbadbramstedt.de\/?p=7188","title":{"rendered":"Herbstlicher Garteneinsatz"},"content":{"rendered":"<div id=\"attachment_7190\" style=\"width: 310px\" class=\"wp-caption alignleft\"><a href=\"https:\/\/wohnprojektbadbramstedt.de\/wp-content\/uploads\/2018\/10\/20181001_Garteneinsatz-Stubben-entfernen-1.jpg\"><img loading=\"lazy\" decoding=\"async\" aria-describedby=\"caption-attachment-7190\" class=\"size-medium wp-image-7190\" src=\"https:\/\/wohnprojektbadbramstedt.de\/wp-content\/uploads\/2018\/10\/20181001_Garteneinsatz-Stubben-entfernen-1-300x181.jpg\" alt=\"\" width=\"300\" height=\"181\" srcset=\"https:\/\/wohnprojektbadbramstedt.de\/wp-content\/uploads\/2018\/10\/20181001_Garteneinsatz-Stubben-entfernen-1-300x181.jpg 300w, https:\/\/wohnprojektbadbramstedt.de\/wp-content\/uploads\/2018\/10\/20181001_Garteneinsatz-Stubben-entfernen-1-768x464.jpg 768w, https:\/\/wohnprojektbadbramstedt.de\/wp-content\/uploads\/2018\/10\/20181001_Garteneinsatz-Stubben-entfernen-1-1024x619.jpg 1024w\" sizes=\"auto, (max-width: 300px) 100vw, 300px\" \/><\/a><p id=\"caption-attachment-7190\" class=\"wp-caption-text\">Stubben roden &#8211; bevor das Beet neu angelegt werden kann, ist echter k\u00f6rperlicher Einsatz gefragt<\/p><\/div>\n<p>Jahrzehntelang war auf unserm Grundst\u00fcck keine Gartenpflege mehr gemacht worden. Nachdem zun\u00e4chst von einem Landschaftsg\u00e4rtner Rasen, Pl\u00e4tze, Wege und die Versickerungsmulde angelegt worden waren, haben wir im Sommer begonnen, den Park und Garten zu gestalten und zu pflegen.<\/p>\n<p>Nun im Herbst trafen wir uns zu einigen Eins\u00e4tzen, um B\u00e4ume und B\u00fcsche auszuschneiden und in Form zu bringen. Hierbei fiel eine Menge Schnittgut an, welches wir schredern lie\u00dfen und dann auf den Beeten verteilt haben.<\/p>\n<div id=\"attachment_7189\" style=\"width: 650px\" class=\"wp-caption alignleft\"><a href=\"https:\/\/wohnprojektbadbramstedt.de\/wp-content\/uploads\/2018\/10\/20181001_Garteneinsatz-H\u00e4ckselgut-verteilen-1.jpg\"><img loading=\"lazy\" decoding=\"async\" aria-describedby=\"caption-attachment-7189\" class=\"size-large wp-image-7189\" src=\"https:\/\/wohnprojektbadbramstedt.de\/wp-content\/uploads\/2018\/10\/20181001_Garteneinsatz-H\u00e4ckselgut-verteilen-1-1024x564.jpg\" alt=\"\" width=\"640\" height=\"353\" srcset=\"https:\/\/wohnprojektbadbramstedt.de\/wp-content\/uploads\/2018\/10\/20181001_Garteneinsatz-H\u00e4ckselgut-verteilen-1-1024x564.jpg 1024w, https:\/\/wohnprojektbadbramstedt.de\/wp-content\/uploads\/2018\/10\/20181001_Garteneinsatz-H\u00e4ckselgut-verteilen-1-300x165.jpg 300w, https:\/\/wohnprojektbadbramstedt.de\/wp-content\/uploads\/2018\/10\/20181001_Garteneinsatz-H\u00e4ckselgut-verteilen-1-768x423.jpg 768w\" sizes=\"auto, (max-width: 640px) 100vw, 640px\" \/><\/a><p id=\"caption-attachment-7189\" class=\"wp-caption-text\">\u00c4ste und Buschwerk werden geh\u00e4ckselt und das Schnittgut dann auf die Beete verteilt<\/p><\/div>\n<p>&nbsp;<\/p>\n<p>Zu diesen (freiwilligen) Arbeitseins\u00e4tzen findet sich immer eine gr\u00f6\u00dfere Gruppe unserer Bewohner zusammen und hat viel Spass am Tun und nat\u00fcrlich auch am Ergebnis der Arbeit. Andere versorgen die Aktivisten mit Kaffee, Kuchen und manchmal auch mit etwas Herzhaften &#8211; hier sind die Minifrikadellen einer Bewohnerin besonders begehrt.<\/p>\n","protected":false},"excerpt":{"rendered":"<p>Jahrzehntelang war auf unserm Grundst\u00fcck keine Gartenpflege mehr gemacht worden. Nachdem zun\u00e4chst von einem Landschaftsg\u00e4rtner Rasen, Pl\u00e4tze, Wege und die Versickerungsmulde angelegt worden waren, haben wir im Sommer begonnen, den Park und Garten zu gestalten und zu pflegen. Nun im &hellip; <a href=\"https:\/\/wohnprojektbadbramstedt.de\/?p=7188\">Weiterlesen <span class=\"meta-nav\">&rarr;<\/span><\/a><\/p>\n","protected":false},"author":1,"featured_media":0,"comment_status":"closed","ping_status":"closed","sticky":false,"template":"","format":"standard","meta":{"footnotes":""},"categories":[38],"tags":[13,39,18,33,19],"class_list":["post-7188","post","type-post","status-publish","format-standard","hentry","category-gartengestaltung","tag-bad-bramstedt","tag-gartengestaltung","tag-nachbarschaftlich","tag-wohnen-im-alter","tag-wohnprojekt"],"_links":{"self":[{"href":"https:\/\/wohnprojektbadbramstedt.de\/index.php?rest_route=\/wp\/v2\/posts\/7188","targetHints":{"allow":["GET"]}}],"collection":[{"href":"https:\/\/wohnprojektbadbramstedt.de\/index.php?rest_route=\/wp\/v2\/posts"}],"about":[{"href":"https:\/\/wohnprojektbadbramstedt.de\/index.php?rest_route=\/wp\/v2\/types\/post"}],"author":[{"embeddable":true,"href":"https:\/\/wohnprojektbadbramstedt.de\/index.php?rest_route=\/wp\/v2\/users\/1"}],"replies":[{"embeddable":true,"href":"https:\/\/wohnprojektbadbramstedt.de\/index.php?rest_route=%2Fwp%2Fv2%2Fcomments&post=7188"}],"version-history":[{"count":6,"href":"https:\/\/wohnprojektbadbramstedt.de\/index.php?rest_route=\/wp\/v2\/posts\/7188\/revisions"}],"predecessor-version":[{"id":7198,"href":"https:\/\/wohnprojektbadbramstedt.de\/index.php?rest_route=\/wp\/v2\/posts\/7188\/revisions\/7198"}],"wp:attachment":[{"href":"https:\/\/wohnprojektbadbramstedt.de\/index.php?rest_route=%2Fwp%2Fv2%2Fmedia&parent=7188"}],"wp:term":[{"taxonomy":"category","embeddable":true,"href":"https:\/\/wohnprojektbadbramstedt.de\/index.php?rest_route=%2Fwp%2Fv2%2Fcategories&post=7188"},{"taxonomy":"post_tag","embeddable":true,"href":"https:\/\/wohnprojektbadbramstedt.de\/index.php?rest_route=%2Fwp%2Fv2%2Ftags&post=7188"}],"curies":[{"name":"wp","href":"https:\/\/api.w.org\/{rel}","templated":true}]}}