{"id":7286,"date":"2018-11-18T17:07:05","date_gmt":"2018-11-18T15:07:05","guid":{"rendered":"http:\/\/wohnprojekt.wohnprojektbadbramstedt.de\/?p=7286"},"modified":"2018-11-26T18:00:44","modified_gmt":"2018-11-26T16:00:44","slug":"von-der-visualisierung-zur-realisierung","status":"publish","type":"post","link":"https:\/\/wohnprojektbadbramstedt.de\/?p=7286","title":{"rendered":"Von der Visualisierung zur Realisierung"},"content":{"rendered":"<p>Nun ist der Herbst eingekehrt und die m\u00e4chtigen Ahornb\u00e4ume vor unserem Geb\u00e4udeensemble\u00a0 haben ihre Bl\u00e4tter verloren. Dies gibt uns die M\u00f6glichkeit, einmal vom gleichen Standort die erste Visualisierung unserer Architekten des Planungsrings Mumm+Partner\u00a0 GbR vom April 2013 mit dem im November 2017 fertiggestellten Bauwerk zu vergleichen (zu den Entwurfsphasen <a href=\"https:\/\/wohnprojektbadbramstedt.de\/?page_id=1253\">folgende Seite<\/a>). Der erste Entwurf hat noch ein Flachdach und eine st\u00e4rker gegliederte Fassade mit Loggien statt Balkonen und einen anderen Klinker.<\/p>\n<p><strong>Visualisierung April 2013:<\/strong><\/p>\n<div id=\"attachment_1237\" style=\"width: 650px\" class=\"wp-caption alignnone\"><a href=\"https:\/\/wohnprojektbadbramstedt.de\/wp-content\/uploads\/2012\/02\/haus_an_den_auen_Ansicht-von-S\u00fcden.jpg\"><img loading=\"lazy\" decoding=\"async\" aria-describedby=\"caption-attachment-1237\" class=\"size-large wp-image-1237\" src=\"https:\/\/wohnprojektbadbramstedt.de\/wp-content\/uploads\/2012\/02\/haus_an_den_auen_Ansicht-von-S\u00fcden-1024x577.jpg\" alt=\"\" width=\"640\" height=\"361\" srcset=\"https:\/\/wohnprojektbadbramstedt.de\/wp-content\/uploads\/2012\/02\/haus_an_den_auen_Ansicht-von-S\u00fcden-1024x577.jpg 1024w, https:\/\/wohnprojektbadbramstedt.de\/wp-content\/uploads\/2012\/02\/haus_an_den_auen_Ansicht-von-S\u00fcden-300x169.jpg 300w\" sizes=\"auto, (max-width: 640px) 100vw, 640px\" \/><\/a><p id=\"caption-attachment-1237\" class=\"wp-caption-text\">April 2013: Erster Architektenentwurf des Planungsrings Mumm+Partner\u00a0 GbR<\/p><\/div>\n<p>Man sieht, dass unser Bauvorhaben von den ersten Ideen bis zur endg\u00fcltigen Realisierung viele Ver\u00e4nderungen erlebt hat: verursacht durch <em>planungsrechtliche<\/em> (mehr Abstand zur Au, dadurch geringerer Abstand der H\u00e4user zueinander), <em>praktische<\/em> (Pultdach statt Flachdach),\u00a0 <em>finanzielle<\/em> (Balkone statt Loggien) und <em>pers\u00f6nliche<\/em> (Dachterasse nach S\u00fcden statt nach Westen) W\u00fcnsche und \u00dcberlegungen.<\/p>\n<p><strong>Ansicht November 2018:<\/strong><\/p>\n<div id=\"attachment_7301\" style=\"width: 650px\" class=\"wp-caption alignnone\"><a href=\"https:\/\/wohnprojektbadbramstedt.de\/wp-content\/uploads\/2018\/11\/20181117_Ansicht-von-S\u00fcden2_Klein.jpg\"><img loading=\"lazy\" decoding=\"async\" aria-describedby=\"caption-attachment-7301\" class=\"size-large wp-image-7301\" src=\"https:\/\/wohnprojektbadbramstedt.de\/wp-content\/uploads\/2018\/11\/20181117_Ansicht-von-S\u00fcden2_Klein-1024x499.jpg\" alt=\"\" width=\"640\" height=\"312\" srcset=\"https:\/\/wohnprojektbadbramstedt.de\/wp-content\/uploads\/2018\/11\/20181117_Ansicht-von-S\u00fcden2_Klein-1024x499.jpg 1024w, https:\/\/wohnprojektbadbramstedt.de\/wp-content\/uploads\/2018\/11\/20181117_Ansicht-von-S\u00fcden2_Klein-300x146.jpg 300w, https:\/\/wohnprojektbadbramstedt.de\/wp-content\/uploads\/2018\/11\/20181117_Ansicht-von-S\u00fcden2_Klein-768x374.jpg 768w\" sizes=\"auto, (max-width: 640px) 100vw, 640px\" \/><\/a><p id=\"caption-attachment-7301\" class=\"wp-caption-text\">Herbst 2018: Vergleich des nun realisierten Geb\u00e4udeensembles aus der gleichen Perspektive wie in der ersten Visualisierung<\/p><\/div>\n<p>Die Kunst unserer Architekten Sch\u00fclke und Mumm war es, die Gestaltungsidee im Kopf zu behalten, aber dennoch alle notwendigen Ver\u00e4nderungen in ein\u00a0 stimmiges und praktikables Konzept zu bringen. Und dies ist nach Einsch\u00e4tzung unserer Baugruppe\u00a0 wirklich gut gelungen.<\/p>\n","protected":false},"excerpt":{"rendered":"<p>Nun ist der Herbst eingekehrt und die m\u00e4chtigen Ahornb\u00e4ume vor unserem Geb\u00e4udeensemble\u00a0 haben ihre Bl\u00e4tter verloren. Dies gibt uns die M\u00f6glichkeit, einmal vom gleichen Standort die erste Visualisierung unserer Architekten des Planungsrings Mumm+Partner\u00a0 GbR vom April 2013 mit dem im &hellip; <a href=\"https:\/\/wohnprojektbadbramstedt.de\/?p=7286\">Weiterlesen <span class=\"meta-nav\">&rarr;<\/span><\/a><\/p>\n","protected":false},"author":1,"featured_media":0,"comment_status":"closed","ping_status":"closed","sticky":false,"template":"","format":"standard","meta":{"footnotes":""},"categories":[27],"tags":[20,13,35,18,19],"class_list":["post-7286","post","type-post","status-publish","format-standard","hentry","category-bauen","tag-architekt","tag-bad-bramstedt","tag-bauen","tag-nachbarschaftlich","tag-wohnprojekt"],"_links":{"self":[{"href":"https:\/\/wohnprojektbadbramstedt.de\/index.php?rest_route=\/wp\/v2\/posts\/7286","targetHints":{"allow":["GET"]}}],"collection":[{"href":"https:\/\/wohnprojektbadbramstedt.de\/index.php?rest_route=\/wp\/v2\/posts"}],"about":[{"href":"https:\/\/wohnprojektbadbramstedt.de\/index.php?rest_route=\/wp\/v2\/types\/post"}],"author":[{"embeddable":true,"href":"https:\/\/wohnprojektbadbramstedt.de\/index.php?rest_route=\/wp\/v2\/users\/1"}],"replies":[{"embeddable":true,"href":"https:\/\/wohnprojektbadbramstedt.de\/index.php?rest_route=%2Fwp%2Fv2%2Fcomments&post=7286"}],"version-history":[{"count":12,"href":"https:\/\/wohnprojektbadbramstedt.de\/index.php?rest_route=\/wp\/v2\/posts\/7286\/revisions"}],"predecessor-version":[{"id":7311,"href":"https:\/\/wohnprojektbadbramstedt.de\/index.php?rest_route=\/wp\/v2\/posts\/7286\/revisions\/7311"}],"wp:attachment":[{"href":"https:\/\/wohnprojektbadbramstedt.de\/index.php?rest_route=%2Fwp%2Fv2%2Fmedia&parent=7286"}],"wp:term":[{"taxonomy":"category","embeddable":true,"href":"https:\/\/wohnprojektbadbramstedt.de\/index.php?rest_route=%2Fwp%2Fv2%2Fcategories&post=7286"},{"taxonomy":"post_tag","embeddable":true,"href":"https:\/\/wohnprojektbadbramstedt.de\/index.php?rest_route=%2Fwp%2Fv2%2Ftags&post=7286"}],"curies":[{"name":"wp","href":"https:\/\/api.w.org\/{rel}","templated":true}]}}