{"id":750,"date":"2013-06-27T09:31:11","date_gmt":"2013-06-27T09:31:11","guid":{"rendered":"http:\/\/wohnprojekt.wohnprojektbadbramstedt.de\/?p=750"},"modified":"2013-06-28T08:05:51","modified_gmt":"2013-06-28T08:05:51","slug":"stadtebaulicher-vertrag-in-der-abstimmung","status":"publish","type":"post","link":"https:\/\/wohnprojektbadbramstedt.de\/?p=750","title":{"rendered":"St\u00e4dtebaulicher Vertrag unterschrieben"},"content":{"rendered":"<div id=\"attachment_819\" style=\"width: 310px\" class=\"wp-caption alignleft\"><a href=\"https:\/\/wohnprojektbadbramstedt.de\/wp-content\/uploads\/2013\/04\/schloss-Kopie.jpg\"><img loading=\"lazy\" decoding=\"async\" aria-describedby=\"caption-attachment-819\" class=\"size-medium wp-image-819 \" alt=\"Planungs- und Hauptausschuss tagen im Schlo\u00df\" src=\"https:\/\/wohnprojektbadbramstedt.de\/wp-content\/uploads\/2013\/04\/schloss-Kopie-300x192.jpg\" width=\"300\" height=\"192\" srcset=\"https:\/\/wohnprojektbadbramstedt.de\/wp-content\/uploads\/2013\/04\/schloss-Kopie-300x192.jpg 300w, https:\/\/wohnprojektbadbramstedt.de\/wp-content\/uploads\/2013\/04\/schloss-Kopie-1024x658.jpg 1024w\" sizes=\"auto, (max-width: 300px) 100vw, 300px\" \/><\/a><p id=\"caption-attachment-819\" class=\"wp-caption-text\">Planungs- und Hauptausschuss, die von politischer Seite unser Projekt begleiten, tagen im Schlo\u00df<\/p><\/div>\n<p>Nachdem der <a href=\"http:\/\/wp.me\/p3hFsi-9E\">Planungsausschuss <\/a>im Januar 2013 dem erforderlichen Bauleitplanverfahren f\u00fcr das Grundst\u00fcck &#8222;Haus an den Auen&#8220; zugestimmt hat, musste nun zur Regelung der Details mit der Stadt ein &#8222;st\u00e4dtebaulicher Vertrag&#8220;\u00a0 geschlossen werden. In dem Vertrag wird unser &#8222;Vorhaben&#8220; also der Bau eines nachbarschaftlichen und generations\u00fcbergreifenden Wohnprojekts festgeschrieben und die \u00dcbernahme der Planungskosten durch den Vorhabenstr\u00e4ger erkl\u00e4rt. Der Abschluss des Vertrags hatte sich zun\u00e4chst wegen\u00a0 divergierender Auffassungen der Stadt zu einigen Vorschl\u00e4gen und dann wegen formal-juristischer Gr\u00fcnde einige Zeit hingezogen, ist aber nun unter &#8222;Dach und Fach&#8220;.<\/p>\n<p>Auf dieser Grundlage erfolgt nun die gemeinsame Planung, f\u00fcr die ein &#8222;Vorhaben- und Erschlie\u00dfungsplan&#8220; aufgestellt werden muss. Hieran sind von der Stadt beauftragte St\u00e4dte- und Grundplaner sowie unsere Architekten beteiligt. Die bisherigen Vorgespr\u00e4che lassen erwarten, dass alle Beteiligten &#8222;an einem Strang&#8220; ziehen werden, um ein f\u00fcr die Initiative, aber auch f\u00fcr Beh\u00f6rden und Politik akzeptables Ergebnis zu erreichen.<\/p>\n<p>Wir sind gespannt.<\/p>\n","protected":false},"excerpt":{"rendered":"<p>Nachdem der Planungsausschuss im Januar 2013 dem erforderlichen Bauleitplanverfahren f\u00fcr das Grundst\u00fcck &#8222;Haus an den Auen&#8220; zugestimmt hat, musste nun zur Regelung der Details mit der Stadt ein &#8222;st\u00e4dtebaulicher Vertrag&#8220;\u00a0 geschlossen werden. In dem Vertrag wird unser &#8222;Vorhaben&#8220; also der &hellip; <a href=\"https:\/\/wohnprojektbadbramstedt.de\/?p=750\">Weiterlesen <span class=\"meta-nav\">&rarr;<\/span><\/a><\/p>\n","protected":false},"author":1,"featured_media":0,"comment_status":"closed","ping_status":"closed","sticky":false,"template":"","format":"standard","meta":{"footnotes":""},"categories":[4],"tags":[13,21,14,15,18,19],"class_list":["post-750","post","type-post","status-publish","format-standard","hentry","category-behorden-und-politik","tag-bad-bramstedt","tag-bauleitplanverfahren","tag-generationsubergreifend","tag-genossenschaftliches-wohnen","tag-nachbarschaftlich","tag-wohnprojekt"],"_links":{"self":[{"href":"https:\/\/wohnprojektbadbramstedt.de\/index.php?rest_route=\/wp\/v2\/posts\/750","targetHints":{"allow":["GET"]}}],"collection":[{"href":"https:\/\/wohnprojektbadbramstedt.de\/index.php?rest_route=\/wp\/v2\/posts"}],"about":[{"href":"https:\/\/wohnprojektbadbramstedt.de\/index.php?rest_route=\/wp\/v2\/types\/post"}],"author":[{"embeddable":true,"href":"https:\/\/wohnprojektbadbramstedt.de\/index.php?rest_route=\/wp\/v2\/users\/1"}],"replies":[{"embeddable":true,"href":"https:\/\/wohnprojektbadbramstedt.de\/index.php?rest_route=%2Fwp%2Fv2%2Fcomments&post=750"}],"version-history":[{"count":31,"href":"https:\/\/wohnprojektbadbramstedt.de\/index.php?rest_route=\/wp\/v2\/posts\/750\/revisions"}],"predecessor-version":[{"id":1229,"href":"https:\/\/wohnprojektbadbramstedt.de\/index.php?rest_route=\/wp\/v2\/posts\/750\/revisions\/1229"}],"wp:attachment":[{"href":"https:\/\/wohnprojektbadbramstedt.de\/index.php?rest_route=%2Fwp%2Fv2%2Fmedia&parent=750"}],"wp:term":[{"taxonomy":"category","embeddable":true,"href":"https:\/\/wohnprojektbadbramstedt.de\/index.php?rest_route=%2Fwp%2Fv2%2Fcategories&post=750"},{"taxonomy":"post_tag","embeddable":true,"href":"https:\/\/wohnprojektbadbramstedt.de\/index.php?rest_route=%2Fwp%2Fv2%2Ftags&post=750"}],"curies":[{"name":"wp","href":"https:\/\/api.w.org\/{rel}","templated":true}]}}