{"id":7516,"date":"2019-04-04T12:50:07","date_gmt":"2019-04-04T10:50:07","guid":{"rendered":"http:\/\/wohnprojekt.wohnprojektbadbramstedt.de\/?p=7516"},"modified":"2019-04-27T11:05:44","modified_gmt":"2019-04-27T09:05:44","slug":"nachpflanzungen-abgeschlossen","status":"publish","type":"post","link":"https:\/\/wohnprojektbadbramstedt.de\/?p=7516","title":{"rendered":"Bauml\u00fccke geschlossen"},"content":{"rendered":"<div id=\"attachment_7517\" style=\"width: 310px\" class=\"wp-caption alignleft\"><a href=\"https:\/\/wohnprojektbadbramstedt.de\/wp-content\/uploads\/2019\/04\/DSC_3831_Ansicht-auf-Vorbau-nach-S\u00fcden-1.jpg\"><img loading=\"lazy\" decoding=\"async\" aria-describedby=\"caption-attachment-7517\" class=\"size-medium wp-image-7517\" src=\"https:\/\/wohnprojektbadbramstedt.de\/wp-content\/uploads\/2019\/04\/DSC_3831_Ansicht-auf-Vorbau-nach-S\u00fcden-1-300x287.jpg\" alt=\"\" width=\"300\" height=\"287\" srcset=\"https:\/\/wohnprojektbadbramstedt.de\/wp-content\/uploads\/2019\/04\/DSC_3831_Ansicht-auf-Vorbau-nach-S\u00fcden-1-300x287.jpg 300w, https:\/\/wohnprojektbadbramstedt.de\/wp-content\/uploads\/2019\/04\/DSC_3831_Ansicht-auf-Vorbau-nach-S\u00fcden-1-768x736.jpg 768w, https:\/\/wohnprojektbadbramstedt.de\/wp-content\/uploads\/2019\/04\/DSC_3831_Ansicht-auf-Vorbau-nach-S\u00fcden-1-1024x981.jpg 1024w, https:\/\/wohnprojektbadbramstedt.de\/wp-content\/uploads\/2019\/04\/DSC_3831_Ansicht-auf-Vorbau-nach-S\u00fcden-1.jpg 1238w\" sizes=\"auto, (max-width: 300px) 100vw, 300px\" \/><\/a><p id=\"caption-attachment-7517\" class=\"wp-caption-text\">Das ehemalige Haus an den Auen von S\u00fcden. Der 11,5m lange Anbau (vorn im Bild) wurde seitens des Landschaftsschutzes als &#8222;St\u00f6rung im naturnahen Niederungsraum&#8220; beanstandet.<\/p><\/div>\n<p>In den 50er oder 60er Jahren wurde das alte &#8222;Haus an den Auen&#8220; nach S\u00fcden durch einen eingeschossigen Vorbau erweitert, der\u00a0 die B\u00f6schung zum Wanderweg um rund 11,50m \u00fcberkragte.<\/p>\n<p>Dieser Anbau wurde von den Gr\u00fcngutachtern bei der Bestandsaufnahme im Rahmen der Bauleitplanung als baulicher S\u00fcndenfall empfunden; im Entwurf der Begr\u00fcndung des Bebauungsplans\u00a0 findet sich dazu folgende Einsch\u00e4tzung: &#8222;<em>Das B\u00f6schungsgeh\u00f6lz wird im S\u00fcden durch den eingeschossigen Vorbau des &#8218;Kurhaus an den Auen&#8216; durchbrochen. Dieser wirkt optisch als St\u00f6rung im naturnahen Niederungsraum, da er die nat\u00fcrliche Abgrenzung des Bewuchses an der Talkante durchbricht.&#8220;<\/em><\/p>\n<p>So haben wir uns 2014 mit den Beh\u00f6rden im Verfahren geeinigt, dass wir beim Neubau die Bauk\u00f6rper zur\u00fccksetzen und nach Abschluss des gesamten Bauvorhabens den landschaftlich wertvollen Streifen zum Landschaftschutzgebiet durch entsprechende Bepflanzung wieder herstellen. Nun konnten durch einen Fachbetrieb die letzten B\u00e4ume gepflanzt werden.<\/p>\n<div id=\"attachment_7522\" style=\"width: 650px\" class=\"wp-caption alignleft\"><a href=\"https:\/\/wohnprojektbadbramstedt.de\/wp-content\/uploads\/2019\/04\/IMG_20190404_Nachpflanzung-B\u00e4ume-1.jpg\"><img loading=\"lazy\" decoding=\"async\" aria-describedby=\"caption-attachment-7522\" class=\"size-large wp-image-7522\" src=\"https:\/\/wohnprojektbadbramstedt.de\/wp-content\/uploads\/2019\/04\/IMG_20190404_Nachpflanzung-B\u00e4ume-1-1024x456.jpg\" alt=\"\" width=\"640\" height=\"285\" srcset=\"https:\/\/wohnprojektbadbramstedt.de\/wp-content\/uploads\/2019\/04\/IMG_20190404_Nachpflanzung-B\u00e4ume-1-1024x456.jpg 1024w, https:\/\/wohnprojektbadbramstedt.de\/wp-content\/uploads\/2019\/04\/IMG_20190404_Nachpflanzung-B\u00e4ume-1-300x134.jpg 300w, https:\/\/wohnprojektbadbramstedt.de\/wp-content\/uploads\/2019\/04\/IMG_20190404_Nachpflanzung-B\u00e4ume-1-768x342.jpg 768w\" sizes=\"auto, (max-width: 640px) 100vw, 640px\" \/><\/a><p id=\"caption-attachment-7522\" class=\"wp-caption-text\">An der B\u00f6schung von unserem Grundst\u00fcck zum Auental werden durch die Pflanzung von Ebereschen die letzten L\u00fccken in der Baumreihe entlang des Wanderwegs geschlossen.<\/p><\/div>\n<p>&nbsp;<\/p>\n<p>&nbsp;<\/p>\n","protected":false},"excerpt":{"rendered":"<p>In den 50er oder 60er Jahren wurde das alte &#8222;Haus an den Auen&#8220; nach S\u00fcden durch einen eingeschossigen Vorbau erweitert, der\u00a0 die B\u00f6schung zum Wanderweg um rund 11,50m \u00fcberkragte. Dieser Anbau wurde von den Gr\u00fcngutachtern bei der Bestandsaufnahme im Rahmen &hellip; <a href=\"https:\/\/wohnprojektbadbramstedt.de\/?p=7516\">Weiterlesen <span class=\"meta-nav\">&rarr;<\/span><\/a><\/p>\n","protected":false},"author":1,"featured_media":0,"comment_status":"closed","ping_status":"closed","sticky":false,"template":"","format":"standard","meta":{"footnotes":""},"categories":[4,38],"tags":[13,21,45,18,19],"class_list":["post-7516","post","type-post","status-publish","format-standard","hentry","category-behorden-und-politik","category-gartengestaltung","tag-bad-bramstedt","tag-bauleitplanverfahren","tag-landschaftsschutz","tag-nachbarschaftlich","tag-wohnprojekt"],"_links":{"self":[{"href":"https:\/\/wohnprojektbadbramstedt.de\/index.php?rest_route=\/wp\/v2\/posts\/7516","targetHints":{"allow":["GET"]}}],"collection":[{"href":"https:\/\/wohnprojektbadbramstedt.de\/index.php?rest_route=\/wp\/v2\/posts"}],"about":[{"href":"https:\/\/wohnprojektbadbramstedt.de\/index.php?rest_route=\/wp\/v2\/types\/post"}],"author":[{"embeddable":true,"href":"https:\/\/wohnprojektbadbramstedt.de\/index.php?rest_route=\/wp\/v2\/users\/1"}],"replies":[{"embeddable":true,"href":"https:\/\/wohnprojektbadbramstedt.de\/index.php?rest_route=%2Fwp%2Fv2%2Fcomments&post=7516"}],"version-history":[{"count":13,"href":"https:\/\/wohnprojektbadbramstedt.de\/index.php?rest_route=\/wp\/v2\/posts\/7516\/revisions"}],"predecessor-version":[{"id":7546,"href":"https:\/\/wohnprojektbadbramstedt.de\/index.php?rest_route=\/wp\/v2\/posts\/7516\/revisions\/7546"}],"wp:attachment":[{"href":"https:\/\/wohnprojektbadbramstedt.de\/index.php?rest_route=%2Fwp%2Fv2%2Fmedia&parent=7516"}],"wp:term":[{"taxonomy":"category","embeddable":true,"href":"https:\/\/wohnprojektbadbramstedt.de\/index.php?rest_route=%2Fwp%2Fv2%2Fcategories&post=7516"},{"taxonomy":"post_tag","embeddable":true,"href":"https:\/\/wohnprojektbadbramstedt.de\/index.php?rest_route=%2Fwp%2Fv2%2Ftags&post=7516"}],"curies":[{"name":"wp","href":"https:\/\/api.w.org\/{rel}","templated":true}]}}