{"id":7844,"date":"2019-07-22T10:55:10","date_gmt":"2019-07-22T08:55:10","guid":{"rendered":"http:\/\/wohnprojekt.wohnprojektbadbramstedt.de\/?p=7844"},"modified":"2019-07-22T10:55:10","modified_gmt":"2019-07-22T08:55:10","slug":"moeglichkeiten-professioneller-und-nachbarschaftlicher-unterstuetzung","status":"publish","type":"post","link":"https:\/\/wohnprojektbadbramstedt.de\/?p=7844","title":{"rendered":"M\u00f6glichkeiten professioneller und nachbarschaftlicher Unterst\u00fctzung"},"content":{"rendered":"<div id=\"attachment_7846\" style=\"width: 267px\" class=\"wp-caption alignleft\"><a href=\"https:\/\/wohnprojektbadbramstedt.de\/wp-content\/uploads\/2019\/07\/IMG_20190718_Mildenberger-vor-Chart-2-1.jpg\"><img loading=\"lazy\" decoding=\"async\" aria-describedby=\"caption-attachment-7846\" class=\"size-medium wp-image-7846\" src=\"https:\/\/wohnprojektbadbramstedt.de\/wp-content\/uploads\/2019\/07\/IMG_20190718_Mildenberger-vor-Chart-2-1-257x300.jpg\" alt=\"\" width=\"257\" height=\"300\" srcset=\"https:\/\/wohnprojektbadbramstedt.de\/wp-content\/uploads\/2019\/07\/IMG_20190718_Mildenberger-vor-Chart-2-1-257x300.jpg 257w, https:\/\/wohnprojektbadbramstedt.de\/wp-content\/uploads\/2019\/07\/IMG_20190718_Mildenberger-vor-Chart-2-1-768x897.jpg 768w, https:\/\/wohnprojektbadbramstedt.de\/wp-content\/uploads\/2019\/07\/IMG_20190718_Mildenberger-vor-Chart-2-1-877x1024.jpg 877w, https:\/\/wohnprojektbadbramstedt.de\/wp-content\/uploads\/2019\/07\/IMG_20190718_Mildenberger-vor-Chart-2-1.jpg 2009w\" sizes=\"auto, (max-width: 257px) 100vw, 257px\" \/><\/a><p id=\"caption-attachment-7846\" class=\"wp-caption-text\">Ulrich Mildenberger, Leiter des Pflegest\u00fctzpunkts im Kreises Segeberg im Vortrag \u00fcber professionelle und nachbarschaftliche Hilfen<\/p><\/div>\n<p>Wir sind im Wohnprojekt mit der Idee angetreten, gute Nachbarschaft zu pflegen, uns gegenseitig zu unterst\u00fctzen und Menschen mit Einschr\u00e4nkungen gleichberechtigt teilhaben zu lassen.<\/p>\n<p>Dazu haben wir im Projekt zum einen die r\u00e4umlichen und technischen Voraussetzungen geschaffen: wir haben den Bau und das Grundst\u00fcck so angelegt, dass alles auch mit Rollstuhl, Rollator oder wenn es einem schlecht geht, zu nutzen ist. Zum anderen k\u00fcmmern wir uns um eine gute Nachbarschaft mit gemeinsamen Aktivit\u00e4ten und wechselseitiger Unterst\u00fctzung. Klar war auch, an welchem Punkt Profis aus Pflege und Medizin \u00fcbernehmen m\u00fcssen und wir uns eher um das soziale Miteinander k\u00fcmmern. Siehe dazu auch Punkt 5 unsere bereits 2012 <a href=\"https:\/\/wohnprojektbadbramstedt.de\/?page_id=10\">formulierten Ziele<\/a>.<\/p>\n<p>Es zeigt sich im nun schon eineinhalbj\u00e4hrigen Zusammenleben, dass Alltagshilfe f\u00fcr alle selbstverst\u00e4ndlich sind und sich mittlerweile ein gutes Netzwerk gebildet hat. Viele der Bewohner haben sich aus diesen Gr\u00fcnden bewusst f\u00fcr dieses Wohnprojekt entschieden, um selbst\u00e4ndig und selbstbestimmt auch mit Einschr\u00e4nkungen in der eigenen Wohnung leben zu k\u00f6nnen.<\/p>\n<p>Zur Vertiefung dieses Thema hatten wir am 18. Juli zu einer Veranstaltung <em>\u201eWas ist, wenn ein Nachbar Hilfe ben\u00f6tigt?\u201c<\/em> eingeladen. Herrn Mildenberger als langj\u00e4hriger Leiter des <a href=\"https:\/\/www.pflegestuetzpunkt-se.de\/\">Pflegest\u00fctzpunktes im Kreis Segeberg<\/a> stimmte uns auf das Thema mit seinem Vortrag ein.\u00a0 Er gab uns einen guten \u00dcberblick \u00fcber die unterschiedlichen pflegerischen und unterst\u00fctzenden Angebote in Bramstedt , an wen man sich wenden kann und welche Leistungen und Zusch\u00fcsse durch Kranken- und Pflegekasse sowie andere Stellen gew\u00e4hrt werden. Er betonte auch die wichtige Rolle eines unterst\u00fctzenden nachbarschaftlichen Netzwerks.<\/p>\n<p>Mit 25 Bewohnern und Nachbarn haben wir dann diskutiert, was nachbarschaftliche Hilfe leisten kann, wo Grenzen sind und welche Angebote professioneller Versorgung es gibt. Dies war f\u00fcr uns alle interessant und hilfreich.<\/p>\n<div id=\"attachment_7847\" style=\"width: 650px\" class=\"wp-caption alignleft\"><a href=\"https:\/\/wohnprojektbadbramstedt.de\/wp-content\/uploads\/2019\/07\/IMG_20190718_Vortrag-Mildenberger-2-1.jpg\"><img loading=\"lazy\" decoding=\"async\" aria-describedby=\"caption-attachment-7847\" class=\"size-large wp-image-7847\" src=\"https:\/\/wohnprojektbadbramstedt.de\/wp-content\/uploads\/2019\/07\/IMG_20190718_Vortrag-Mildenberger-2-1-1024x405.jpg\" alt=\"\" width=\"640\" height=\"253\" srcset=\"https:\/\/wohnprojektbadbramstedt.de\/wp-content\/uploads\/2019\/07\/IMG_20190718_Vortrag-Mildenberger-2-1-1024x405.jpg 1024w, https:\/\/wohnprojektbadbramstedt.de\/wp-content\/uploads\/2019\/07\/IMG_20190718_Vortrag-Mildenberger-2-1-300x119.jpg 300w, https:\/\/wohnprojektbadbramstedt.de\/wp-content\/uploads\/2019\/07\/IMG_20190718_Vortrag-Mildenberger-2-1-768x304.jpg 768w\" sizes=\"auto, (max-width: 640px) 100vw, 640px\" \/><\/a><p id=\"caption-attachment-7847\" class=\"wp-caption-text\">Ulrich Mildenberger gibt unserer Gruppe und weiteren eingeladenen Nachbarn und Freunden im Rahmen des Vortrags einen \u00dcberblick \u00fcber Hilfs- und Unterst\u00fctzungsangebote<\/p><\/div>\n","protected":false},"excerpt":{"rendered":"<p>Wir sind im Wohnprojekt mit der Idee angetreten, gute Nachbarschaft zu pflegen, uns gegenseitig zu unterst\u00fctzen und Menschen mit Einschr\u00e4nkungen gleichberechtigt teilhaben zu lassen. Dazu haben wir im Projekt zum einen die r\u00e4umlichen und technischen Voraussetzungen geschaffen: wir haben den &hellip; <a href=\"https:\/\/wohnprojektbadbramstedt.de\/?p=7844\">Weiterlesen <span class=\"meta-nav\">&rarr;<\/span><\/a><\/p>\n","protected":false},"author":1,"featured_media":0,"comment_status":"closed","ping_status":"closed","sticky":false,"template":"","format":"standard","meta":{"footnotes":""},"categories":[41,9],"tags":[18,48,33,19],"class_list":["post-7844","post","type-post","status-publish","format-standard","hentry","category-gemeinschaftsleben","category-kooperationspartner","tag-nachbarschaftlich","tag-pflege","tag-wohnen-im-alter","tag-wohnprojekt"],"_links":{"self":[{"href":"https:\/\/wohnprojektbadbramstedt.de\/index.php?rest_route=\/wp\/v2\/posts\/7844","targetHints":{"allow":["GET"]}}],"collection":[{"href":"https:\/\/wohnprojektbadbramstedt.de\/index.php?rest_route=\/wp\/v2\/posts"}],"about":[{"href":"https:\/\/wohnprojektbadbramstedt.de\/index.php?rest_route=\/wp\/v2\/types\/post"}],"author":[{"embeddable":true,"href":"https:\/\/wohnprojektbadbramstedt.de\/index.php?rest_route=\/wp\/v2\/users\/1"}],"replies":[{"embeddable":true,"href":"https:\/\/wohnprojektbadbramstedt.de\/index.php?rest_route=%2Fwp%2Fv2%2Fcomments&post=7844"}],"version-history":[{"count":3,"href":"https:\/\/wohnprojektbadbramstedt.de\/index.php?rest_route=\/wp\/v2\/posts\/7844\/revisions"}],"predecessor-version":[{"id":7851,"href":"https:\/\/wohnprojektbadbramstedt.de\/index.php?rest_route=\/wp\/v2\/posts\/7844\/revisions\/7851"}],"wp:attachment":[{"href":"https:\/\/wohnprojektbadbramstedt.de\/index.php?rest_route=%2Fwp%2Fv2%2Fmedia&parent=7844"}],"wp:term":[{"taxonomy":"category","embeddable":true,"href":"https:\/\/wohnprojektbadbramstedt.de\/index.php?rest_route=%2Fwp%2Fv2%2Fcategories&post=7844"},{"taxonomy":"post_tag","embeddable":true,"href":"https:\/\/wohnprojektbadbramstedt.de\/index.php?rest_route=%2Fwp%2Fv2%2Ftags&post=7844"}],"curies":[{"name":"wp","href":"https:\/\/api.w.org\/{rel}","templated":true}]}}