{"id":7852,"date":"2019-07-10T10:42:44","date_gmt":"2019-07-10T08:42:44","guid":{"rendered":"http:\/\/wohnprojekt.wohnprojektbadbramstedt.de\/?p=7852"},"modified":"2019-11-01T11:33:59","modified_gmt":"2019-11-01T09:33:59","slug":"jahresversammlung-unserer-wohnungseigentuemergemeinschaft","status":"publish","type":"post","link":"https:\/\/wohnprojektbadbramstedt.de\/?p=7852","title":{"rendered":"Jahresversammlung unserer Wohnungseigent\u00fcmergemeinschaft"},"content":{"rendered":"<p>In unserm Wohnprojekt haben wir angesichts der verschiedenen W\u00fcnsche unserer Mitglieder sowohl Mietwohnungen wie auch Eigentumswohnungen. Daf\u00fcr hatten wir 2015\u00a0 eine <a href=\"https:\/\/wohnprojektbadbramstedt.de\/?p=3237\">Genossenschaft<\/a> gegr\u00fcndet, die die Mietwohnungen betreibt, sowie 2016 eine <a href=\"https:\/\/wohnprojektbadbramstedt.de\/?p=4501\">Wohnungseigent\u00fcmergemeinschaft <\/a>(WEG) in der die Genossenschaft als als Mehrheitsgesellschafter, sowie die Einzeleigent\u00fcmer organisiert sind.<\/p>\n<div id=\"attachment_7854\" style=\"width: 310px\" class=\"wp-caption alignleft\"><a href=\"https:\/\/wohnprojektbadbramstedt.de\/wp-content\/uploads\/2019\/07\/IMG_20190624_170431-WEG-Versammlung-3_Korrektur-1.jpg\"><img loading=\"lazy\" decoding=\"async\" aria-describedby=\"caption-attachment-7854\" class=\"size-medium wp-image-7854\" src=\"https:\/\/wohnprojektbadbramstedt.de\/wp-content\/uploads\/2019\/07\/IMG_20190624_170431-WEG-Versammlung-3_Korrektur-1-300x194.jpg\" alt=\"\" width=\"300\" height=\"194\" srcset=\"https:\/\/wohnprojektbadbramstedt.de\/wp-content\/uploads\/2019\/07\/IMG_20190624_170431-WEG-Versammlung-3_Korrektur-1-300x194.jpg 300w, https:\/\/wohnprojektbadbramstedt.de\/wp-content\/uploads\/2019\/07\/IMG_20190624_170431-WEG-Versammlung-3_Korrektur-1-768x497.jpg 768w, https:\/\/wohnprojektbadbramstedt.de\/wp-content\/uploads\/2019\/07\/IMG_20190624_170431-WEG-Versammlung-3_Korrektur-1-1024x662.jpg 1024w\" sizes=\"auto, (max-width: 300px) 100vw, 300px\" \/><\/a><p id=\"caption-attachment-7854\" class=\"wp-caption-text\">Die j\u00e4hrliche Gesellschafterversammlung der Wohungseigent\u00fcmergemeinschaft &#8222;Haus an den Auen&#8220; fand unter Regie des Verwalters Thomas Wiese (Mitte) und des Verwaltungsbeiratsvorsitzenden Joachim Josenhans (links) statt. Rechts Lars Schumann, unser Ansprechpartner in der WEG-Verwaltung.<\/p><\/div>\n<p>In einer WEG kommen die Gesellschafter j\u00e4hrlich, diesmal am 24.06.2019, zu einer Gesellschafter-versammlung zusammen, die durch die WEG-Verwaltung und den Verwaltungsbeirat vorbereitet wird. Der Beirat pr\u00fcft den Jahresabschluss und insbesondere die Nebenkostenabrechnung des vergangenen Jahres. Man bespricht den neuen Wirtschaftsplan und schaut, was ggf. an Investitionen zu t\u00e4tigen ist.<\/p>\n<p>Bei unseren Gesellschafterversammlungen sind die Einzeleigent\u00fcmer jeweils mit einer Stimme, sowie die Genossenschaft &#8211; repr\u00e4sentiert durch den Vorstand &#8211; mit je einer Stimme pro Mietwohnung vertreten. Abschluss, Pl\u00e4ne und Vorschl\u00e4ge werden den Gesellschaftern in der Versammlung zur Diskussion und Abstimmung vorgelegt.<\/p>\n<div id=\"attachment_7853\" style=\"width: 650px\" class=\"wp-caption alignleft\"><a href=\"https:\/\/wohnprojektbadbramstedt.de\/wp-content\/uploads\/2019\/07\/IMG_20190624_170431-WEG-Versammlung-2-1.jpg\"><img loading=\"lazy\" decoding=\"async\" aria-describedby=\"caption-attachment-7853\" class=\"size-large wp-image-7853\" src=\"https:\/\/wohnprojektbadbramstedt.de\/wp-content\/uploads\/2019\/07\/IMG_20190624_170431-WEG-Versammlung-2-1-1024x466.jpg\" alt=\"\" width=\"640\" height=\"291\" srcset=\"https:\/\/wohnprojektbadbramstedt.de\/wp-content\/uploads\/2019\/07\/IMG_20190624_170431-WEG-Versammlung-2-1-1024x466.jpg 1024w, https:\/\/wohnprojektbadbramstedt.de\/wp-content\/uploads\/2019\/07\/IMG_20190624_170431-WEG-Versammlung-2-1-300x137.jpg 300w, https:\/\/wohnprojektbadbramstedt.de\/wp-content\/uploads\/2019\/07\/IMG_20190624_170431-WEG-Versammlung-2-1-768x350.jpg 768w\" sizes=\"auto, (max-width: 640px) 100vw, 640px\" \/><\/a><p id=\"caption-attachment-7853\" class=\"wp-caption-text\">Die Gesellschafterversammlung tagt in unserm sch\u00f6nen Gemeinschaftsraum. Vertreten sind alle Wohnungseigent\u00fcmer und der Vorstand der Genossenschaft, in derem Eigentum die Mietwohnungen sind.<\/p><\/div>\n","protected":false},"excerpt":{"rendered":"<p>In unserm Wohnprojekt haben wir angesichts der verschiedenen W\u00fcnsche unserer Mitglieder sowohl Mietwohnungen wie auch Eigentumswohnungen. Daf\u00fcr hatten wir 2015\u00a0 eine Genossenschaft gegr\u00fcndet, die die Mietwohnungen betreibt, sowie 2016 eine Wohnungseigent\u00fcmergemeinschaft (WEG) in der die Genossenschaft als als Mehrheitsgesellschafter, sowie &hellip; <a href=\"https:\/\/wohnprojektbadbramstedt.de\/?p=7852\">Weiterlesen <span class=\"meta-nav\">&rarr;<\/span><\/a><\/p>\n","protected":false},"author":1,"featured_media":0,"comment_status":"closed","ping_status":"closed","sticky":false,"template":"","format":"standard","meta":{"footnotes":""},"categories":[41,29],"tags":[15,18,19,49],"class_list":["post-7852","post","type-post","status-publish","format-standard","hentry","category-gemeinschaftsleben","category-genossenschaft","tag-genossenschaftliches-wohnen","tag-nachbarschaftlich","tag-wohnprojekt","tag-wohnungseigentuemergemeinschaft"],"_links":{"self":[{"href":"https:\/\/wohnprojektbadbramstedt.de\/index.php?rest_route=\/wp\/v2\/posts\/7852","targetHints":{"allow":["GET"]}}],"collection":[{"href":"https:\/\/wohnprojektbadbramstedt.de\/index.php?rest_route=\/wp\/v2\/posts"}],"about":[{"href":"https:\/\/wohnprojektbadbramstedt.de\/index.php?rest_route=\/wp\/v2\/types\/post"}],"author":[{"embeddable":true,"href":"https:\/\/wohnprojektbadbramstedt.de\/index.php?rest_route=\/wp\/v2\/users\/1"}],"replies":[{"embeddable":true,"href":"https:\/\/wohnprojektbadbramstedt.de\/index.php?rest_route=%2Fwp%2Fv2%2Fcomments&post=7852"}],"version-history":[{"count":8,"href":"https:\/\/wohnprojektbadbramstedt.de\/index.php?rest_route=\/wp\/v2\/posts\/7852\/revisions"}],"predecessor-version":[{"id":7974,"href":"https:\/\/wohnprojektbadbramstedt.de\/index.php?rest_route=\/wp\/v2\/posts\/7852\/revisions\/7974"}],"wp:attachment":[{"href":"https:\/\/wohnprojektbadbramstedt.de\/index.php?rest_route=%2Fwp%2Fv2%2Fmedia&parent=7852"}],"wp:term":[{"taxonomy":"category","embeddable":true,"href":"https:\/\/wohnprojektbadbramstedt.de\/index.php?rest_route=%2Fwp%2Fv2%2Fcategories&post=7852"},{"taxonomy":"post_tag","embeddable":true,"href":"https:\/\/wohnprojektbadbramstedt.de\/index.php?rest_route=%2Fwp%2Fv2%2Ftags&post=7852"}],"curies":[{"name":"wp","href":"https:\/\/api.w.org\/{rel}","templated":true}]}}