{"id":8032,"date":"2019-12-18T11:45:59","date_gmt":"2019-12-18T09:45:59","guid":{"rendered":"https:\/\/wohnprojekt.wohnprojektbadbramstedt.de\/?p=8032"},"modified":"2019-12-18T11:45:59","modified_gmt":"2019-12-18T09:45:59","slug":"lebendiger-adventskalender-wir-waren-dabei","status":"publish","type":"post","link":"https:\/\/wohnprojektbadbramstedt.de\/?p=8032","title":{"rendered":"Lebendiger Adventskalender &#8211; wir waren dabei!"},"content":{"rendered":"<div id=\"attachment_8033\" style=\"width: 310px\" class=\"wp-caption alignleft\"><a href=\"https:\/\/wohnprojektbadbramstedt.de\/wp-content\/uploads\/2019\/12\/DSC_5002-1-scaled.jpg\"><img loading=\"lazy\" decoding=\"async\" aria-describedby=\"caption-attachment-8033\" class=\"size-medium wp-image-8033\" src=\"https:\/\/wohnprojektbadbramstedt.de\/wp-content\/uploads\/2019\/12\/DSC_5002-1-300x166.jpg\" alt=\"\" width=\"300\" height=\"166\" srcset=\"https:\/\/wohnprojektbadbramstedt.de\/wp-content\/uploads\/2019\/12\/DSC_5002-1-300x166.jpg 300w, https:\/\/wohnprojektbadbramstedt.de\/wp-content\/uploads\/2019\/12\/DSC_5002-1-1024x568.jpg 1024w, https:\/\/wohnprojektbadbramstedt.de\/wp-content\/uploads\/2019\/12\/DSC_5002-1-768x426.jpg 768w, https:\/\/wohnprojektbadbramstedt.de\/wp-content\/uploads\/2019\/12\/DSC_5002-1-1536x852.jpg 1536w, https:\/\/wohnprojektbadbramstedt.de\/wp-content\/uploads\/2019\/12\/DSC_5002-1-2048x1136.jpg 2048w\" sizes=\"auto, (max-width: 300px) 100vw, 300px\" \/><\/a><p id=\"caption-attachment-8033\" class=\"wp-caption-text\">Unser Chor beim Auftritt beim &#8222;Lebendigen Adventkalender&#8220;<\/p><\/div>\n<p><em>&#8222;Vom 02. bis zum 23. Dezember 2019 wird es jeweils\u00a0montags bis freitags einen \u201elebendiger Adventskalender\u201c im Stadtzentrum von Bad Bramstedt geben. Vor der historischen Roland-Statue wird jeden Abend\u00a0um 18:30 Uhr ein Kalender-T\u00fcrchen ge\u00f6ffnet. Hinter den T\u00fcrchen verbergen sich &#8222;lebendige&#8220; Advents\u00fcberraschungen: weihnachtliche Lesungen, kleine Auff\u00fchrungen, Weihnachtslieder und vieles mehr.\u00a0<\/em><br \/>\n<em>Alle Bad Bramstedter und alle G\u00e4ste der Stadt sind herzlich eingeladen, sich bei Gl\u00fchwein, Kinderpunsch und Bratw\u00fcrstchen in gem\u00fctlicher Runde auf die Weihnachtszeit einzustimmen.&#8220;<\/em><\/p>\n<div id=\"attachment_8035\" style=\"width: 310px\" class=\"wp-caption alignleft\"><a href=\"https:\/\/wohnprojektbadbramstedt.de\/wp-content\/uploads\/2019\/12\/IMG_20191118_170912-1-scaled.jpg\"><img loading=\"lazy\" decoding=\"async\" aria-describedby=\"caption-attachment-8035\" class=\"size-medium wp-image-8035\" src=\"https:\/\/wohnprojektbadbramstedt.de\/wp-content\/uploads\/2019\/12\/IMG_20191118_170912-1-300x111.jpg\" alt=\"\" width=\"300\" height=\"111\" srcset=\"https:\/\/wohnprojektbadbramstedt.de\/wp-content\/uploads\/2019\/12\/IMG_20191118_170912-1-300x111.jpg 300w, https:\/\/wohnprojektbadbramstedt.de\/wp-content\/uploads\/2019\/12\/IMG_20191118_170912-1-1024x380.jpg 1024w, https:\/\/wohnprojektbadbramstedt.de\/wp-content\/uploads\/2019\/12\/IMG_20191118_170912-1-768x285.jpg 768w, https:\/\/wohnprojektbadbramstedt.de\/wp-content\/uploads\/2019\/12\/IMG_20191118_170912-1-1536x571.jpg 1536w, https:\/\/wohnprojektbadbramstedt.de\/wp-content\/uploads\/2019\/12\/IMG_20191118_170912-1-2048x761.jpg 2048w\" sizes=\"auto, (max-width: 300px) 100vw, 300px\" \/><\/a><p id=\"caption-attachment-8035\" class=\"wp-caption-text\">Chorprobe im Gemeinschaftsraum unseres Hauses an den Auen mit unserer Chorleiterin Christa Blietz (hinten rechts)<\/p><\/div>\n<p>Diesem Aufruf der Stadt Bad Bramstedt haben wir uns gern angeschlossen und uns mit Weihnachtsliedern und einer Weihnachtsgeschiche angemeldet &#8211; hatten wir doch das Gl\u00fcck, dass sich in unseren Reihen mit Christa Blietz eine ausgebildete Chorleiterin befindet, die in ihrer ehemaligen Heimat Brandenburg \u00fcber zwanzig Jahre einen Chor gef\u00fchrt hatte. \u00dcber vier Wochen trafen wir uns jeden Montag zu einem &#8222;hartes Training&#8220; &#8211; hatte doch viele von uns noch nie in einem Chor gesungen. Einstudiert hatten wir in zwei- bzw. dreistimmigen S\u00e4tzen &#8222;Oh du stille Zeit&#8220; nach einem Text von Joseph von Eichendorff, &#8222;Still senkt sich die Nacht hernieder&#8220; und das bekannte Lied &#8222;Frohe Weihnachten&#8220; mit einem Vorspiel auf dem Akordeon. Nachdem anfangs alles noch ziemlich schr\u00e4g klang, hat es unsere Chorleiterin mit viel Geduld und Zuspruch geschafft, dass wir bei der Generalprobe am 16.12.19 mit einem guten Gef\u00fchl in die Auff\u00fchrung am Abend gehen konnten.<\/p>\n<p>Und der Auftritt war ein voller Erfolg und fand gro\u00dfen Zuspruch bei ca. 40-50 Bad Bramstedtern, die sich auf dem Weihnachtsmarkt eingefunden hatten; darunter auch die B\u00fcrgermeisterin und die Stadtverordneten vor ihrer Sitzung im Schloss.<\/p>\n<p>Das hat Freude gemacht und uns motiviert, auch weiterhin bei eigenen Festen und Anl\u00e4ssen das eine oder andere Lied zu singen.<\/p>\n<div id=\"attachment_8034\" style=\"width: 650px\" class=\"wp-caption alignleft\"><a href=\"https:\/\/wohnprojektbadbramstedt.de\/wp-content\/uploads\/2019\/12\/IMG_1799-1-scaled.jpg\"><img loading=\"lazy\" decoding=\"async\" aria-describedby=\"caption-attachment-8034\" class=\"size-large wp-image-8034\" src=\"https:\/\/wohnprojektbadbramstedt.de\/wp-content\/uploads\/2019\/12\/IMG_1799-1-1024x478.jpg\" alt=\"\" width=\"640\" height=\"299\" srcset=\"https:\/\/wohnprojektbadbramstedt.de\/wp-content\/uploads\/2019\/12\/IMG_1799-1-1024x478.jpg 1024w, https:\/\/wohnprojektbadbramstedt.de\/wp-content\/uploads\/2019\/12\/IMG_1799-1-300x140.jpg 300w, https:\/\/wohnprojektbadbramstedt.de\/wp-content\/uploads\/2019\/12\/IMG_1799-1-768x358.jpg 768w, https:\/\/wohnprojektbadbramstedt.de\/wp-content\/uploads\/2019\/12\/IMG_1799-1-1536x717.jpg 1536w, https:\/\/wohnprojektbadbramstedt.de\/wp-content\/uploads\/2019\/12\/IMG_1799-1-2048x956.jpg 2048w\" sizes=\"auto, (max-width: 640px) 100vw, 640px\" \/><\/a><p id=\"caption-attachment-8034\" class=\"wp-caption-text\">Ein voller Erfolg: unser Beitrag unter dem Roland auf einem weihnachtlich geschm\u00fcckten Bleeck<\/p><\/div>\n","protected":false},"excerpt":{"rendered":"<p>&#8222;Vom 02. bis zum 23. Dezember 2019 wird es jeweils\u00a0montags bis freitags einen \u201elebendiger Adventskalender\u201c im Stadtzentrum von Bad Bramstedt geben. Vor der historischen Roland-Statue wird jeden Abend\u00a0um 18:30 Uhr ein Kalender-T\u00fcrchen ge\u00f6ffnet. Hinter den T\u00fcrchen verbergen sich &#8222;lebendige&#8220; Advents\u00fcberraschungen: &hellip; <a href=\"https:\/\/wohnprojektbadbramstedt.de\/?p=8032\">Weiterlesen <span class=\"meta-nav\">&rarr;<\/span><\/a><\/p>\n","protected":false},"author":1,"featured_media":0,"comment_status":"closed","ping_status":"closed","sticky":false,"template":"","format":"standard","meta":{"footnotes":""},"categories":[41],"tags":[53,13,18,19],"class_list":["post-8032","post","type-post","status-publish","format-standard","hentry","category-gemeinschaftsleben","tag-advent","tag-bad-bramstedt","tag-nachbarschaftlich","tag-wohnprojekt"],"_links":{"self":[{"href":"https:\/\/wohnprojektbadbramstedt.de\/index.php?rest_route=\/wp\/v2\/posts\/8032","targetHints":{"allow":["GET"]}}],"collection":[{"href":"https:\/\/wohnprojektbadbramstedt.de\/index.php?rest_route=\/wp\/v2\/posts"}],"about":[{"href":"https:\/\/wohnprojektbadbramstedt.de\/index.php?rest_route=\/wp\/v2\/types\/post"}],"author":[{"embeddable":true,"href":"https:\/\/wohnprojektbadbramstedt.de\/index.php?rest_route=\/wp\/v2\/users\/1"}],"replies":[{"embeddable":true,"href":"https:\/\/wohnprojektbadbramstedt.de\/index.php?rest_route=%2Fwp%2Fv2%2Fcomments&post=8032"}],"version-history":[{"count":8,"href":"https:\/\/wohnprojektbadbramstedt.de\/index.php?rest_route=\/wp\/v2\/posts\/8032\/revisions"}],"predecessor-version":[{"id":8043,"href":"https:\/\/wohnprojektbadbramstedt.de\/index.php?rest_route=\/wp\/v2\/posts\/8032\/revisions\/8043"}],"wp:attachment":[{"href":"https:\/\/wohnprojektbadbramstedt.de\/index.php?rest_route=%2Fwp%2Fv2%2Fmedia&parent=8032"}],"wp:term":[{"taxonomy":"category","embeddable":true,"href":"https:\/\/wohnprojektbadbramstedt.de\/index.php?rest_route=%2Fwp%2Fv2%2Fcategories&post=8032"},{"taxonomy":"post_tag","embeddable":true,"href":"https:\/\/wohnprojektbadbramstedt.de\/index.php?rest_route=%2Fwp%2Fv2%2Ftags&post=8032"}],"curies":[{"name":"wp","href":"https:\/\/api.w.org\/{rel}","templated":true}]}}