{"id":8053,"date":"2019-12-27T11:26:52","date_gmt":"2019-12-27T09:26:52","guid":{"rendered":"https:\/\/wohnprojekt.wohnprojektbadbramstedt.de\/?p=8053"},"modified":"2019-12-29T11:35:18","modified_gmt":"2019-12-29T09:35:18","slug":"holz-metall-zweirad-unsere-projektwerkstatt","status":"publish","type":"post","link":"https:\/\/wohnprojektbadbramstedt.de\/?p=8053","title":{"rendered":"Holz, Metall, Zweirad: unsere Projektwerkstatt"},"content":{"rendered":"<p>In der Planung unseres Projekts gab es von Anfang an den Wunsch nach einer eigenen Werkstatt, da wir zum einen alle hausmeisterlichen T\u00e4tigkeiten im Haus selbst machen wollten, zum anderen viele von uns Spass an der Arbeit mit den eigenen H\u00e4nden haben.<\/p>\n<div id=\"attachment_8045\" style=\"width: 310px\" class=\"wp-caption alignleft\"><a href=\"https:\/\/wohnprojektbadbramstedt.de\/wp-content\/uploads\/2019\/12\/IMG_20191125_Dietmar-vor-Werkbank-1-1-scaled.jpg\"><img loading=\"lazy\" decoding=\"async\" aria-describedby=\"caption-attachment-8045\" class=\"size-medium wp-image-8045\" src=\"https:\/\/wohnprojektbadbramstedt.de\/wp-content\/uploads\/2019\/12\/IMG_20191125_Dietmar-vor-Werkbank-1-1-300x205.jpg\" alt=\"\" width=\"300\" height=\"205\" srcset=\"https:\/\/wohnprojektbadbramstedt.de\/wp-content\/uploads\/2019\/12\/IMG_20191125_Dietmar-vor-Werkbank-1-1-300x205.jpg 300w, https:\/\/wohnprojektbadbramstedt.de\/wp-content\/uploads\/2019\/12\/IMG_20191125_Dietmar-vor-Werkbank-1-1-1024x701.jpg 1024w, https:\/\/wohnprojektbadbramstedt.de\/wp-content\/uploads\/2019\/12\/IMG_20191125_Dietmar-vor-Werkbank-1-1-768x525.jpg 768w, https:\/\/wohnprojektbadbramstedt.de\/wp-content\/uploads\/2019\/12\/IMG_20191125_Dietmar-vor-Werkbank-1-1-1536x1051.jpg 1536w, https:\/\/wohnprojektbadbramstedt.de\/wp-content\/uploads\/2019\/12\/IMG_20191125_Dietmar-vor-Werkbank-1-1-2048x1401.jpg 2048w\" sizes=\"auto, (max-width: 300px) 100vw, 300px\" \/><\/a><p id=\"caption-attachment-8045\" class=\"wp-caption-text\">Dietmar Kraas ist als gelernter Zentralheizungs- und L\u00fcftungsbaumeister zust\u00e4ndig f\u00fcr den Metallbereich<\/p><\/div>\n<p>F\u00fcr handwerkliche Aktivit\u00e4ten hatten wir von daher einen eigenen gr\u00f6\u00dferen Raum im Erdgeschoss vorgesehen, den wir selbst gefliest und hergerichtet haben. Dies hat zwar einige Zeit gedauert, weil wir mit der Einrichtung und Gestaltung von Haus, Garten und Park gut besch\u00e4ftigt waren, aber nun ist das meiste geschaffft und wir konnten uns der Werkstatt widmen.<\/p>\n<p>Mit Spenden und Eigenleistung unserer Mitglieder wurden die Arbeitspl\u00e4tze St\u00fcck f\u00fcr St\u00fcck einrichten. Neben Bohrmaschinen, Trennschneider, Ketten-, Stich- und Kreiss\u00e4ge, Schleifmaschinen konnten wir auch aus einem reichen Angebot an H\u00e4mmern, Schraubendrehern, Schraubenschl\u00fcsseln, Hobeln, Gestell- und Gehrungss\u00e4gen, Stech- und Hohleisen, Winkeln, Zwingen die geeigneten Werkzeuge f\u00fcr die Werkstatt ausw\u00e4hlen.<\/p>\n<div id=\"attachment_8044\" style=\"width: 310px\" class=\"wp-caption alignleft\"><a href=\"https:\/\/wohnprojektbadbramstedt.de\/wp-content\/uploads\/2019\/12\/IMG_20191125_Dieter-vor-Werkbank-2-1-scaled.jpg\"><img loading=\"lazy\" decoding=\"async\" aria-describedby=\"caption-attachment-8044\" class=\"size-medium wp-image-8044\" src=\"https:\/\/wohnprojektbadbramstedt.de\/wp-content\/uploads\/2019\/12\/IMG_20191125_Dieter-vor-Werkbank-2-1-300x176.jpg\" alt=\"\" width=\"300\" height=\"176\" srcset=\"https:\/\/wohnprojektbadbramstedt.de\/wp-content\/uploads\/2019\/12\/IMG_20191125_Dieter-vor-Werkbank-2-1-300x176.jpg 300w, https:\/\/wohnprojektbadbramstedt.de\/wp-content\/uploads\/2019\/12\/IMG_20191125_Dieter-vor-Werkbank-2-1-1024x600.jpg 1024w, https:\/\/wohnprojektbadbramstedt.de\/wp-content\/uploads\/2019\/12\/IMG_20191125_Dieter-vor-Werkbank-2-1-768x450.jpg 768w, https:\/\/wohnprojektbadbramstedt.de\/wp-content\/uploads\/2019\/12\/IMG_20191125_Dieter-vor-Werkbank-2-1-1536x899.jpg 1536w, https:\/\/wohnprojektbadbramstedt.de\/wp-content\/uploads\/2019\/12\/IMG_20191125_Dieter-vor-Werkbank-2-1-2048x1199.jpg 2048w\" sizes=\"auto, (max-width: 300px) 100vw, 300px\" \/><\/a><p id=\"caption-attachment-8044\" class=\"wp-caption-text\">Dieter Mundt betreut als Hochbauingenieur mit vorheriger Ausbildung zum Bau- und M\u00f6beltischler den Holzbereich<\/p><\/div>\n<p>Viele Werkzeuge, die sich in der eigenen Wohnung oder dem eigenen Haus angesammelt hatte, ben\u00f6tigt man ja nur ganz selten oder nicht mehr. Da lag es auf der Hand, sie in die Werkstatt einzubringen. Bei Bedarf kann man darauf zur\u00fcckgreifen, sie stehen aber auch den anderen zur Verf\u00fcgung. Neudeutsch nennt man das ja &#8222;Sharing Economy&#8220;.<\/p>\n<p>F\u00fcr die Ausgestaltung der Werkstatt traf es sich gut, dass einige unserer Mitglieder aus einem handwerklichen oder technischen Hintergrund kommen, siehe die Vorstellung unter den Fotos.<\/p>\n<div id=\"attachment_8046\" style=\"width: 310px\" class=\"wp-caption alignleft\"><a href=\"https:\/\/wohnprojektbadbramstedt.de\/wp-content\/uploads\/2019\/12\/IMG_20191125_Graham-mit-Fahrrad-in-Werkstatt-1-scaled.jpg\"><img loading=\"lazy\" decoding=\"async\" aria-describedby=\"caption-attachment-8046\" class=\"size-medium wp-image-8046\" src=\"https:\/\/wohnprojektbadbramstedt.de\/wp-content\/uploads\/2019\/12\/IMG_20191125_Graham-mit-Fahrrad-in-Werkstatt-1-300x224.jpg\" alt=\"\" width=\"300\" height=\"224\" srcset=\"https:\/\/wohnprojektbadbramstedt.de\/wp-content\/uploads\/2019\/12\/IMG_20191125_Graham-mit-Fahrrad-in-Werkstatt-1-300x224.jpg 300w, https:\/\/wohnprojektbadbramstedt.de\/wp-content\/uploads\/2019\/12\/IMG_20191125_Graham-mit-Fahrrad-in-Werkstatt-1-1024x764.jpg 1024w, https:\/\/wohnprojektbadbramstedt.de\/wp-content\/uploads\/2019\/12\/IMG_20191125_Graham-mit-Fahrrad-in-Werkstatt-1-768x573.jpg 768w, https:\/\/wohnprojektbadbramstedt.de\/wp-content\/uploads\/2019\/12\/IMG_20191125_Graham-mit-Fahrrad-in-Werkstatt-1-1536x1145.jpg 1536w, https:\/\/wohnprojektbadbramstedt.de\/wp-content\/uploads\/2019\/12\/IMG_20191125_Graham-mit-Fahrrad-in-Werkstatt-1-2048x1527.jpg 2048w\" sizes=\"auto, (max-width: 300px) 100vw, 300px\" \/><\/a><p id=\"caption-attachment-8046\" class=\"wp-caption-text\">Graham Sharp ist als gelernter Werkstoffpr\u00fcfer und begeisterter (Renn-) Radfahrer Ansprechpartner rund um das Fahrrad<\/p><\/div>\n<p>Die ersten Projekte konnten wir nun in der eigenen Werkstatt schon umsetzen. Renner ist der Bau von Vogelh\u00e4uschen, aber auch die \u00dcberarbeitung unserer Gartenm\u00f6bel, der Bau von Akkustikelementen f\u00fcr den Gemeinschaftsraum, die Aufarbeitung von M\u00f6belst\u00fccken f\u00fcr die Enkelkinder und der Bau von Borden und Regalen f\u00fcr die eigene Wohnung stehen hoch im Kurs.<\/p>\n<p>Im Fr\u00fchjahr werden dann die Fahrr\u00e4der f\u00fcr die Saison vorbereitet. Und mit fachkundiger Hilfe und Anleitung macht es allen noch mehr Spass.<\/p>\n","protected":false},"excerpt":{"rendered":"<p>In der Planung unseres Projekts gab es von Anfang an den Wunsch nach einer eigenen Werkstatt, da wir zum einen alle hausmeisterlichen T\u00e4tigkeiten im Haus selbst machen wollten, zum anderen viele von uns Spass an der Arbeit mit den eigenen &hellip; <a href=\"https:\/\/wohnprojektbadbramstedt.de\/?p=8053\">Weiterlesen <span class=\"meta-nav\">&rarr;<\/span><\/a><\/p>\n","protected":false},"author":1,"featured_media":0,"comment_status":"closed","ping_status":"closed","sticky":false,"template":"","format":"standard","meta":{"footnotes":""},"categories":[41],"tags":[15,54,18,33,19],"class_list":["post-8053","post","type-post","status-publish","format-standard","hentry","category-gemeinschaftsleben","tag-genossenschaftliches-wohnen","tag-hndwerksarbeit","tag-nachbarschaftlich","tag-wohnen-im-alter","tag-wohnprojekt"],"_links":{"self":[{"href":"https:\/\/wohnprojektbadbramstedt.de\/index.php?rest_route=\/wp\/v2\/posts\/8053","targetHints":{"allow":["GET"]}}],"collection":[{"href":"https:\/\/wohnprojektbadbramstedt.de\/index.php?rest_route=\/wp\/v2\/posts"}],"about":[{"href":"https:\/\/wohnprojektbadbramstedt.de\/index.php?rest_route=\/wp\/v2\/types\/post"}],"author":[{"embeddable":true,"href":"https:\/\/wohnprojektbadbramstedt.de\/index.php?rest_route=\/wp\/v2\/users\/1"}],"replies":[{"embeddable":true,"href":"https:\/\/wohnprojektbadbramstedt.de\/index.php?rest_route=%2Fwp%2Fv2%2Fcomments&post=8053"}],"version-history":[{"count":9,"href":"https:\/\/wohnprojektbadbramstedt.de\/index.php?rest_route=\/wp\/v2\/posts\/8053\/revisions"}],"predecessor-version":[{"id":8070,"href":"https:\/\/wohnprojektbadbramstedt.de\/index.php?rest_route=\/wp\/v2\/posts\/8053\/revisions\/8070"}],"wp:attachment":[{"href":"https:\/\/wohnprojektbadbramstedt.de\/index.php?rest_route=%2Fwp%2Fv2%2Fmedia&parent=8053"}],"wp:term":[{"taxonomy":"category","embeddable":true,"href":"https:\/\/wohnprojektbadbramstedt.de\/index.php?rest_route=%2Fwp%2Fv2%2Fcategories&post=8053"},{"taxonomy":"post_tag","embeddable":true,"href":"https:\/\/wohnprojektbadbramstedt.de\/index.php?rest_route=%2Fwp%2Fv2%2Ftags&post=8053"}],"curies":[{"name":"wp","href":"https:\/\/api.w.org\/{rel}","templated":true}]}}