{"id":8641,"date":"2020-07-22T09:41:04","date_gmt":"2020-07-22T07:41:04","guid":{"rendered":"https:\/\/wohnprojekt.wohnprojektbadbramstedt.de\/?p=8641"},"modified":"2020-07-22T09:51:58","modified_gmt":"2020-07-22T07:51:58","slug":"5-jahre-genossenschaft-haus-an-den-auen","status":"publish","type":"post","link":"https:\/\/wohnprojektbadbramstedt.de\/?p=8641","title":{"rendered":"5 Jahre Genossenschaft Haus an den Auen"},"content":{"rendered":"<div id=\"attachment_8645\" style=\"width: 310px\" class=\"wp-caption alignleft\"><a href=\"https:\/\/wohnprojektbadbramstedt.de\/wp-content\/uploads\/2020\/07\/IMG_20200427_Blick-von-S\u00fcden-1-scaled.jpg\"><img loading=\"lazy\" decoding=\"async\" aria-describedby=\"caption-attachment-8645\" class=\"size-medium wp-image-8645\" src=\"https:\/\/wohnprojektbadbramstedt.de\/wp-content\/uploads\/2020\/07\/IMG_20200427_Blick-von-S\u00fcden-1-300x168.jpg\" alt=\"\" width=\"300\" height=\"168\" srcset=\"https:\/\/wohnprojektbadbramstedt.de\/wp-content\/uploads\/2020\/07\/IMG_20200427_Blick-von-S\u00fcden-1-300x168.jpg 300w, https:\/\/wohnprojektbadbramstedt.de\/wp-content\/uploads\/2020\/07\/IMG_20200427_Blick-von-S\u00fcden-1-1024x573.jpg 1024w, https:\/\/wohnprojektbadbramstedt.de\/wp-content\/uploads\/2020\/07\/IMG_20200427_Blick-von-S\u00fcden-1-768x429.jpg 768w, https:\/\/wohnprojektbadbramstedt.de\/wp-content\/uploads\/2020\/07\/IMG_20200427_Blick-von-S\u00fcden-1-1536x859.jpg 1536w, https:\/\/wohnprojektbadbramstedt.de\/wp-content\/uploads\/2020\/07\/IMG_20200427_Blick-von-S\u00fcden-1-2048x1145.jpg 2048w\" sizes=\"auto, (max-width: 300px) 100vw, 300px\" \/><\/a><p id=\"caption-attachment-8645\" class=\"wp-caption-text\">Beim Gang durch den Kurpark f\u00e4llt der Blick der Besucher auf unser neugebautes &#8222;Haus an den Auen&#8220;<\/p><\/div>\n<p>In der Vorbereitung unseres Wohnprojekts in Bad Bramstedt hatten wir am 7.06.2015 mit Hilfe des genossenschaftlichen Dachverbandes ZdK\u00a0 unsere Genossenschaft &#8222;Haus an den Auen&#8220; gegr\u00fcndet. Danach mussten die\u00a0 Gr\u00fcndungsunterlagen durch unseren genossenschaftlichen Pr\u00fcfverband PdK gepr\u00fcft werden und erst dann konnte die Eintragung in das Genossenschaftsregister erfolgen. Ein aufw\u00e4ndiges Verfahren, aber wichtig f\u00fcr die Seriosit\u00e4t der neuen Genossenschaft.<\/p>\n<p>Zum damaligen Zeitpunkt hatten wir uns bereits das Grundst\u00fcck durch einen Vorvertrag mit dem Eigent\u00fcmer Klinikum Bad Bramstedt gesichert, aber vieles war noch offen: der endg\u00fcltige Architektenentwurf, der Bauantrag, der Grundst\u00fcckskauf, die Finanzierung und die endg\u00fcltige Zusammensetzung der Bewohnerschaft. Viele Unw\u00e4gbarkeiten und Risiken, aber ein festes Vertrauen der Projektgruppe, dass wir das alles schaffen w\u00fcrden.<\/p>\n<p>Die Rechtsform Genossenschaft als Eigent\u00fcmerin der Mietwohnungen, des Gemeinschaftsraums und soziale Klammer f\u00fcr alle Gemeinschaftsaktivit\u00e4ten hatten wir gew\u00e4hlt, da die Prinzipien einer Genossenschaft uns f\u00fcr eine solidarische Organisation des Zusammenlebens am besten schienen: jede\/r ist gleichberechtigt, hat eine Stimme und kann an der Gemeinschaft mitwirken, egal wieviel Geld mitgebracht wird und wie gro\u00df die Wohnung ist.<\/p>\n<p>In den f\u00fcnf Jahren hat sich das Genossenschaftsmodell trotz des hohen Aufwands f\u00fcr eine professionelle Gesch\u00e4ftsf\u00fchrung bew\u00e4hrt und wird von den Mitgliedern gesch\u00e4tzt &#8211; was sich auch darin ausdr\u00fcckt, dass Aufsichtsrat und Vorstand seit f\u00fcnf Jahren weitgehend unver\u00e4ndert zusammenarbeiten. Die aktuelle Zusammensetzung von Aufsichtsrat und Vorstand findet sich im <a href=\"https:\/\/wohnprojektbadbramstedt.de\/?page_id=571\">Kontakt\/Impressum<\/a>. Hier die Gr\u00fcndungspersonen:<\/p>\n<div id=\"attachment_3241\" style=\"width: 310px\" class=\"wp-caption alignleft\"><a href=\"https:\/\/wohnprojektbadbramstedt.de\/wp-content\/uploads\/2015\/07\/DSC_4003-Kopie.jpg\"><img loading=\"lazy\" decoding=\"async\" aria-describedby=\"caption-attachment-3241\" class=\"size-medium wp-image-3241\" src=\"https:\/\/wohnprojektbadbramstedt.de\/wp-content\/uploads\/2015\/07\/DSC_4003-Kopie-300x230.jpg\" alt=\"\" width=\"300\" height=\"230\" srcset=\"https:\/\/wohnprojektbadbramstedt.de\/wp-content\/uploads\/2015\/07\/DSC_4003-Kopie-300x230.jpg 300w, https:\/\/wohnprojektbadbramstedt.de\/wp-content\/uploads\/2015\/07\/DSC_4003-Kopie-1024x786.jpg 1024w\" sizes=\"auto, (max-width: 300px) 100vw, 300px\" \/><\/a><p id=\"caption-attachment-3241\" class=\"wp-caption-text\">Der damalige Aufsichtsrat der Haus an den Auen eG: Gabriele Birke, Barbara Schlaghecke-Josenhans, Dietmar Kraas, Angelika Lahrs (Vorsitzende) und Berthold Krause<\/p><\/div>\n<div id=\"attachment_3243\" style=\"width: 310px\" class=\"wp-caption alignleft\"><a href=\"https:\/\/wohnprojektbadbramstedt.de\/wp-content\/uploads\/2015\/07\/DSC_4004-Kopie.jpg\"><img loading=\"lazy\" decoding=\"async\" aria-describedby=\"caption-attachment-3243\" class=\"size-medium wp-image-3243\" src=\"https:\/\/wohnprojektbadbramstedt.de\/wp-content\/uploads\/2015\/07\/DSC_4004-Kopie-300x254.jpg\" alt=\"\" width=\"300\" height=\"254\" srcset=\"https:\/\/wohnprojektbadbramstedt.de\/wp-content\/uploads\/2015\/07\/DSC_4004-Kopie-300x254.jpg 300w, https:\/\/wohnprojektbadbramstedt.de\/wp-content\/uploads\/2015\/07\/DSC_4004-Kopie-1024x866.jpg 1024w, https:\/\/wohnprojektbadbramstedt.de\/wp-content\/uploads\/2015\/07\/DSC_4004-Kopie.jpg 1550w\" sizes=\"auto, (max-width: 300px) 100vw, 300px\" \/><\/a><p id=\"caption-attachment-3243\" class=\"wp-caption-text\">Der damalige Vorstand der Haus an den Auen eG: Joachim Josenhans und Dirk M\u00f6hle (v.l.)<\/p><\/div>\n","protected":false},"excerpt":{"rendered":"<p>In der Vorbereitung unseres Wohnprojekts in Bad Bramstedt hatten wir am 7.06.2015 mit Hilfe des genossenschaftlichen Dachverbandes ZdK\u00a0 unsere Genossenschaft &#8222;Haus an den Auen&#8220; gegr\u00fcndet. Danach mussten die\u00a0 Gr\u00fcndungsunterlagen durch unseren genossenschaftlichen Pr\u00fcfverband PdK gepr\u00fcft werden und erst dann konnte &hellip; <a href=\"https:\/\/wohnprojektbadbramstedt.de\/?p=8641\">Weiterlesen <span class=\"meta-nav\">&rarr;<\/span><\/a><\/p>\n","protected":false},"author":1,"featured_media":0,"comment_status":"closed","ping_status":"closed","sticky":false,"template":"","format":"standard","meta":{"footnotes":""},"categories":[29],"tags":[13,15,18,19],"class_list":["post-8641","post","type-post","status-publish","format-standard","hentry","category-genossenschaft","tag-bad-bramstedt","tag-genossenschaftliches-wohnen","tag-nachbarschaftlich","tag-wohnprojekt"],"_links":{"self":[{"href":"https:\/\/wohnprojektbadbramstedt.de\/index.php?rest_route=\/wp\/v2\/posts\/8641","targetHints":{"allow":["GET"]}}],"collection":[{"href":"https:\/\/wohnprojektbadbramstedt.de\/index.php?rest_route=\/wp\/v2\/posts"}],"about":[{"href":"https:\/\/wohnprojektbadbramstedt.de\/index.php?rest_route=\/wp\/v2\/types\/post"}],"author":[{"embeddable":true,"href":"https:\/\/wohnprojektbadbramstedt.de\/index.php?rest_route=\/wp\/v2\/users\/1"}],"replies":[{"embeddable":true,"href":"https:\/\/wohnprojektbadbramstedt.de\/index.php?rest_route=%2Fwp%2Fv2%2Fcomments&post=8641"}],"version-history":[{"count":5,"href":"https:\/\/wohnprojektbadbramstedt.de\/index.php?rest_route=\/wp\/v2\/posts\/8641\/revisions"}],"predecessor-version":[{"id":8650,"href":"https:\/\/wohnprojektbadbramstedt.de\/index.php?rest_route=\/wp\/v2\/posts\/8641\/revisions\/8650"}],"wp:attachment":[{"href":"https:\/\/wohnprojektbadbramstedt.de\/index.php?rest_route=%2Fwp%2Fv2%2Fmedia&parent=8641"}],"wp:term":[{"taxonomy":"category","embeddable":true,"href":"https:\/\/wohnprojektbadbramstedt.de\/index.php?rest_route=%2Fwp%2Fv2%2Fcategories&post=8641"},{"taxonomy":"post_tag","embeddable":true,"href":"https:\/\/wohnprojektbadbramstedt.de\/index.php?rest_route=%2Fwp%2Fv2%2Ftags&post=8641"}],"curies":[{"name":"wp","href":"https:\/\/api.w.org\/{rel}","templated":true}]}}